{"id":63166,"date":"2023-09-07T13:04:50","date_gmt":"2023-09-07T16:04:50","guid":{"rendered":"https:\/\/vocesparalelas.com.ar\/sitio\/?p=63166"},"modified":"2023-09-10T23:35:12","modified_gmt":"2023-09-11T02:35:12","slug":"1o-festival-internacional-de-musica-de-camara-de-la-ffha-de-la-unsj","status":"publish","type":"post","link":"https:\/\/vocesparalelas.com.ar\/sitio\/1o-festival-internacional-de-musica-de-camara-de-la-ffha-de-la-unsj\/","title":{"rendered":"1\u00ba Festival Internacional de M\u00fasica de C\u00e1mara de la FFHA de la UNSJ"},"content":{"rendered":"<p>En el Foyer Sur del Auditorio \u201cJuan Victoria\u201d la Facultad de Filosof\u00eda, Humanidades y Artes de la UNSJ, el Centro de Creaci\u00f3n Art\u00edstico Orquestal, el Ministerio de Turismo y Cultura del Gobierno de San Juan se unieron para ofrecer una conferencia de prensa para anunciar el 1\u00ba Festival Internacional de M\u00fasica de C\u00e1mara de la FFHA de la UNSJ, del 7 de Septiembre al 25 de Octubre, a las 21 hs.; en el Auditorio \u201cJuan Victoria\u201d, en el marco del 50\u00b0 Aniversario de la Universidad Nacional de San Juan.<\/p>\n<p><img loading=\"lazy\" decoding=\"async\" class=\"alignnone size-full wp-image-63170\" src=\"https:\/\/vocesparalelas.com.ar\/sitio\/wp-content\/uploads\/2023\/09\/FFHA-CAMARA-02.jpg\" alt=\"\" width=\"800\" height=\"533\" srcset=\"https:\/\/vocesparalelas.com.ar\/sitio\/wp-content\/uploads\/2023\/09\/FFHA-CAMARA-02.jpg 800w, https:\/\/vocesparalelas.com.ar\/sitio\/wp-content\/uploads\/2023\/09\/FFHA-CAMARA-02-300x200.jpg 300w, https:\/\/vocesparalelas.com.ar\/sitio\/wp-content\/uploads\/2023\/09\/FFHA-CAMARA-02-768x512.jpg 768w\" sizes=\"auto, (max-width: 800px) 100vw, 800px\" \/><\/p>\n<p>Por ello, los integrantes del Centro de Creaci\u00f3n Art\u00edstico Orquestal, expresaron que el encuentro es con entrada libre y gratuita para disfrutar en familia con entrada libre y gratuita.<\/p>\n<p><iframe loading=\"lazy\" title=\"FFHA UNSJ\" width=\"800\" height=\"450\" src=\"https:\/\/www.youtube.com\/embed\/QAojyRdaApo?feature=oembed\" frameborder=\"0\" allow=\"accelerometer; autoplay; clipboard-write; encrypted-media; gyroscope; picture-in-picture; web-share\" allowfullscreen><\/iframe><\/p>\n<p>Luego, la Secretaria de Cultura del Ministerio de Turismo y Cultura del Gobierno de San Juan, Lic. Virginia Agote, quien remarc\u00f3 la importancia de unirse para lograr una transferencia a la comunidad que gusta de buena m\u00fasica.<\/p>\n<p><iframe loading=\"lazy\" title=\"FFHA UNSJ VIRGINIA AGOTE\" width=\"800\" height=\"450\" src=\"https:\/\/www.youtube.com\/embed\/vdEsgXT5qP8?feature=oembed\" frameborder=\"0\" allow=\"accelerometer; autoplay; clipboard-write; encrypted-media; gyroscope; picture-in-picture; web-share\" allowfullscreen><\/iframe><\/p>\n<p>Finalmente, la decana de la FFHA, Mg. Myriam Arrabal remarc\u00f3 que el Festival se convierte en mostrar a la comunidad las transferencias de aprendizajes que se realiza de la Unidad Acad\u00e9mica y fundamentalmente el trabajo que se realiza desde la Escuela de M\u00fasica, que cada vez se forman m\u00e1s grupos musicales de c\u00e1mara con diferentes instrumentos y que requiere un trabajo previo.<\/p>\n<p><iframe loading=\"lazy\" title=\"FFHA UNSJ DECANA MG MYRIAN ARRABAL\" width=\"800\" height=\"450\" src=\"https:\/\/www.youtube.com\/embed\/6UcTMnfEhi4?feature=oembed\" frameborder=\"0\" allow=\"accelerometer; autoplay; clipboard-write; encrypted-media; gyroscope; picture-in-picture; web-share\" allowfullscreen><\/iframe><\/p>\n<p>&nbsp;<\/p>\n<p>El festival reunir\u00e1 artistas de distintas regiones, creando un ambiente cultural enriquecedor y \u00fanico. Desde San Juan, Mendoza, Santa Fe y Chile, m\u00fasicos compartir\u00e1n sus interpretaciones y pasi\u00f3n por la m\u00fasica, llevando a los asistentes en un viaje sonoro sin igual.<\/p>\n<p><span style=\"color: #808000;\"><strong>Programa<\/strong><\/span><\/p>\n<ul>\n<li>Jueves, 07 de Septiembre, \u00abGuastavino en Zapatillas\u00bb, D\u00fao Lepe-Figueroa y Vocal Oasis, San Juan<\/li>\n<li>Mi\u00e9rcoles, 13 de Septiembre, Suite para Flauta y Tr\u00edo de Jazz &#8211; C. Bolling &#8211;\u00a0Jazz Cuv\u00e9e,\u00a0Mendoza<\/li>\n<li>Mi\u00e9rcoles, 20 de Septiembre,\u00a0Poulenc Sexteto + Mozart Quinteto,\u00a0Mendoza Piano and Winds, Mendoza<\/li>\n<li>Mi\u00e9rcoles, 27 de Septiembre, Cuarteto Tempo de Santa Fe<\/li>\n<li>Mi\u00e9rcoles, 05 de Octubre con el Cuarteto de Saxos de la UNSJ<\/li>\n<li>Mi\u00e9rcoles, 12 de Octubre, \u00abSincronismos\u00bb, Marcelo Gonz\u00e1lez, San Juan<\/li>\n<li>Mi\u00e9rcoles, 18 de Octubre, \u00abSuite Libertango\u201d de Astor Piazzolla, Ensamble Contrabando<\/li>\n<li>Mi\u00e9rcoles, 25 de Octubre, Grupo Percusi\u00f3n Valpara\u00edso de Chile<\/li>\n<\/ul>\n<p>&nbsp;<\/p>\n<p>&nbsp;<\/p>\n<p><img loading=\"lazy\" decoding=\"async\" class=\"alignnone size-full wp-image-61468\" src=\"https:\/\/vocesparalelas.com.ar\/sitio\/wp-content\/uploads\/2023\/07\/AUDITORIO-EDIFICIO.jpg\" alt=\"\" width=\"800\" height=\"533\" srcset=\"https:\/\/vocesparalelas.com.ar\/sitio\/wp-content\/uploads\/2023\/07\/AUDITORIO-EDIFICIO.jpg 800w, https:\/\/vocesparalelas.com.ar\/sitio\/wp-content\/uploads\/2023\/07\/AUDITORIO-EDIFICIO-300x200.jpg 300w, https:\/\/vocesparalelas.com.ar\/sitio\/wp-content\/uploads\/2023\/07\/AUDITORIO-EDIFICIO-768x512.jpg 768w\" sizes=\"auto, (max-width: 800px) 100vw, 800px\" \/><\/p>\n<p><img loading=\"lazy\" decoding=\"async\" class=\"alignnone size-full wp-image-60412\" src=\"https:\/\/vocesparalelas.com.ar\/sitio\/wp-content\/uploads\/2023\/06\/FFHA-EDIFICIO.jpg\" alt=\"\" width=\"800\" height=\"429\" srcset=\"https:\/\/vocesparalelas.com.ar\/sitio\/wp-content\/uploads\/2023\/06\/FFHA-EDIFICIO.jpg 800w, https:\/\/vocesparalelas.com.ar\/sitio\/wp-content\/uploads\/2023\/06\/FFHA-EDIFICIO-300x161.jpg 300w, https:\/\/vocesparalelas.com.ar\/sitio\/wp-content\/uploads\/2023\/06\/FFHA-EDIFICIO-768x412.jpg 768w\" sizes=\"auto, (max-width: 800px) 100vw, 800px\" \/><\/p>\n<p>&nbsp;<\/p>\n<p>&nbsp;<\/p>\n<p>&nbsp;<\/p>\n","protected":false},"excerpt":{"rendered":"<p>En el Foyer Sur del Auditorio \u201cJuan Victoria\u201d la Facultad de Filosof\u00eda, Humanidades y Artes de la UNSJ, el Centro<\/p>\n","protected":false},"author":3,"featured_media":63169,"comment_status":"closed","ping_status":"closed","sticky":false,"template":"","format":"standard","meta":{"_acf_changed":false,"_seopress_robots_primary_cat":"none","_seopress_titles_title":"","_seopress_titles_desc":"","_seopress_robots_index":"","colormag_page_container_layout":"default_layout","colormag_page_sidebar_layout":"default_layout","footnotes":""},"categories":[20,7],"tags":[],"class_list":["post-63166","post","type-post","status-publish","format-standard","has-post-thumbnail","hentry","category-cartelera","category-videos"],"acf":[],"_links":{"self":[{"href":"https:\/\/vocesparalelas.com.ar\/sitio\/wp-json\/wp\/v2\/posts\/63166","targetHints":{"allow":["GET"]}}],"collection":[{"href":"https:\/\/vocesparalelas.com.ar\/sitio\/wp-json\/wp\/v2\/posts"}],"about":[{"href":"https:\/\/vocesparalelas.com.ar\/sitio\/wp-json\/wp\/v2\/types\/post"}],"author":[{"embeddable":true,"href":"https:\/\/vocesparalelas.com.ar\/sitio\/wp-json\/wp\/v2\/users\/3"}],"replies":[{"embeddable":true,"href":"https:\/\/vocesparalelas.com.ar\/sitio\/wp-json\/wp\/v2\/comments?post=63166"}],"version-history":[{"count":1,"href":"https:\/\/vocesparalelas.com.ar\/sitio\/wp-json\/wp\/v2\/posts\/63166\/revisions"}],"predecessor-version":[{"id":63171,"href":"https:\/\/vocesparalelas.com.ar\/sitio\/wp-json\/wp\/v2\/posts\/63166\/revisions\/63171"}],"wp:featuredmedia":[{"embeddable":true,"href":"https:\/\/vocesparalelas.com.ar\/sitio\/wp-json\/wp\/v2\/media\/63169"}],"wp:attachment":[{"href":"https:\/\/vocesparalelas.com.ar\/sitio\/wp-json\/wp\/v2\/media?parent=63166"}],"wp:term":[{"taxonomy":"category","embeddable":true,"href":"https:\/\/vocesparalelas.com.ar\/sitio\/wp-json\/wp\/v2\/categories?post=63166"},{"taxonomy":"post_tag","embeddable":true,"href":"https:\/\/vocesparalelas.com.ar\/sitio\/wp-json\/wp\/v2\/tags?post=63166"}],"curies":[{"name":"wp","href":"https:\/\/api.w.org\/{rel}","templated":true}]}}