{"id":63162,"date":"2023-09-06T23:16:43","date_gmt":"2023-09-07T02:16:43","guid":{"rendered":"https:\/\/vocesparalelas.com.ar\/sitio\/?p=63162"},"modified":"2023-09-10T23:35:41","modified_gmt":"2023-09-11T02:35:41","slug":"agenda-cultural-del-teatro-sarmiento-de-san-juan","status":"publish","type":"post","link":"https:\/\/vocesparalelas.com.ar\/sitio\/agenda-cultural-del-teatro-sarmiento-de-san-juan\/","title":{"rendered":"Agenda Cultural del Teatro Sarmiento de San Juan"},"content":{"rendered":"<p>El ministerio de Turismo y Cultura del Gobierno de San Juan, a trav\u00e9s del Teatro Sarmiento, prepar\u00f3 una grilla de interesantes y variadas propuestas que salen a escena para disfrutarlas en el transcurso del mes.<\/p>\n<p>Una de las primeras propuestas es la obra infantil\u00a0\u201cUn cuento para Carola\u201d, que comenz\u00f3 el Martes, 5 y se extiende hasta el Viernes, 8 de Septiembre.<\/p>\n<p>Esta obra pedag\u00f3gica est\u00e1 dirigida a ni\u00f1os de jard\u00edn de infantes hasta 2\u00b0 a\u00f1o de primaria. Adem\u00e1s, es una obra escrita por la directora Diana Vargas de Basualdo, que trata sobre las estaciones del a\u00f1o y que se va viviendo en cada una de ellas. Una producci\u00f3n musical, y actoral que tiene como protagonistas a las maestras que forman parte del elenco vocacional de maestras jardineras con la participaci\u00f3n de un actor invitado Marcelo Villanueva.<\/p>\n<p>Es importante aclarar que la inscripci\u00f3n es exclusivamente para escuelas y no est\u00e1 abierta al p\u00fablico en general. Martes a Jueves habr\u00e1 doble funci\u00f3n a las 10 y 14 horas. Viernes \u00fanica funci\u00f3n a las 10 hs.<\/p>\n<p>El S\u00e1bado, 9 de Septiembre, llega la obra \u201cInigualables\u201d, donde Carmen Barbieri, Nito Artaza y Miguel \u00c1ngel Cherutti comparten escenario en el marco de una gira por las grandes ciudades de Argentina y Sudam\u00e9rica. Estos tres genios del humor han garantizado a lo largo de los a\u00f1os una experiencia teatral \u00fanica. En esta ocasi\u00f3n, vuelven a San Juan y se presentan en el Teatro Sarmiento con su nuevo espect\u00e1culo cargado de humor, m\u00fasica e imitaciones.<\/p>\n<p>Con este show, Carmen se reencuentra en escena con el baile, el mon\u00f3logo y su humor picaresco. Mientras Artaza presenta su cat\u00e1logo de imitaciones de figuras del deporte, la pol\u00edtica y la far\u00e1ndula, incluso tom\u00e1ndose el pelo a s\u00ed mismo. Por su parte, Cherutti muestra su renovada galer\u00eda donde incorpora nuevos homenajes musicales, sumando a Fito P\u00e1ez o Luis Miguel, pero sin olvidar sus cl\u00e1sicos. De esta combinaci\u00f3n resulta un show con un fuerte sabor a revista.<\/p>\n<p>Es la \u00fanica funci\u00f3n a las 21:30 y apta para todo p\u00fablico. Las entradas est\u00e1n a la venta a trav\u00e9s de <a href=\"http:\/\/www.entradaweb.com.ar\/\">www.entradaweb.com.ar<\/a>.<\/p>\n<p><strong><span style=\"color: #008000;\">Precios<\/span><\/strong><\/p>\n<ul>\n<li>Platea Baja &#8211; Filas 01 a 15: $8.000<\/li>\n<li>Platea Baja &#8211; Filas 16 a 20: $7.000<\/li>\n<li>Pullman A: Fila 21 a 24: $5.000<\/li>\n<li>Pullman B: Fila 25 a 28: $4.000<\/li>\n<li>Gradas: $3.500<\/li>\n<\/ul>\n<p>La m\u00fasica llega al Teatro Sarmiento el Domingo, 10de Septiembre, con la presentaci\u00f3n de Destino San Javier, uno de los grupos musicales m\u00e1s reconocidos del pa\u00eds en el marco de su gira nacional. \u00a1Ven\u00ed a disfrutar una noche incre\u00edble con tus cantantes preferidos!<\/p>\n<p>\u00danica funci\u00f3n 20:30 horas \u2013 Apto para todo p\u00fablico.<\/p>\n<p>Entradas disponibles a trav\u00e9s de www.entradaweb.com.ar.<\/p>\n<p><strong><span style=\"color: #008000;\">Precios<\/span><\/strong><\/p>\n<ul>\n<li>Platea VIP (filas 01 a 10): $10000<\/li>\n<li>Platea (filas 11 a 20): $8000<\/li>\n<li>Pullman: $6500.<\/li>\n<\/ul>\n<p>Del\u00a0lunes 11 al domingo 17 de Septiembre, se realiza en el teatro el hist\u00f3rico Certamen Internacional de Danzas \u201cAldanzar\u201d, el cual se realiza hace 18 a\u00f1os en la provincia de San Juan y tiene sus ediciones tambi\u00e9n en las provincias de Mendoza y San Luis. El concurso cuenta con las modalidades Danza Cl\u00e1sica, Contempor\u00e1neo, Jazz, Danza \u00c1rabe, Danzas Espa\u00f1olas y Folklore.<\/p>\n<p>Aldanzar se desarrolla a lo largo de varios d\u00edas, d\u00f3nde participan alrededor de 900 bailarines en total repartidos en todas las jornadas.<\/p>\n<p>Como cada a\u00f1o el certamen cuenta con destacados jurados Internacionales e importantes becas de Estudios y premios en efectivo. Participan en este Certamen bailarines de todo el pa\u00eds, promoviendo interesantemente el Turismo y el Arte en nuestra provincia.<\/p>\n<p><strong><span style=\"color: #008000;\">Horarios<\/span><\/strong><\/p>\n<ul>\n<li>Lunes de 17 a 22<\/li>\n<li>Martes de 9 a 14 y de 17 a 22<\/li>\n<li>Mi\u00e9rcoles de 9 a 14 y de 17 a 22<\/li>\n<li>Jueves de 9 a 14 y de 17 a 22<\/li>\n<li>Viernes de 8:30 a 14<\/li>\n<li>S\u00e1bado de 12 a 22<\/li>\n<li>Domingo de 12 a 22.<\/li>\n<\/ul>\n<p>La venta de entradas es por boleter\u00eda del Teatro durante el certamen.<\/p>\n<p>El Viernes, 15 de Septiembre, Pilar Sordo, psic\u00f3loga cl\u00ednica, investigadora, columnista, conferencista internacional y escritora de obras literarias destacadas. \u00abEl gran desaf\u00edo de hoy es entender la felicidad como una decisi\u00f3n que asocia el buen ejercicio de la libertad y la fuerza de voluntad para lograr ese objetivo y transitar situaciones dif\u00edciles.\u00bb<\/p>\n<p>El tema \u201cC\u00f3mo ser feliz en tiempos dif\u00edciles\u201d, conferencia premiada por Naciones Unidas, est\u00e1 presente en el nuevo libro de Pilar Sordo, correspondiente a su investigaci\u00f3n m\u00e1s reciente. \u00a1No te pierdas esta conferencia \u00fanica de la mano de la premiada psic\u00f3loga!<\/p>\n<p>Es la \u00fanica funci\u00f3n a las 21:30 y apta para todo p\u00fablico. Entradas a la venta a trav\u00e9s de<\/p>\n<p><a href=\"http:\/\/www.entradaweb.com.ar\">http:\/\/www.entradaweb.com.ar<\/a><\/p>\n<p><strong><span style=\"color: #008000;\">Precios<\/span><\/strong><\/p>\n<ul>\n<li>Platea Baja (filas 01 a 10): $9000<\/li>\n<li>Platea Baja (filas 11 a 20): $8000<\/li>\n<li>Pullman: $7000.<\/li>\n<\/ul>\n<p>El Lunes, 18 de Septiembre, desde las 21 hs. es la muestra art\u00edstica final del Colegio San Valentin, denominada \u201cSo\u00f1ando por Siempre\u201d. Esta instituci\u00f3n posee un perfil art\u00edstico, donde los estudiantes demuestran en una representaci\u00f3n lo aprendido en danza y teatro durante su a\u00f1o escolar.<\/p>\n<p>El Mi\u00e9rcoles, 20 de Septiembre, har\u00e1 su presentaci\u00f3n\u00a0\u201cQuasi de Notre Dame\u201d, una obra declarada de inter\u00e9s educativo y cultural por el poder legislativo y el ministerio de educaci\u00f3n de la provincia. Esta obra est\u00e1 destinada a escuelas y p\u00fablico en general.<\/p>\n<p>Es una puesta en escena que muestra c\u00f3mo el amor lucha contra la discriminaci\u00f3n de aquellos que, por ser diferentes, sufren marginaci\u00f3n. Adem\u00e1s, expone claramente los conflictos que por discriminaci\u00f3n se viven diariamente. Promueve el respeto, la tolerancia y el amor como v\u00ednculo sanador.<\/p>\n<p>Es una excelente oportunidad para que los ni\u00f1os y j\u00f3venes (hasta tercer a\u00f1o) disfruten de una hermosa obra y del gran mensaje que deja, ya que ser\u00e1 actuada por ni\u00f1os y adolescentes.<\/p>\n<p>\u00danica funci\u00f3n a las 15 con un valor de entrada de $1000. La venta de las mismas v\u00eda telef\u00f3nica al 2644742549 \/ 2645064217.<\/p>\n<p>La Funci\u00f3n de la\u00a0Muestra Anual\u00a0de Danzas Folcl\u00f3ricas y Tango del Instituto de Danzas\u00a0\u201cRoc\u00edo\u201d est\u00e1 programada para el Viernes, 22 de Septiembre, \u00abHistorietas\u00bb y se realiza un recorrido por las Historietas tradicionales Argentinas a trav\u00e9s de la danza Folcl\u00f3rica estilizada y el Tango.<\/p>\n<p>La misma est\u00e1 abierta al p\u00fablico y la venta de entradas anticipadas ser\u00e1 en el Instituto Roc\u00edo, Cte. Cabot 112 &#8211; O &#8211;\u00a0 Rawson o el d\u00eda de la Funci\u00f3n en el Teatro Sarmiento, una hora antes de la Funci\u00f3n.<\/p>\n<ul>\n<li>Valor: $2000 (hasta la fila 5) y<\/li>\n<li>$1500 (fila 6 en adelante).<\/li>\n<\/ul>\n<p>El S\u00e1bado 23 de Septiembre, hay danza de la mano de las primeras figuras del Teatro Col\u00f3n. \u201cBuenos Aires Ballet\u201d ser\u00e1 un espect\u00e1culo renovado de puros cl\u00e1sicos, con la mejor parte de cada uno, y con los mejores bailarines de Argentina. Buenos Aires Ballet es una compa\u00f1\u00eda formada por Federico Fern\u00e1ndez, Primer Bailar\u00edn del Teatro Col\u00f3n, impulsado por la necesidad de hacer llegar el arte del ballet cl\u00e1sico a los m\u00e1s diversos escenarios del pa\u00eds y la regi\u00f3n.<\/p>\n<p>El espect\u00e1culo consiste en una gala con los mejores Pas des deux del repertorio internacional interpretado por los m\u00e1s prestigiosos bailarines de los primeros coliseos latinoamericanos.<\/p>\n<p>Primeras figuras del Teatro Col\u00f3n, Teatro Argentino de La Plata, Nacional \u00abDanza\u00bb, Metropolitano y Teatro Municipal de R\u00edo de Janeiro se han reunido con el objetivo de brindar un espect\u00e1culo de alta calidad art\u00edstica y sobre todo con la pulsi\u00f3n de bailar para aquellas personas interesadas en el valor de la belleza y en la sutil sensibilidad de este arte, que surge de un largo camino de dedicaci\u00f3n y exigencia con la convicci\u00f3n de comunicarse a trav\u00e9s de la danza.<\/p>\n<p>Es la \u00fanica funci\u00f3n a las 21 hs, apta para todo p\u00fablico, y las entradas est\u00e1n disponibles a trav\u00e9s de<\/p>\n<p><a href=\"http:\/\/www.entradaweb.com.ar\">http:\/\/www.entradaweb.com.ar<\/a><\/p>\n<p><strong><span style=\"color: #008000;\">Valores<\/span><\/strong><\/p>\n<ul>\n<li>Platea Baja (filas 01 a 15): $8.500<\/li>\n<li>Platea Baja (filas 16 a 20): $7.500<\/li>\n<li>Pullman (fila 21 a 24): $6.000<\/li>\n<li>Pullman (fila 25 a 28): $5.000<\/li>\n<\/ul>\n<p>La \u00faltima semana de agosto comenzar\u00e1 el\u00a0domingo 24 de Septiembre,\u00a0\u00a0con la gala de cierre del certamen\u00a0\u201cAldanzar\u201d\u00a0donde los bailarines, ganadores de cada categor\u00eda, pondr\u00e1n en escena un show \u00fanico. La venta de entradas se realizar\u00e1 por boleter\u00eda del teatro durante el certamen.<\/p>\n<p>El Martes, 26 de Septiembre, llega la funci\u00f3n art\u00edstica\u00a0\u201cKala\u201d del Instituto de Danza Bald\u00ed Mi Tierra. En la muestra anual no solo se hablar\u00e1 del sentimiento hacia un lugar, sino a todos aquellos que forman parte de sus vidas. C\u00f3mo cada uno aporta un granito de arena para transformar sus d\u00edas, y hacer ver lo importante que es cada uno y quienes nos rodean. Porque, sin ellos, la vida no tiene esos condimentos que necesitamos para seguir adelante&#8230; Todo lo malo pasa y lo bueno siempre queda en nuestros corazones. Habr\u00e1 una \u00fanica funci\u00f3n desde las 20:30.<\/p>\n<p>El Jueves, 28 de Septiembre, \u201cPasiones Regionales\u201d, una puesta en escena realizada por j\u00f3venes y docentes de la instituci\u00f3n APADIM. Hogar Escuela APADIM es una instituci\u00f3n dedicada al abordaje educativo terap\u00e9utico de j\u00f3venes adultos con discapacidad mental moderada y severa.<\/p>\n<p>La obra teatral est\u00e1 abierta a familiares de alumnos de la instituci\u00f3n y p\u00fablico en general.<\/p>\n<p>Para m\u00e1s informaci\u00f3n, consultar v\u00eda Instagram @teatrosarmiento.<\/p>\n<p>Finalmente, el S\u00e1bado, 30 de Septiembre y Domingo, 1 de Octubre, llega al Teatro Sarmiento \u00abHotel Miranda!\u00bb, que abre sus puertas presentando su exitoso \u00faltimo\u00a0disco. Ser\u00e1 una mega producci\u00f3n musical con elementos teatrales, que narra una historia desarrollada dentro de un incre\u00edble hotel en el que Ale y Juli, encarnando a los particulares due\u00f1os del lugar, controlan todos los movimientos y check in.<\/p>\n<p>Como las distintas partes del hotel, cada canci\u00f3n cuenta con un artista invitado, un hu\u00e9sped con el que interact\u00faan a trav\u00e9s de proyecciones, en este viaje \u00fanico y lleno del mejor pop. El show revisita los cl\u00e1sicos de\u00a0Miranda!, as\u00ed como joyas ocultas, siempre sorprendiendo.<\/p>\n<p>Cabe destacar que el \u00e1lbum \u201cHotel Miranda!\u201d lleva al momento m\u00e1s de 300 millones de reproducciones en stream, logrando ser uno de los trabajos discogr\u00e1ficos m\u00e1s exitosos de la banda en su carrera. En \u00e9l, el d\u00fao se une a exponentes de la nueva generaci\u00f3n como Mar\u00eda Becerra, FMK, Catriel, Emilia, Bandalos Chinos, Sof\u00eda Reyes, Francisca Valenzuela, Juan Ingaramo y grandes \u00eddolos de la canci\u00f3n popular como Cristian Castro, Chano, Andr\u00e9s Calamaro, Lali y Emanuel Horvilleur.<\/p>\n<p>Miranda!\u00a0eligi\u00f3, de su incontable cantidad de hits, doce de ellos para reversionar junto a una gran variedad de artistas y productores, convirtiendo esta obra en una de las m\u00e1s escuchadas en la actualidad.<\/p>\n<p>Son cuatro funciones aptas para todo p\u00fablico.<\/p>\n<p>S\u00e1bado, 30 de Septiembre, a las 19 y 22 horas.<\/p>\n<p>Domingo, 01 de Octubre, a las 18 y 21 horas.<\/p>\n<p>Las entradas est\u00e1n agotadas.<\/p>\n","protected":false},"excerpt":{"rendered":"<p>El ministerio de Turismo y Cultura del Gobierno de San Juan, a trav\u00e9s del Teatro Sarmiento, prepar\u00f3 una grilla de<\/p>\n","protected":false},"author":3,"featured_media":15615,"comment_status":"closed","ping_status":"closed","sticky":false,"template":"","format":"standard","meta":{"_acf_changed":false,"_seopress_robots_primary_cat":"none","_seopress_titles_title":"","_seopress_titles_desc":"","_seopress_robots_index":"","colormag_page_container_layout":"default_layout","colormag_page_sidebar_layout":"default_layout","footnotes":""},"categories":[20],"tags":[],"class_list":["post-63162","post","type-post","status-publish","format-standard","has-post-thumbnail","hentry","category-cartelera"],"acf":[],"_links":{"self":[{"href":"https:\/\/vocesparalelas.com.ar\/sitio\/wp-json\/wp\/v2\/posts\/63162","targetHints":{"allow":["GET"]}}],"collection":[{"href":"https:\/\/vocesparalelas.com.ar\/sitio\/wp-json\/wp\/v2\/posts"}],"about":[{"href":"https:\/\/vocesparalelas.com.ar\/sitio\/wp-json\/wp\/v2\/types\/post"}],"author":[{"embeddable":true,"href":"https:\/\/vocesparalelas.com.ar\/sitio\/wp-json\/wp\/v2\/users\/3"}],"replies":[{"embeddable":true,"href":"https:\/\/vocesparalelas.com.ar\/sitio\/wp-json\/wp\/v2\/comments?post=63162"}],"version-history":[{"count":1,"href":"https:\/\/vocesparalelas.com.ar\/sitio\/wp-json\/wp\/v2\/posts\/63162\/revisions"}],"predecessor-version":[{"id":63165,"href":"https:\/\/vocesparalelas.com.ar\/sitio\/wp-json\/wp\/v2\/posts\/63162\/revisions\/63165"}],"wp:featuredmedia":[{"embeddable":true,"href":"https:\/\/vocesparalelas.com.ar\/sitio\/wp-json\/wp\/v2\/media\/15615"}],"wp:attachment":[{"href":"https:\/\/vocesparalelas.com.ar\/sitio\/wp-json\/wp\/v2\/media?parent=63162"}],"wp:term":[{"taxonomy":"category","embeddable":true,"href":"https:\/\/vocesparalelas.com.ar\/sitio\/wp-json\/wp\/v2\/categories?post=63162"},{"taxonomy":"post_tag","embeddable":true,"href":"https:\/\/vocesparalelas.com.ar\/sitio\/wp-json\/wp\/v2\/tags?post=63162"}],"curies":[{"name":"wp","href":"https:\/\/api.w.org\/{rel}","templated":true}]}}