{"id":63158,"date":"2023-09-06T22:54:47","date_gmt":"2023-09-07T01:54:47","guid":{"rendered":"https:\/\/vocesparalelas.com.ar\/sitio\/?p=63158"},"modified":"2023-09-10T23:36:38","modified_gmt":"2023-09-11T02:36:38","slug":"compana-elegi-fraternidad-elegi-compartir-elegi-promover","status":"publish","type":"post","link":"https:\/\/vocesparalelas.com.ar\/sitio\/compana-elegi-fraternidad-elegi-compartir-elegi-promover\/","title":{"rendered":"Compa\u00f1a \u201cEleg\u00ed Fraternidad, Eleg\u00ed Compartir, Eleg\u00ed Promover\u201d"},"content":{"rendered":"<p>El S\u00e1bado, 9 y el Domingo, 10 de Septiembre, se realiza la tradicional Colecta Nacional M\u00e1s por Menos \u201cEleg\u00ed Fraternidad, Eleg\u00ed Compartir, Eleg\u00ed Promover\u201d en todas las Parroquias, Capillas, Colegios e Instituciones Cat\u00f3licas de Argentina.<\/p>\n<p>Ser\u00e1 la 54\u00aa edici\u00f3n de esta obra, organizada por la\u00a0Comisi\u00f3n Episcopal de Ayuda a las Regiones M\u00e1s Necesitadas, dependiente de la Conferencia Episcopal Argentina.<\/p>\n<p>Es importante contarle que\u00a0las donaciones recibidas\u00a0por M\u00e1s por Menos, adem\u00e1s del fin de semana y d\u00eda central de la Colecta,\u00a0pueden efectuarse durante todo el a\u00f1o, en el momento que usted pueda.\u00a0Para esto, desde nuestro equipo hemos dispuesto distintas formas de colaboraci\u00f3n: Mercado Pago, toda plataforma de acceso v\u00eda C\u00f3digo QR,\u00a0Tarjetas de Cr\u00e9dito,\u00a0Transferencias y Dep\u00f3sitos Bancarios o bien trav\u00e9s de cualquier sucursal de a red Pago F\u00e1cil del Pa\u00eds. Contamos con tu colaboraci\u00f3n, tu aporte significa mucho para quienes m\u00e1s lo necesitan.<\/p>\n<p>A continuaci\u00f3n, usted dispone de un subsidio pastoral para animar la Colecta. Del mismo modo, las formas para poder concretar la donaci\u00f3n.<\/p>\n<p>Conoce el material de animaci\u00f3n, disponible desde:\u00a0<a href=\"http:\/\/colectamaspormenos.com\/\" target=\"_blank\" rel=\"noopener\">#ColectaM\u00e1sPorMenos<\/a><\/p>\n<p><strong><span style=\"color: #ff0000;\">P\u00e1gina Web oficial:<\/span><\/strong><\/p>\n<ul>\n<li><a href=\"http:\/\/colectamaspormenos.com\/\" target=\"_blank\" rel=\"noopener\">colectamaspormenos.com<\/a><\/li>\n<\/ul>\n<p><strong><span style=\"color: #ff0000;\">Redes Sociales oficiales de la Colecta M\u00e1s por Menos:<\/span><\/strong><\/p>\n<ul>\n<li>Facebook:\u00a0<a href=\"https:\/\/www.facebook.com\/colectamasxmenos\/\" target=\"_blank\" rel=\"noopener\">\/colectamasxmenos<\/a><\/li>\n<li>Instagram:\u00a0<a href=\"https:\/\/www.instagram.com\/colectamaspormenos\/?hl=es-la\" target=\"_blank\" rel=\"noopener\">@colectamaspormenos<\/a><\/li>\n<li>Twitter:\u00a0<a href=\"https:\/\/twitter.com\/MasXMenos_OK\" target=\"_blank\" rel=\"noopener\">@colectamasxmenos<\/a><\/li>\n<\/ul>\n<p><iframe loading=\"lazy\" title=\"Colecta Nacional M\u00e1s por Menos 2023: Spot oficial\" width=\"800\" height=\"450\" src=\"https:\/\/www.youtube.com\/embed\/tX_n_9SeqvY?feature=oembed\" frameborder=\"0\" allow=\"accelerometer; autoplay; clipboard-write; encrypted-media; gyroscope; picture-in-picture; web-share\" allowfullscreen><\/iframe><\/p>\n<p><strong><span style=\"color: #ff0000;\">Formas de donar<\/span><\/strong><\/p>\n<p>Adem\u00e1s de colaborar en las Misas de las Parroquias y Comunidades del Pa\u00eds el\u00a0\u00a09 y 10 de Setiembre, detallamos otras FORMAS DE COLABORAR CON \u201cMAS POR MENOS\u201d, EN FORMA DIRECTA, DURANTE TODO EL A\u00d1O:\u00a0<i>LAS NECESIDADES NO CONOCEN CALENDARIO<\/i><\/p>\n<p>1.\u00a0Dep\u00f3sito o transferencia bancaria:\u00a0a la Cuenta Corriente en Pesos \u201cCONFERENCIA EPISCOPAL ARGENTINA\u201d \u2013 N\u00ba 00013892\/9 del Banco Santander, Casa Central \u2013 CUIT 30-51731290-4 CBU: 07200007-200000013892-90. Alias: BRISA.PRADO.ORO (Rogamos enviar el comprobante y sus datos al mail oficial Indicado m\u00e1s abajo).<\/p>\n<p>2.\u00a0C\u00f3digo QR:\u00a0A trav\u00e9s de este sistema, ingresando a la plataforma dispuesta para la donaci\u00f3n, mediante tel\u00e9fono celular o dispositivo m\u00f3vil apto para la lectura del C\u00f3digo QR, que se adjunta en hoja aparte, e indicando el importe que se desea donar a la Colecta M\u00e1s por Menos.<\/p>\n<p>&nbsp;<\/p>\n","protected":false},"excerpt":{"rendered":"<p>El S\u00e1bado, 9 y el Domingo, 10 de Septiembre, se realiza la tradicional Colecta Nacional M\u00e1s por Menos \u201cEleg\u00ed Fraternidad,<\/p>\n","protected":false},"author":3,"featured_media":60436,"comment_status":"closed","ping_status":"closed","sticky":false,"template":"","format":"standard","meta":{"_acf_changed":false,"_seopress_robots_primary_cat":"none","_seopress_titles_title":"","_seopress_titles_desc":"","_seopress_robots_index":"","colormag_page_container_layout":"default_layout","colormag_page_sidebar_layout":"default_layout","footnotes":""},"categories":[2,7],"tags":[],"class_list":["post-63158","post","type-post","status-publish","format-standard","has-post-thumbnail","hentry","category-convocatorias","category-videos"],"acf":[],"_links":{"self":[{"href":"https:\/\/vocesparalelas.com.ar\/sitio\/wp-json\/wp\/v2\/posts\/63158","targetHints":{"allow":["GET"]}}],"collection":[{"href":"https:\/\/vocesparalelas.com.ar\/sitio\/wp-json\/wp\/v2\/posts"}],"about":[{"href":"https:\/\/vocesparalelas.com.ar\/sitio\/wp-json\/wp\/v2\/types\/post"}],"author":[{"embeddable":true,"href":"https:\/\/vocesparalelas.com.ar\/sitio\/wp-json\/wp\/v2\/users\/3"}],"replies":[{"embeddable":true,"href":"https:\/\/vocesparalelas.com.ar\/sitio\/wp-json\/wp\/v2\/comments?post=63158"}],"version-history":[{"count":1,"href":"https:\/\/vocesparalelas.com.ar\/sitio\/wp-json\/wp\/v2\/posts\/63158\/revisions"}],"predecessor-version":[{"id":63161,"href":"https:\/\/vocesparalelas.com.ar\/sitio\/wp-json\/wp\/v2\/posts\/63158\/revisions\/63161"}],"wp:featuredmedia":[{"embeddable":true,"href":"https:\/\/vocesparalelas.com.ar\/sitio\/wp-json\/wp\/v2\/media\/60436"}],"wp:attachment":[{"href":"https:\/\/vocesparalelas.com.ar\/sitio\/wp-json\/wp\/v2\/media?parent=63158"}],"wp:term":[{"taxonomy":"category","embeddable":true,"href":"https:\/\/vocesparalelas.com.ar\/sitio\/wp-json\/wp\/v2\/categories?post=63158"},{"taxonomy":"post_tag","embeddable":true,"href":"https:\/\/vocesparalelas.com.ar\/sitio\/wp-json\/wp\/v2\/tags?post=63158"}],"curies":[{"name":"wp","href":"https:\/\/api.w.org\/{rel}","templated":true}]}}