{"id":63124,"date":"2023-09-05T20:20:46","date_gmt":"2023-09-05T23:20:46","guid":{"rendered":"https:\/\/vocesparalelas.com.ar\/sitio\/?p=63124"},"modified":"2023-09-06T01:25:10","modified_gmt":"2023-09-06T04:25:10","slug":"la-escuela-agrotecnica-los-pioneros-gano-el-concurso-de-murales-2023","status":"publish","type":"post","link":"https:\/\/vocesparalelas.com.ar\/sitio\/la-escuela-agrotecnica-los-pioneros-gano-el-concurso-de-murales-2023\/","title":{"rendered":"La Escuela Agrot\u00e9cnica Los Pioneros gan\u00f3 el Concurso de Murales 2023"},"content":{"rendered":"<p>La Secretar\u00eda de Estado de Ambiente y Desarrollo Sustentable del Gobierno de San Juan entreg\u00f3 los premios a la Escuela Agrot\u00e9cnica Los Pioneros, departamento Rawson, ganadora del Concurso de Murales, organizado por el Parque de la Biodiversidad.<\/p>\n<p>El concurso tuvo como objetivo contribuir a la sensibilizaci\u00f3n ambiental de la comunidad sanjuanina respecto al cuidado del ambiente, por medio de la realizaci\u00f3n de un mural en un \u00e1rea previamente delimitada en las instalaciones del Paisaje Protegido Parque de la Biodiversidad, utilizando materiales reciclables.<\/p>\n<p>Este proyecto fue destinado a j\u00f3venes de diferentes instituciones educativas de nivel secundario, la modalidad del concurso consisti\u00f3 en la presentaci\u00f3n de los proyectos, luego de una preselecci\u00f3n por parte de las autoridades del Parque, los bocetos finalistas fueron sometidos a votaci\u00f3n del p\u00fablico, a trav\u00e9s de las redes sociales de la Secretar\u00eda de Ambiente y del Parque de la Biodiversidad, que finaliz\u00f3 el d\u00eda 1 de septiembre.<\/p>\n<p>El establecimiento ganador fue la Escuela Agrot\u00e9cnica Los Pioneros, que obtuvo 2119 votos, en segundo lugar result\u00f3 la Escuela Industrial Domingo Faustino Sarmiento con 2060 votos, y tercero el Colegio Parroquial Cristo Rey con 545 votos. Docentes, directivos y alumnos de la Escuela Agrot\u00e9cnica Los Pioneros fueron recibidos por el Secretario de Estado de Ambiente y Desarrollo Sustentable Francisco Guevara, quien coment\u00f3 respecto al concurso que \u201clo organizamos con el objetivo de sensibilizar y generar conciencia ambiental.<\/p>\n<p><img loading=\"lazy\" decoding=\"async\" class=\"alignnone size-full wp-image-63130\" src=\"https:\/\/vocesparalelas.com.ar\/sitio\/wp-content\/uploads\/2023\/09\/GANADORES-MURAL-01.jpg\" alt=\"\" width=\"800\" height=\"393\" srcset=\"https:\/\/vocesparalelas.com.ar\/sitio\/wp-content\/uploads\/2023\/09\/GANADORES-MURAL-01.jpg 800w, https:\/\/vocesparalelas.com.ar\/sitio\/wp-content\/uploads\/2023\/09\/GANADORES-MURAL-01-300x147.jpg 300w, https:\/\/vocesparalelas.com.ar\/sitio\/wp-content\/uploads\/2023\/09\/GANADORES-MURAL-01-768x377.jpg 768w\" sizes=\"auto, (max-width: 800px) 100vw, 800px\" \/><\/p>\n<p>Este concurso, mostr\u00f3 que los ganadores hicieron un gran trabajo en el manejo de redes sociales y han permitido visibilizar el Parque de la Biodiversidad, que desde el a\u00f1o pasado es \u00e1rea protegida\u201d, y agreg\u00f3 \u201ceste concurso muestra que el trabajo no termina en la escuela, sino que en la casa deben seguir aplicando estas herramientas.<\/p>\n<p>Felicitamos a los ganadores y muchas gracias por sumarse al cuidado del ambiente.\u201d El Secretario hizo entrega de la certificaci\u00f3n que los designa ganadores y expres\u00f3 que \u201ca esta generaci\u00f3n de adolescentes y preadolescentes debemos devolverle el planeta tierra en condiciones, ustedes nos han prestado esta Casa Com\u00fan y nosotros debemos restitu\u00edrsela habitable.\u201d La Subsecretaria de Residuos S\u00f3lidos Urbanos Gabriela P\u00e9rez entreg\u00f3 5 (cinco) computadoras recicladas, articuladas por el comit\u00e9 organizador con el Parque Tecnol\u00f3gico Ambiental, en el marco de la campa\u00f1a de recolecci\u00f3n de RAEE (Residuos de Aparatos Electr\u00f3nicos y El\u00e9ctricos) cuyo objetivo es recolectar de diferentes empresas dispositivos electr\u00f3nicos en desuso y procesarlos de la manera adecuada para luego volver a incluir en el circuito productivo.<\/p>\n<p>Por otra parte, la subdirectora del Parque de la Biodiversidad Ver\u00f3nica Beninatto profundiz\u00f3 en las caracter\u00edsticas del concurso y dijo que \u201cesta idea surgi\u00f3 para cuidar y sensibilizar a trav\u00e9s de la recuperaci\u00f3n de materiales, concientizar a trav\u00e9s de los chicos sobre la importancia de recuperar y reutilizar materiales mediante un mural que represente la biodiversidad, vinculado a nuestra reserva.\u201d Finalmente, Alicia D\u00edaz, profesora de Biolog\u00eda de la Escuela Agrot\u00e9cnica Los Pioneros dijo que \u201cla calidad humana de nuestros alumnos es inigualable, siempre est\u00e1n dispuestos a trabajar. Quiero remarcar que otro grupo de la escuela tambi\u00e9n particip\u00f3, la escuela se caracteriza por tener chicos unidos, con muchos valores, y con un gran compromiso tanto de los directivos, docentes y toda la comunidad educativa\u201d.<\/p>\n<figure id=\"attachment_55952\" aria-describedby=\"caption-attachment-55952\" style=\"width: 800px\" class=\"wp-caption alignnone\"><img loading=\"lazy\" decoding=\"async\" class=\"size-full wp-image-55952\" src=\"https:\/\/vocesparalelas.com.ar\/sitio\/wp-content\/uploads\/2023\/01\/PARQUE-BIODIVERSIDAD-01.jpg\" alt=\"\" width=\"800\" height=\"600\" srcset=\"https:\/\/vocesparalelas.com.ar\/sitio\/wp-content\/uploads\/2023\/01\/PARQUE-BIODIVERSIDAD-01.jpg 800w, https:\/\/vocesparalelas.com.ar\/sitio\/wp-content\/uploads\/2023\/01\/PARQUE-BIODIVERSIDAD-01-300x225.jpg 300w, https:\/\/vocesparalelas.com.ar\/sitio\/wp-content\/uploads\/2023\/01\/PARQUE-BIODIVERSIDAD-01-768x576.jpg 768w\" sizes=\"auto, (max-width: 800px) 100vw, 800px\" \/><figcaption id=\"caption-attachment-55952\" class=\"wp-caption-text\">Parque de la Biodiversidad en San Juan<\/figcaption><\/figure>\n","protected":false},"excerpt":{"rendered":"<p>La Secretar\u00eda de Estado de Ambiente y Desarrollo Sustentable del Gobierno de San Juan entreg\u00f3 los premios a la Escuela<\/p>\n","protected":false},"author":3,"featured_media":63127,"comment_status":"closed","ping_status":"closed","sticky":false,"template":"","format":"standard","meta":{"_acf_changed":false,"_seopress_robots_primary_cat":"none","_seopress_titles_title":"","_seopress_titles_desc":"","_seopress_robots_index":"","colormag_page_container_layout":"default_layout","colormag_page_sidebar_layout":"default_layout","footnotes":""},"categories":[1],"tags":[],"class_list":["post-63124","post","type-post","status-publish","format-standard","has-post-thumbnail","hentry","category-destacadas"],"acf":[],"_links":{"self":[{"href":"https:\/\/vocesparalelas.com.ar\/sitio\/wp-json\/wp\/v2\/posts\/63124","targetHints":{"allow":["GET"]}}],"collection":[{"href":"https:\/\/vocesparalelas.com.ar\/sitio\/wp-json\/wp\/v2\/posts"}],"about":[{"href":"https:\/\/vocesparalelas.com.ar\/sitio\/wp-json\/wp\/v2\/types\/post"}],"author":[{"embeddable":true,"href":"https:\/\/vocesparalelas.com.ar\/sitio\/wp-json\/wp\/v2\/users\/3"}],"replies":[{"embeddable":true,"href":"https:\/\/vocesparalelas.com.ar\/sitio\/wp-json\/wp\/v2\/comments?post=63124"}],"version-history":[{"count":4,"href":"https:\/\/vocesparalelas.com.ar\/sitio\/wp-json\/wp\/v2\/posts\/63124\/revisions"}],"predecessor-version":[{"id":63132,"href":"https:\/\/vocesparalelas.com.ar\/sitio\/wp-json\/wp\/v2\/posts\/63124\/revisions\/63132"}],"wp:featuredmedia":[{"embeddable":true,"href":"https:\/\/vocesparalelas.com.ar\/sitio\/wp-json\/wp\/v2\/media\/63127"}],"wp:attachment":[{"href":"https:\/\/vocesparalelas.com.ar\/sitio\/wp-json\/wp\/v2\/media?parent=63124"}],"wp:term":[{"taxonomy":"category","embeddable":true,"href":"https:\/\/vocesparalelas.com.ar\/sitio\/wp-json\/wp\/v2\/categories?post=63124"},{"taxonomy":"post_tag","embeddable":true,"href":"https:\/\/vocesparalelas.com.ar\/sitio\/wp-json\/wp\/v2\/tags?post=63124"}],"curies":[{"name":"wp","href":"https:\/\/api.w.org\/{rel}","templated":true}]}}