{"id":63107,"date":"2023-09-05T22:45:45","date_gmt":"2023-09-06T01:45:45","guid":{"rendered":"https:\/\/vocesparalelas.com.ar\/sitio\/?p=63107"},"modified":"2023-09-05T22:45:45","modified_gmt":"2023-09-06T01:45:45","slug":"75o-aniversario-de-la-casa-de-san-juan-en-buenos-aires","status":"publish","type":"post","link":"https:\/\/vocesparalelas.com.ar\/sitio\/75o-aniversario-de-la-casa-de-san-juan-en-buenos-aires\/","title":{"rendered":"75\u00ba Aniversario de la Casa de San Juan en Buenos Aires"},"content":{"rendered":"<p>En conmemoraci\u00f3n del\u00a075\u00ba Aniversario de la Casa de San Juan en Buenos Aires, el gobernador Dr. Sergio U\u00f1ac, junto con el director de la Casa de San Juan, Juan Cruz D\u00e1vila, el senador nacional, Dr. Rub\u00e9n U\u00f1ac, los diputados nacionales Walberto Allende y Dra. Fabiola Aubone, el ministro de Desarrollo Humano, Fabian Aballay, entre otras autoridades presidieron el acto en el patio del hist\u00f3rico edificio.<\/p>\n<p>Desde 1988 funciona en la casa donde vivi\u00f3 sus \u00faltimos a\u00f1os Domingo Faustino Sarmiento, raz\u00f3n por la que fue declarado Monumento Hist\u00f3rico Nacional y cumple una funci\u00f3n fundamental en la difusi\u00f3n de la vida y obra del pr\u00f3cer sanjuanino.<\/p>\n<p>Tambi\u00e9n estuvo presente la arquitecta Angie Giordano, quien trabaj\u00f3 en la Casa de San Juan a cargo de su restauraci\u00f3n y present\u00f3 su libro \u201cSarmiento: su casa en Buenos Aires\u201d, en el que recopila y cuenta la historia de este lugar ic\u00f3nico para nuestra provincia. El evento tambi\u00e9n cont\u00f3 con la m\u00fasica de Andr\u00e9s Cantos y al finalizar se realiz\u00f3 un brindis con gastronom\u00eda y vinos sanjuaninos.<\/p>\n<p><img loading=\"lazy\" decoding=\"async\" class=\"alignnone size-full wp-image-63111\" src=\"https:\/\/vocesparalelas.com.ar\/sitio\/wp-content\/uploads\/2023\/09\/CASA-SAN-JUAN-BUENOS-AIRES-02.jpg\" alt=\"\" width=\"800\" height=\"534\" srcset=\"https:\/\/vocesparalelas.com.ar\/sitio\/wp-content\/uploads\/2023\/09\/CASA-SAN-JUAN-BUENOS-AIRES-02.jpg 800w, https:\/\/vocesparalelas.com.ar\/sitio\/wp-content\/uploads\/2023\/09\/CASA-SAN-JUAN-BUENOS-AIRES-02-300x200.jpg 300w, https:\/\/vocesparalelas.com.ar\/sitio\/wp-content\/uploads\/2023\/09\/CASA-SAN-JUAN-BUENOS-AIRES-02-768x513.jpg 768w\" sizes=\"auto, (max-width: 800px) 100vw, 800px\" \/><\/p>\n<p>El gobernador U\u00f1ac se\u00f1al\u00f3 en su discurso que \u201cdurante mucho tiempo hemos estado viniendo y tratando de hacer de este un eje del cual se pueda iluminar la provincia de San Juan, ac\u00e1 en la Capital Federal\u201d. Creo que todo tiene un principio y un final, hay que mirarlo con naturalidad, cuando uno arranca una funci\u00f3n y cuando va concluyendo la misma.<\/p>\n<p>Pero es importante dijo que \u201ccuando uno concluye una actividad pueda hacer una mirada retrospectiva, una mirada que implique hacer un balance y el balance en esta gesti\u00f3n es mucho m\u00e1s amplio que desde el 2015 hasta el 2023\u201d. Porque esta casa tiene una rica historia como para que empecemos a mirar aun desde aquel 1875 en que el gran maestro de Am\u00e9rica decide comprar esta casa hasta la fecha han pasado los a\u00f1os, pero no se ha perdido la vigencia de la casa para los sanjuaninos y el pa\u00eds.<\/p>\n<p>Agreg\u00f3 U\u00f1ac que \u201cel presente lo interpela el pasado, el pasado de esta casa es tan rico que permanentemente vive en el presente y se proyecta para el futuro, porque quien habito esta casa tuvo el enorme desaf\u00edo de hacer de la educaci\u00f3n el gran proyecto para construir un pa\u00eds distinto\u201d. Para sentirnos que \u00e9ramos dignos de un pa\u00eds donde obviamente la igualdad de oportunidad empezaba desde la base de la educaci\u00f3n a propagarse o llegar hasta el \u00faltimo rinc\u00f3n de la patria.<\/p>\n<p>El gran desaf\u00edo que hemos tenido ha sido que esta casa pueda seguir siendo un faro que ilumine no solamente a la provincia de San Juan, sino tambi\u00e9n al propio pa\u00eds, dijo el gobernador U\u00f1ac.<\/p>\n<p>En este sentido sostuvo que \u201cesta casa a estado abierta a todos, quiz\u00e1s deber\u00eda ser m\u00e1s visitada por todos tambi\u00e9n para entender qu\u00e9 pa\u00eds construimos entre todos, que pa\u00eds pens\u00f3 el maestro de Am\u00e9rica y que pa\u00eds hoy estamos nosotros pudiendo entregar y construir\u201d.<\/p>\n<p>El gobernador subray\u00f3 que \u201chemos cumplido las cosas que hemos podido, quedaran muchas otras m\u00e1s por hacer, pero me parece que lo desaf\u00edos est\u00e1n dados\u201d. Las pr\u00f3ximas autoridades tanto provinciales como la casa de San Juan deber\u00e1n tomar, completar la tarea que nosotros iniciamos, con los ex directores, y los ex gobernadores.<\/p>\n<p>Recordando la historia dijo que \u201chay un hecho simb\u00f3lico que el pa\u00eds en 1948 haya decidido recuperar esta casa como un gran monumento hist\u00f3rico nacional y el mismo a\u00f1o la provincia de San Juan por decisi\u00f3n de la legislatura haya decidido crear la casa es un hecho que determina que no es casual sino causal\u201d. Hubo algo que determino que quiz\u00e1s muchos a\u00f1os posteriores, varias d\u00e9cadas posteriores la casa est\u00e9 funcionando en el lugar donde debi\u00f3 funcionar desde sus inicios que fue con la creaci\u00f3n de la casa o con la toma del gobierno nacional a trav\u00e9s dela direcci\u00f3n de monumentos hist\u00f3ricos.<\/p>\n<p>Finalmente U\u00f1ac acot\u00f3 que \u201chomenajeamos la historia, nos comprometemos con el presente y entre todos nos proyectamos hacia el futuro\u201d.<\/p>\n<p>El director de la Casa resalt\u00f3 que \u201cel objetivo de este acto es que conozcan con profundidad la casa de San Juan. Su historia con el libro y el trabajo hist\u00f3rico de Angie Giordano. Su presente, poniendo en valor todos los d\u00edas que esta casa es de cada sanjuanino que la necesite. Ya sea por circunstancias de salud, tr\u00e1mites administrativos, de turismo, cultura, inversiones o relaciones internacionales, este lugar siempre est\u00e1 con las puertas abiertas y su personal listo para responder. Y un futuro, porque hoy presentamos una planificaci\u00f3n estrat\u00e9gica de crecimiento y resguardo de la Casa, que consiste en un edificio anexo paralelo al actual, con el fin de seguir mejorando la calidad y el servicio para los sanjuaninos, al mismo tiempo que preservamos y honramos nuestra historia\u201d.<\/p>\n<p>Finalmente Angie Giordano hizo un repaso por la historia de la casa diciendo que \u201cen el a\u00f1o 1980 se inician las tareas de restauraci\u00f3n a cardo de la provincia de San Juan, en el a\u00f1o 1982 se rescinde con la empresa que ten\u00eda la licitaci\u00f3n por incumplimiento de plazos contractuales, en el a\u00f1o 82 se le pide al servicio nacional de arquitectura que se hiciera cargo de la restauraci\u00f3n\u201d. Toda la historia de la casa est\u00e1 escrita en el libro que fue presentado en la tarde de hoy.<\/p>\n<p><img loading=\"lazy\" decoding=\"async\" class=\"alignnone size-full wp-image-63056\" src=\"https:\/\/vocesparalelas.com.ar\/sitio\/wp-content\/uploads\/2023\/09\/CASA-SAN-JUAN-BUENOS-AIRES.jpg\" alt=\"\" width=\"800\" height=\"504\" srcset=\"https:\/\/vocesparalelas.com.ar\/sitio\/wp-content\/uploads\/2023\/09\/CASA-SAN-JUAN-BUENOS-AIRES.jpg 800w, https:\/\/vocesparalelas.com.ar\/sitio\/wp-content\/uploads\/2023\/09\/CASA-SAN-JUAN-BUENOS-AIRES-300x189.jpg 300w, https:\/\/vocesparalelas.com.ar\/sitio\/wp-content\/uploads\/2023\/09\/CASA-SAN-JUAN-BUENOS-AIRES-768x484.jpg 768w\" sizes=\"auto, (max-width: 800px) 100vw, 800px\" \/><\/p>\n<p>&nbsp;<\/p>\n<p>&nbsp;<\/p>\n","protected":false},"excerpt":{"rendered":"<p>En conmemoraci\u00f3n del\u00a075\u00ba Aniversario de la Casa de San Juan en Buenos Aires, el gobernador Dr. Sergio U\u00f1ac, junto con<\/p>\n","protected":false},"author":3,"featured_media":63110,"comment_status":"closed","ping_status":"closed","sticky":false,"template":"","format":"standard","meta":{"_acf_changed":false,"_seopress_robots_primary_cat":"none","_seopress_titles_title":"","_seopress_titles_desc":"","_seopress_robots_index":"","colormag_page_container_layout":"default_layout","colormag_page_sidebar_layout":"default_layout","footnotes":""},"categories":[1],"tags":[],"class_list":["post-63107","post","type-post","status-publish","format-standard","has-post-thumbnail","hentry","category-destacadas"],"acf":[],"_links":{"self":[{"href":"https:\/\/vocesparalelas.com.ar\/sitio\/wp-json\/wp\/v2\/posts\/63107","targetHints":{"allow":["GET"]}}],"collection":[{"href":"https:\/\/vocesparalelas.com.ar\/sitio\/wp-json\/wp\/v2\/posts"}],"about":[{"href":"https:\/\/vocesparalelas.com.ar\/sitio\/wp-json\/wp\/v2\/types\/post"}],"author":[{"embeddable":true,"href":"https:\/\/vocesparalelas.com.ar\/sitio\/wp-json\/wp\/v2\/users\/3"}],"replies":[{"embeddable":true,"href":"https:\/\/vocesparalelas.com.ar\/sitio\/wp-json\/wp\/v2\/comments?post=63107"}],"version-history":[{"count":1,"href":"https:\/\/vocesparalelas.com.ar\/sitio\/wp-json\/wp\/v2\/posts\/63107\/revisions"}],"predecessor-version":[{"id":63112,"href":"https:\/\/vocesparalelas.com.ar\/sitio\/wp-json\/wp\/v2\/posts\/63107\/revisions\/63112"}],"wp:featuredmedia":[{"embeddable":true,"href":"https:\/\/vocesparalelas.com.ar\/sitio\/wp-json\/wp\/v2\/media\/63110"}],"wp:attachment":[{"href":"https:\/\/vocesparalelas.com.ar\/sitio\/wp-json\/wp\/v2\/media?parent=63107"}],"wp:term":[{"taxonomy":"category","embeddable":true,"href":"https:\/\/vocesparalelas.com.ar\/sitio\/wp-json\/wp\/v2\/categories?post=63107"},{"taxonomy":"post_tag","embeddable":true,"href":"https:\/\/vocesparalelas.com.ar\/sitio\/wp-json\/wp\/v2\/tags?post=63107"}],"curies":[{"name":"wp","href":"https:\/\/api.w.org\/{rel}","templated":true}]}}