{"id":63010,"date":"2023-09-02T20:55:07","date_gmt":"2023-09-02T23:55:07","guid":{"rendered":"https:\/\/vocesparalelas.com.ar\/sitio\/?p=63010"},"modified":"2023-09-05T00:26:10","modified_gmt":"2023-09-05T03:26:10","slug":"logros-de-los-estudiantes-de-los-departamentos-de-iglesia-y-caucete-en-los-cursos-de-la-faud-de-la-unsj","status":"publish","type":"post","link":"https:\/\/vocesparalelas.com.ar\/sitio\/logros-de-los-estudiantes-de-los-departamentos-de-iglesia-y-caucete-en-los-cursos-de-la-faud-de-la-unsj\/","title":{"rendered":"Logros de los Estudiantes de los Departamentos de Iglesia y Caucete en los cursos de la FAUD de la UNSJ"},"content":{"rendered":"<p>La Facultad de Arquitectura, Urbanismo y Dise\u00f1o de la Universidad Nacional de San Juan nuevamente entreg\u00f3 los certificados a Estudiantes del <span style=\"color: #000000;\">Taller Experimental de Tecnolog\u00edas Constructivas Curso de Formaci\u00f3n en el Departamento Caucete Oficio Encofrador y del Taller Experimental de Tecnolog\u00edas Constructivas: Curso de Formaci\u00f3n en el Oficio: Pintor de Obra, Departamento Iglesia, en el Sal\u00f3n de actos de la Unidad Acad\u00e9mica.<\/span><\/p>\n<p>Por ello, Voces Paralelas desarroll\u00f3 una entrevista period\u00edstica, a la <span style=\"color: #000000;\">Intendenta de la Municipalidad de Iglesia, Dr. Jorge Espejo, expres\u00f3 lo significativo que es para nuestra comunidad tener la posibilidad de aprender un oficio.<\/span><\/p>\n<p><iframe loading=\"lazy\" title=\"FAUD UNSJ IGLESIA DR JORGE ESPEJO\" width=\"800\" height=\"450\" src=\"https:\/\/www.youtube.com\/embed\/jbLpFngLYg8?feature=oembed\" frameborder=\"0\" allow=\"accelerometer; autoplay; clipboard-write; encrypted-media; gyroscope; picture-in-picture; web-share\" allowfullscreen><\/iframe><\/p>\n<p>&nbsp;<\/p>\n<p>Luego, la <span style=\"color: #000000;\">Intendente de la Municipalidad de Caucete, Lic. Romina Rosas, quien destac\u00f3 la posibilidad de darle a nuestros j\u00f3venes una capacitaci\u00f3n para que puedan ejercer un oficio con salida laboral desde una Universidad P\u00fablica y gratuita.<\/span><\/p>\n<p><iframe loading=\"lazy\" title=\"FAUD UNSJ CAUCETE LIC ROMINA ROSAS\" width=\"800\" height=\"450\" src=\"https:\/\/www.youtube.com\/embed\/tloZVNEczJs?feature=oembed\" frameborder=\"0\" allow=\"accelerometer; autoplay; clipboard-write; encrypted-media; gyroscope; picture-in-picture; web-share\" allowfullscreen><\/iframe><\/p>\n<p>&nbsp;<\/p>\n<p>Finalmente, al Decano de la FAUD de la UNSJ, Arq. Guillermo Velasco, quien centr\u00f3 su mirada en que estas expresiones de extensi\u00f3n es producto a que somos parte de una Universidad p\u00fablica para que to9dos puedan acceder al conocimiento desde diferentes niveles.<\/p>\n<p><iframe loading=\"lazy\" title=\"FAUD UNSJ DECANO ARQ. GUILLERMO VELASCO\" width=\"800\" height=\"450\" src=\"https:\/\/www.youtube.com\/embed\/xaAr0XJLO1c?feature=oembed\" frameborder=\"0\" allow=\"accelerometer; autoplay; clipboard-write; encrypted-media; gyroscope; picture-in-picture; web-share\" allowfullscreen><\/iframe><\/p>\n<p>&nbsp;<\/p>\n<p><span style=\"color: #000000;\">Los logros obtenidos por los estudiantes por su perseverancia donde el querer est\u00e1 presente en la superaci\u00f3n personal, fue gracias al convenio que se firm\u00f3 y que se volvi\u00f3 a renovar por el Intendente de la Municipalidad de Caucete, Lic. Romina Rosas, el Intendente de la Municipalidad de Iglesia, Dr. Jorge Espejo y el Decano de la FAUD de la UNSJ, Arq. Guillermo Velasco.<\/span><\/p>\n<p><img loading=\"lazy\" decoding=\"async\" class=\"alignnone size-full wp-image-63017\" src=\"https:\/\/vocesparalelas.com.ar\/sitio\/wp-content\/uploads\/2023\/09\/FAUD-OFICIO-CAUCETE-IGLESIA-05.jpg\" alt=\"\" width=\"800\" height=\"533\" srcset=\"https:\/\/vocesparalelas.com.ar\/sitio\/wp-content\/uploads\/2023\/09\/FAUD-OFICIO-CAUCETE-IGLESIA-05.jpg 800w, https:\/\/vocesparalelas.com.ar\/sitio\/wp-content\/uploads\/2023\/09\/FAUD-OFICIO-CAUCETE-IGLESIA-05-300x200.jpg 300w, https:\/\/vocesparalelas.com.ar\/sitio\/wp-content\/uploads\/2023\/09\/FAUD-OFICIO-CAUCETE-IGLESIA-05-768x512.jpg 768w\" sizes=\"auto, (max-width: 800px) 100vw, 800px\" \/><\/p>\n<p>Estos talleres permite el acercamiento de la Universidad P\u00fablica, gratuita y libre que extiende sus conocimientos hacia la poblaci\u00f3n de Departamentos de San Juan, al trasladarse sus profesores para que la comunidad tenga la oportunidad de aprender un oficio con salida laboral.<\/p>\n<p><img loading=\"lazy\" decoding=\"async\" class=\"alignnone size-full wp-image-63014\" src=\"https:\/\/vocesparalelas.com.ar\/sitio\/wp-content\/uploads\/2023\/09\/FAUD-OFICIO-CAUCETE-IGLESIA-02.jpg\" alt=\"\" width=\"800\" height=\"533\" srcset=\"https:\/\/vocesparalelas.com.ar\/sitio\/wp-content\/uploads\/2023\/09\/FAUD-OFICIO-CAUCETE-IGLESIA-02.jpg 800w, https:\/\/vocesparalelas.com.ar\/sitio\/wp-content\/uploads\/2023\/09\/FAUD-OFICIO-CAUCETE-IGLESIA-02-300x200.jpg 300w, https:\/\/vocesparalelas.com.ar\/sitio\/wp-content\/uploads\/2023\/09\/FAUD-OFICIO-CAUCETE-IGLESIA-02-768x512.jpg 768w\" sizes=\"auto, (max-width: 800px) 100vw, 800px\" \/><\/p>\n<p>&nbsp;<\/p>\n<p><span style=\"color: #0000ff;\"><strong>Taller Experimental de Tecnolog\u00edas Constructivas Curso de Formaci\u00f3n en el Departamento Caucete Oficio Encofrador Coordinador Alejandro \u00c1lvarez<\/strong><\/span><\/p>\n<p>Atencio, Pamela; Ch\u00e1vez, Luciano; Correa Nebro, Macarena Elizabeth; Figueroa, Melani Nahir; Ib\u00e1nez, Juan Luis; Molina, Elcira de los \u00c1ngeles; Montiveros, P\u00eda Agustina; Moran, Eliana; Puig, Alex Jes\u00fas; Puig Castillo, Jos\u00e9 Leandro; Rosal, Carlos Daniel; Ruarte, Rodrigo Abel; Valverde, Guido; Villegas G\u00f3mez, Brisa Agustina; Cal\u00edvar, Isidro; Molina, Eugenia<\/p>\n<p><span style=\"color: #0000ff;\"><strong>Taller Experimental de Tecnolog\u00edas Constructivas: Curso de Formaci\u00f3n en el Oficio: Pintor de Obra, Departamento Iglesia. Coordinador: Juan Manuel Cuevas <\/strong><\/span><\/p>\n<p>Aguilera, Micaela; Allegue, Melisa; Bustos, Luciano Rafael; Cabello, Edgardo; Cuevas, Ricardo; Carrizo, Erica; Carrizo, Vanesa; Castillo, Leonel Alexander; Godoy, Ra\u00fal Eduardo; Gonz\u00e1lez, Eliezer; Guti\u00e9rrez Mercado, Jorge Daniel; Luna, Jos\u00e9 Javier; Manrique, Ram\u00f3n Miguel; Manrique, Julia del Valle; Monta\u00f1o, Miguel; Mu\u00f1oz, Nolberto; Poblete, El\u00edas; Quiroga Vonkunosky, Jos\u00e9 Eduardo, Ramos, Celeste; Rodr\u00edguez, Cintia; Rodr\u00edguez C\u00f3rdoba, William Alexander; Saavedra, Ulises Hern\u00e1n; Solar, Laura Beatriz; Varela, Xenia; D\u00edaz Valdez, Virginia Natal\u00ed<\/p>\n<p><img loading=\"lazy\" decoding=\"async\" class=\"alignnone size-full wp-image-63016\" src=\"https:\/\/vocesparalelas.com.ar\/sitio\/wp-content\/uploads\/2023\/09\/FAUD-OFICIO-CAUCETE-IGLESIA-04.jpg\" alt=\"\" width=\"800\" height=\"533\" srcset=\"https:\/\/vocesparalelas.com.ar\/sitio\/wp-content\/uploads\/2023\/09\/FAUD-OFICIO-CAUCETE-IGLESIA-04.jpg 800w, https:\/\/vocesparalelas.com.ar\/sitio\/wp-content\/uploads\/2023\/09\/FAUD-OFICIO-CAUCETE-IGLESIA-04-300x200.jpg 300w, https:\/\/vocesparalelas.com.ar\/sitio\/wp-content\/uploads\/2023\/09\/FAUD-OFICIO-CAUCETE-IGLESIA-04-768x512.jpg 768w\" sizes=\"auto, (max-width: 800px) 100vw, 800px\" \/><\/p>\n<p><img loading=\"lazy\" decoding=\"async\" class=\"alignnone size-full wp-image-63015\" src=\"https:\/\/vocesparalelas.com.ar\/sitio\/wp-content\/uploads\/2023\/09\/FAUD-OFICIO-CAUCETE-IGLESIA-03.jpg\" alt=\"\" width=\"800\" height=\"533\" srcset=\"https:\/\/vocesparalelas.com.ar\/sitio\/wp-content\/uploads\/2023\/09\/FAUD-OFICIO-CAUCETE-IGLESIA-03.jpg 800w, https:\/\/vocesparalelas.com.ar\/sitio\/wp-content\/uploads\/2023\/09\/FAUD-OFICIO-CAUCETE-IGLESIA-03-300x200.jpg 300w, https:\/\/vocesparalelas.com.ar\/sitio\/wp-content\/uploads\/2023\/09\/FAUD-OFICIO-CAUCETE-IGLESIA-03-768x512.jpg 768w\" sizes=\"auto, (max-width: 800px) 100vw, 800px\" \/><\/p>\n","protected":false},"excerpt":{"rendered":"<p>La Facultad de Arquitectura, Urbanismo y Dise\u00f1o de la Universidad Nacional de San Juan nuevamente entreg\u00f3 los certificados a Estudiantes<\/p>\n","protected":false},"author":3,"featured_media":63013,"comment_status":"closed","ping_status":"closed","sticky":false,"template":"","format":"standard","meta":{"_acf_changed":false,"_seopress_robots_primary_cat":"none","_seopress_titles_title":"","_seopress_titles_desc":"","_seopress_robots_index":"","colormag_page_container_layout":"default_layout","colormag_page_sidebar_layout":"default_layout","footnotes":""},"categories":[9,7],"tags":[],"class_list":["post-63010","post","type-post","status-publish","format-standard","has-post-thumbnail","hentry","category-cursos","category-videos"],"acf":[],"_links":{"self":[{"href":"https:\/\/vocesparalelas.com.ar\/sitio\/wp-json\/wp\/v2\/posts\/63010","targetHints":{"allow":["GET"]}}],"collection":[{"href":"https:\/\/vocesparalelas.com.ar\/sitio\/wp-json\/wp\/v2\/posts"}],"about":[{"href":"https:\/\/vocesparalelas.com.ar\/sitio\/wp-json\/wp\/v2\/types\/post"}],"author":[{"embeddable":true,"href":"https:\/\/vocesparalelas.com.ar\/sitio\/wp-json\/wp\/v2\/users\/3"}],"replies":[{"embeddable":true,"href":"https:\/\/vocesparalelas.com.ar\/sitio\/wp-json\/wp\/v2\/comments?post=63010"}],"version-history":[{"count":1,"href":"https:\/\/vocesparalelas.com.ar\/sitio\/wp-json\/wp\/v2\/posts\/63010\/revisions"}],"predecessor-version":[{"id":63018,"href":"https:\/\/vocesparalelas.com.ar\/sitio\/wp-json\/wp\/v2\/posts\/63010\/revisions\/63018"}],"wp:featuredmedia":[{"embeddable":true,"href":"https:\/\/vocesparalelas.com.ar\/sitio\/wp-json\/wp\/v2\/media\/63013"}],"wp:attachment":[{"href":"https:\/\/vocesparalelas.com.ar\/sitio\/wp-json\/wp\/v2\/media?parent=63010"}],"wp:term":[{"taxonomy":"category","embeddable":true,"href":"https:\/\/vocesparalelas.com.ar\/sitio\/wp-json\/wp\/v2\/categories?post=63010"},{"taxonomy":"post_tag","embeddable":true,"href":"https:\/\/vocesparalelas.com.ar\/sitio\/wp-json\/wp\/v2\/tags?post=63010"}],"curies":[{"name":"wp","href":"https:\/\/api.w.org\/{rel}","templated":true}]}}