{"id":62892,"date":"2023-08-30T21:36:22","date_gmt":"2023-08-31T00:36:22","guid":{"rendered":"https:\/\/vocesparalelas.com.ar\/sitio\/?p=62892"},"modified":"2023-08-30T21:36:22","modified_gmt":"2023-08-31T00:36:22","slug":"caracteristicas-de-las-viviendas-a-sortearse-por-el-ipv-san-juan","status":"publish","type":"post","link":"https:\/\/vocesparalelas.com.ar\/sitio\/caracteristicas-de-las-viviendas-a-sortearse-por-el-ipv-san-juan\/","title":{"rendered":"Caracter\u00edsticas de las viviendas a sortearse por el IPV San Juan"},"content":{"rendered":"<p>El 1 de Noviembre de 2023 comienza la etapa de sorteos de los 18 barrios que ya se encuentran en etapa de culminaci\u00f3n. Aquellos\u00a0 postulantes que conforman el padr\u00f3n de Instituto Provincial de Vivienda del Ministerio Obras y Servicios P\u00fablicos del Gobierno de San Juan, ya pueden elegir el barrio por el desean participar, hasta el 29 de Septiembre inclusive.<\/p>\n<p><span style=\"color: #339966;\"><b>Caracter\u00edstica de los barrios<\/b><\/span><\/p>\n<p>Una pregunta recurrente de las familias al momento de seleccionar barrio est\u00e1 vinculada a la composici\u00f3n de las viviendas. De los 18 barrios disponibles, existen dos complejos de departamentos Los Surcos, en Chimbas y Los Molinos, en Capital.<\/p>\n<p><span style=\"color: #339966;\"><strong>1. Complejo Los Molinos, Departamento Capital<\/strong><\/span><\/p>\n<p>El barrio cuenta con un total de 260 viviendas, de aproximadamente 66,46 m2. Cada una de las unidades cuenta con dos dormitorios, ba\u00f1o, estar comedor, cocina y lavadero. Cabe destacar que el proyecto permite transformar las mismas en viviendas evolutivas a bajo costo.<\/p>\n<p><span style=\"color: #339966;\"><strong>2.<\/strong>\u00a0<strong>Complejo Los Surcos, Departamento Chimbas<\/strong><\/span><\/p>\n<p>El complejo habitacional contar\u00e1 con 112 departamentos, diversificados en tres prototipos que superan los 64 metros cuadrados. El proyecto contempla dos dormitorios, ba\u00f1o, estar comedor, cocina y lavadero.<\/p>\n<p>Las viviendas de ambos complejos, poseen estructura sismorresistente, con mamposter\u00eda de ladrillos macizo, revoque interior t\u00e9rmico estucado y losa de hormig\u00f3n armado con cielorraso de hormig\u00f3n visto. Asimismo, contempla equipamiento de ba\u00f1o y cocina completos, con termotanque incluido. Tambi\u00e9n poseer\u00e1n instalaci\u00f3n el\u00e9ctrica y de gas interior, con nicho y gabinete, con un tanque de reserva de 850 litros.<\/p>\n<p>Adem\u00e1s, los complejos poseer\u00e1n red de agua y cloacas, red el\u00e9ctrica, calles con calzada asfaltada y pasantes peatonales con el respectivo alumbrado p\u00fablico. En la parte exterior, el barrio contempla veredas municipales, arbolado, sistema de riego de arbolado p\u00fablico y red de humedales.<\/p>\n<p>Cabe destacar, que quienes\u00a0adem\u00e1s de las cuotas mensuales, deben contemplarse los gastos comunes (mantenimiento de espacios verdes, iluminaci\u00f3n, escaleras, bombas, etc). Es por esto, que el preadjudicatario\/a deber\u00e1 tener en cuenta ambos gastos y por lo tanto demostrar que podr\u00e1 abonarlos.<\/p>\n<p><span style=\"color: #339966;\"><b>3. Prototipo de vivienda gen\u00e9rica<\/b><\/span><\/p>\n<p>El resto de las viviendas que conforman los barrios a sortearse, pertenecen al prototipo AP, con variaciones seg\u00fan la zona, pero respondiendo a caracter\u00edsticas comunes tales como superficie de 60m2, cocina comedor, ba\u00f1o completo, dos dormitorios y lavadero exterior.<\/p>\n<p>Adem\u00e1s, los proyectos contemplan calef\u00f3n solar, termotanque el\u00e9ctrico, cisterna e instalaci\u00f3n de red de gas y sistema cloacal.<\/p>\n<p><span style=\"color: #339966;\"><b>Listado de barrios a sortearse<\/b><\/span><\/p>\n<p>A continuaci\u00f3n se recuerda la n\u00f3mina de barrios a sortearse con la cantidad de viviendas. Cabe recordar que la ubicaci\u00f3n correspondiente se encuentra disponible en la\u00a0web de IPV<\/p>\n<p><a href=\"https:\/\/sorteovivienda.sanjuan.gob.ar\/sorteo_provincial_2023\/sorteo-provincial-2023.html\">https:\/\/sorteovivienda.sanjuan.gob.ar\/sorteo_provincial_2023\/sorteo-provincial-2023.html<\/a><\/p>\n<p><span style=\"color: #339966;\"><strong>Departamento Capital<\/strong><\/span><\/p>\n<ul>\n<li>B\u00b0 Los Molinos \u2013 258 viviendas<\/li>\n<\/ul>\n<p><span style=\"color: #339966;\"><strong>Departamento Chimbas<\/strong><\/span><\/p>\n<ul>\n<li>B\u00b0 Conj. Habit. Los Surcos \u2013 112 viviendas<\/li>\n<li>B\u00b0 Las Tres Mar\u00edas \u2013 59 viviendas<\/li>\n<\/ul>\n<p><span style=\"color: #339966;\"><strong>Departamento Rawson<\/strong><\/span><\/p>\n<ul>\n<li>B\u00b0 La Jarilla \u2013 49 viviendas<\/li>\n<li>B\u00b0 Valle Grande Norte \u2013 35 viviendas<\/li>\n<\/ul>\n<p><span style=\"color: #339966;\"><strong>Departamento Albard\u00f3n<\/strong><\/span><\/p>\n<ul>\n<li>B\u00b0 Villicum \u2013 137 viviendas<\/li>\n<\/ul>\n<p><span style=\"color: #339966;\"><strong>Departamento Angaco<\/strong><\/span><\/p>\n<ul>\n<li>B\u00b0 Jos\u00e9 Segovia \/ B\u00b0 Malvinas Nos Une &#8211; 187 viviendas<\/li>\n<\/ul>\n<p><span style=\"color: #339966;\"><strong>Departamento Caucete<\/strong><\/span><\/p>\n<ul>\n<li>B\u00b0 El Algarrobo \u2013 204 viviendas<\/li>\n<\/ul>\n<p><span style=\"color: #339966;\"><strong>Departamento Zonda<\/strong><\/span><\/p>\n<ul>\n<li>B\u00b0 Zonda Conjunto 2 (Ampliaci\u00f3n) \u2013 25 viviendas<\/li>\n<\/ul>\n<p><span style=\"color: #339966;\"><strong>Departamento 25 De Mayo<\/strong><\/span><\/p>\n<ul>\n<li>B\u00b0 Tehul \u2013 175 viviendas<\/li>\n<\/ul>\n<p><span style=\"color: #339966;\"><strong>Departamento Sarmiento<\/strong><\/span><\/p>\n<ul>\n<li>B\u00b0 Solares Del Sur \u2013 100 viviendas<\/li>\n<\/ul>\n<p><span style=\"color: #339966;\"><strong>Departamento Calingasta<\/strong><\/span><\/p>\n<ul>\n<li>B\u00b0 El Puerto \u2013 58 viviendas<\/li>\n<\/ul>\n<p><span style=\"color: #339966;\"><strong>Departamento Valle F\u00e9rtil<\/strong><\/span><\/p>\n<ul>\n<li>B\u00b0 Ampliaci\u00f3n Valle Norte \u2013 74 viviendas<\/li>\n<\/ul>\n<p><span style=\"color: #339966;\"><strong>Departamento Iglesia<\/strong><\/span><\/p>\n<ul>\n<li>B\u00b0 Las Lomas \u2013 40 viviendas<\/li>\n<li>B\u00b0 Puente Verde \u2013 44 viviendas<\/li>\n<li>B\u00b0 Cuesta Del Viento (Ampliaci\u00f3n) &#8211; 33 viviendas<\/li>\n<\/ul>\n<p><span style=\"color: #339966;\"><strong>Departamento J\u00e1chal<\/strong><\/span><\/p>\n<ul>\n<li>B\u00b0 Aires Del Oeste &#8211; 53 viviendas<\/li>\n<\/ul>\n<p>&nbsp;<\/p>\n<p>&nbsp;<\/p>\n","protected":false},"excerpt":{"rendered":"<p>El 1 de Noviembre de 2023 comienza la etapa de sorteos de los 18 barrios que ya se encuentran en<\/p>\n","protected":false},"author":3,"featured_media":62895,"comment_status":"closed","ping_status":"closed","sticky":false,"template":"","format":"standard","meta":{"_acf_changed":false,"_seopress_robots_primary_cat":"none","_seopress_titles_title":"","_seopress_titles_desc":"","_seopress_robots_index":"","colormag_page_container_layout":"default_layout","colormag_page_sidebar_layout":"default_layout","footnotes":""},"categories":[1],"tags":[],"class_list":["post-62892","post","type-post","status-publish","format-standard","has-post-thumbnail","hentry","category-destacadas"],"acf":[],"_links":{"self":[{"href":"https:\/\/vocesparalelas.com.ar\/sitio\/wp-json\/wp\/v2\/posts\/62892","targetHints":{"allow":["GET"]}}],"collection":[{"href":"https:\/\/vocesparalelas.com.ar\/sitio\/wp-json\/wp\/v2\/posts"}],"about":[{"href":"https:\/\/vocesparalelas.com.ar\/sitio\/wp-json\/wp\/v2\/types\/post"}],"author":[{"embeddable":true,"href":"https:\/\/vocesparalelas.com.ar\/sitio\/wp-json\/wp\/v2\/users\/3"}],"replies":[{"embeddable":true,"href":"https:\/\/vocesparalelas.com.ar\/sitio\/wp-json\/wp\/v2\/comments?post=62892"}],"version-history":[{"count":1,"href":"https:\/\/vocesparalelas.com.ar\/sitio\/wp-json\/wp\/v2\/posts\/62892\/revisions"}],"predecessor-version":[{"id":62896,"href":"https:\/\/vocesparalelas.com.ar\/sitio\/wp-json\/wp\/v2\/posts\/62892\/revisions\/62896"}],"wp:featuredmedia":[{"embeddable":true,"href":"https:\/\/vocesparalelas.com.ar\/sitio\/wp-json\/wp\/v2\/media\/62895"}],"wp:attachment":[{"href":"https:\/\/vocesparalelas.com.ar\/sitio\/wp-json\/wp\/v2\/media?parent=62892"}],"wp:term":[{"taxonomy":"category","embeddable":true,"href":"https:\/\/vocesparalelas.com.ar\/sitio\/wp-json\/wp\/v2\/categories?post=62892"},{"taxonomy":"post_tag","embeddable":true,"href":"https:\/\/vocesparalelas.com.ar\/sitio\/wp-json\/wp\/v2\/tags?post=62892"}],"curies":[{"name":"wp","href":"https:\/\/api.w.org\/{rel}","templated":true}]}}