{"id":62887,"date":"2023-08-30T21:14:54","date_gmt":"2023-08-31T00:14:54","guid":{"rendered":"https:\/\/vocesparalelas.com.ar\/sitio\/?p=62887"},"modified":"2023-08-30T21:14:54","modified_gmt":"2023-08-31T00:14:54","slug":"reunion-de-la-comision-de-hacienda-de-la-camara-de-diputados-de-san-juan","status":"publish","type":"post","link":"https:\/\/vocesparalelas.com.ar\/sitio\/reunion-de-la-comision-de-hacienda-de-la-camara-de-diputados-de-san-juan\/","title":{"rendered":"Reuni\u00f3n de la Comisi\u00f3n de Hacienda de la C\u00e1mara de Diputados de San Juan"},"content":{"rendered":"<div class=\"itemFullText jbintrotext\">\n<p>El Lunes, 28 de Agosto, la comisi\u00f3n de Hacienda y Presupuesto de la C\u00e1mara de Diputados de San Juan, presidida por su presidente, diputado Rodolfo Jalife, analiz\u00f3 y estudi\u00f3 diversos proyectos de Ley.<\/p>\n<\/div>\n<div class=\"itemFullText\">\n<p>Participaron los legisladores Gast\u00f3n Berenguer, Andr\u00e9s Chanampa, Jos\u00e9 Luis Esteve, y Carlos Jaime Quiroga. En la ocasi\u00f3n, otorgaron despacho favorable a la nota del Consejo Profesional de Ciencias Econ\u00f3micas de San Juan mediante la cual se eleva dos ternas para la auditoria de las rendiciones de cuentas del Tribunal de Cuentas de los ejercicios 2022.<\/p>\n<figure id=\"attachment_37951\" aria-describedby=\"caption-attachment-37951\" style=\"width: 800px\" class=\"wp-caption alignnone\"><img loading=\"lazy\" decoding=\"async\" class=\"size-full wp-image-37951\" src=\"https:\/\/vocesparalelas.com.ar\/sitio\/wp-content\/uploads\/2021\/05\/CAMARA-EDIFICIO.jpg\" alt=\"\" width=\"800\" height=\"515\" srcset=\"https:\/\/vocesparalelas.com.ar\/sitio\/wp-content\/uploads\/2021\/05\/CAMARA-EDIFICIO.jpg 800w, https:\/\/vocesparalelas.com.ar\/sitio\/wp-content\/uploads\/2021\/05\/CAMARA-EDIFICIO-300x193.jpg 300w, https:\/\/vocesparalelas.com.ar\/sitio\/wp-content\/uploads\/2021\/05\/CAMARA-EDIFICIO-768x494.jpg 768w\" sizes=\"auto, (max-width: 800px) 100vw, 800px\" \/><figcaption id=\"caption-attachment-37951\" class=\"wp-caption-text\">Legislatura Provincial de San Juan<\/figcaption><\/figure>\n<\/div>\n","protected":false},"excerpt":{"rendered":"<p>El Lunes, 28 de Agosto, la comisi\u00f3n de Hacienda y Presupuesto de la C\u00e1mara de Diputados de San Juan, presidida<\/p>\n","protected":false},"author":3,"featured_media":62890,"comment_status":"closed","ping_status":"closed","sticky":false,"template":"","format":"standard","meta":{"_acf_changed":false,"_seopress_robots_primary_cat":"none","_seopress_titles_title":"","_seopress_titles_desc":"","_seopress_robots_index":"","colormag_page_container_layout":"default_layout","colormag_page_sidebar_layout":"default_layout","footnotes":""},"categories":[1],"tags":[],"class_list":["post-62887","post","type-post","status-publish","format-standard","has-post-thumbnail","hentry","category-destacadas"],"acf":[],"_links":{"self":[{"href":"https:\/\/vocesparalelas.com.ar\/sitio\/wp-json\/wp\/v2\/posts\/62887","targetHints":{"allow":["GET"]}}],"collection":[{"href":"https:\/\/vocesparalelas.com.ar\/sitio\/wp-json\/wp\/v2\/posts"}],"about":[{"href":"https:\/\/vocesparalelas.com.ar\/sitio\/wp-json\/wp\/v2\/types\/post"}],"author":[{"embeddable":true,"href":"https:\/\/vocesparalelas.com.ar\/sitio\/wp-json\/wp\/v2\/users\/3"}],"replies":[{"embeddable":true,"href":"https:\/\/vocesparalelas.com.ar\/sitio\/wp-json\/wp\/v2\/comments?post=62887"}],"version-history":[{"count":1,"href":"https:\/\/vocesparalelas.com.ar\/sitio\/wp-json\/wp\/v2\/posts\/62887\/revisions"}],"predecessor-version":[{"id":62891,"href":"https:\/\/vocesparalelas.com.ar\/sitio\/wp-json\/wp\/v2\/posts\/62887\/revisions\/62891"}],"wp:featuredmedia":[{"embeddable":true,"href":"https:\/\/vocesparalelas.com.ar\/sitio\/wp-json\/wp\/v2\/media\/62890"}],"wp:attachment":[{"href":"https:\/\/vocesparalelas.com.ar\/sitio\/wp-json\/wp\/v2\/media?parent=62887"}],"wp:term":[{"taxonomy":"category","embeddable":true,"href":"https:\/\/vocesparalelas.com.ar\/sitio\/wp-json\/wp\/v2\/categories?post=62887"},{"taxonomy":"post_tag","embeddable":true,"href":"https:\/\/vocesparalelas.com.ar\/sitio\/wp-json\/wp\/v2\/tags?post=62887"}],"curies":[{"name":"wp","href":"https:\/\/api.w.org\/{rel}","templated":true}]}}