{"id":62865,"date":"2023-08-29T20:18:54","date_gmt":"2023-08-29T23:18:54","guid":{"rendered":"https:\/\/vocesparalelas.com.ar\/sitio\/?p=62865"},"modified":"2023-08-31T00:59:38","modified_gmt":"2023-08-31T03:59:38","slug":"de-la-belle-epoque-a-piazzolla-en-auditorio-juan-victoria","status":"publish","type":"post","link":"https:\/\/vocesparalelas.com.ar\/sitio\/de-la-belle-epoque-a-piazzolla-en-auditorio-juan-victoria\/","title":{"rendered":"\u00abDe la Belle \u00c9poque a Piazzolla\u00bb en Auditorio Juan Victoria"},"content":{"rendered":"<p>El Mozarteum Argentino San Juan presenta un emocionante concierto que promete transportar a los espectadores a trav\u00e9s de un viaje musical, el S\u00e1bado, 9 de Septiembre, a las 21:30, en el Auditorio Juan Victoria con \u00abDe la Belle \u00c9poque a Piazzolla\u00bb.<\/p>\n<p>El programa se conformar\u00e1 por una selecci\u00f3n diversa de obras maestras que abarcan distintos per\u00edodos y estilos musicales. As\u00ed, el evento contar\u00e1 con la participaci\u00f3n destacada de los virtuosos m\u00fasicos argentinos Marcela Roggeri al piano y Mariano Rey en el clarinete.<\/p>\n<p>El repertorio comprende obras emblem\u00e1ticas de renombrados compositores. En ese marco, la velada da inicio con Apr\u00e8s un r\u00eave de Gabriel Faur\u00e9, seguido por la Sonata Op.167 de Camille Saint-Sa\u00ebns, una pieza que se despliega en cuatro movimientos cargados de virtuosismo y emociones variadas.<\/p>\n<p>La experiencia musical contin\u00faa con la Sonata Op.184 de Francis Poulenc, una obra de tres movimientos que refleja la profundidad emocional del compositor. Carlos Guastavino est\u00e1 representado con Tonada y Cueca y Rosita Iglesias, destacando la destreza mel\u00f3dica y r\u00edtmica del folklore argentino.<\/p>\n<p>La segunda mitad del programa abraza el tango contempor\u00e1neo y la obra de Astor Piazzolla, un verdadero \u00edcono del g\u00e9nero. Piezas como Adi\u00f3s Nonino, Oblivion y Libertango prometen cautivar al p\u00fablico con su pasi\u00f3n y energ\u00eda distintivas.<\/p>\n<p>Las entradas est\u00e1n disponibles en la oficina de Mozarteum, de Lunes a Viernes, de 9 a 12.30 hs. El d\u00eda de la funci\u00f3n, se pueden adquirir en la boleter\u00eda del Auditorio a partir de las 19 hs. El valor de la entrada general es de $3.000, mientras que la entrada para menores de 30 a\u00f1os es de $1.600.<\/p>\n<p><img loading=\"lazy\" decoding=\"async\" class=\"alignnone size-full wp-image-61468\" src=\"https:\/\/vocesparalelas.com.ar\/sitio\/wp-content\/uploads\/2023\/07\/AUDITORIO-EDIFICIO.jpg\" alt=\"\" width=\"800\" height=\"533\" srcset=\"https:\/\/vocesparalelas.com.ar\/sitio\/wp-content\/uploads\/2023\/07\/AUDITORIO-EDIFICIO.jpg 800w, https:\/\/vocesparalelas.com.ar\/sitio\/wp-content\/uploads\/2023\/07\/AUDITORIO-EDIFICIO-300x200.jpg 300w, https:\/\/vocesparalelas.com.ar\/sitio\/wp-content\/uploads\/2023\/07\/AUDITORIO-EDIFICIO-768x512.jpg 768w\" sizes=\"auto, (max-width: 800px) 100vw, 800px\" \/><\/p>\n<p>&nbsp;<\/p>\n<p>&nbsp;<\/p>\n","protected":false},"excerpt":{"rendered":"<p>El Mozarteum Argentino San Juan presenta un emocionante concierto que promete transportar a los espectadores a trav\u00e9s de un viaje<\/p>\n","protected":false},"author":3,"featured_media":62870,"comment_status":"closed","ping_status":"closed","sticky":false,"template":"","format":"standard","meta":{"_acf_changed":false,"_seopress_robots_primary_cat":"none","_seopress_titles_title":"","_seopress_titles_desc":"","_seopress_robots_index":"","colormag_page_container_layout":"default_layout","colormag_page_sidebar_layout":"default_layout","footnotes":""},"categories":[20],"tags":[],"class_list":["post-62865","post","type-post","status-publish","format-standard","has-post-thumbnail","hentry","category-cartelera"],"acf":[],"_links":{"self":[{"href":"https:\/\/vocesparalelas.com.ar\/sitio\/wp-json\/wp\/v2\/posts\/62865","targetHints":{"allow":["GET"]}}],"collection":[{"href":"https:\/\/vocesparalelas.com.ar\/sitio\/wp-json\/wp\/v2\/posts"}],"about":[{"href":"https:\/\/vocesparalelas.com.ar\/sitio\/wp-json\/wp\/v2\/types\/post"}],"author":[{"embeddable":true,"href":"https:\/\/vocesparalelas.com.ar\/sitio\/wp-json\/wp\/v2\/users\/3"}],"replies":[{"embeddable":true,"href":"https:\/\/vocesparalelas.com.ar\/sitio\/wp-json\/wp\/v2\/comments?post=62865"}],"version-history":[{"count":1,"href":"https:\/\/vocesparalelas.com.ar\/sitio\/wp-json\/wp\/v2\/posts\/62865\/revisions"}],"predecessor-version":[{"id":62869,"href":"https:\/\/vocesparalelas.com.ar\/sitio\/wp-json\/wp\/v2\/posts\/62865\/revisions\/62869"}],"wp:featuredmedia":[{"embeddable":true,"href":"https:\/\/vocesparalelas.com.ar\/sitio\/wp-json\/wp\/v2\/media\/62870"}],"wp:attachment":[{"href":"https:\/\/vocesparalelas.com.ar\/sitio\/wp-json\/wp\/v2\/media?parent=62865"}],"wp:term":[{"taxonomy":"category","embeddable":true,"href":"https:\/\/vocesparalelas.com.ar\/sitio\/wp-json\/wp\/v2\/categories?post=62865"},{"taxonomy":"post_tag","embeddable":true,"href":"https:\/\/vocesparalelas.com.ar\/sitio\/wp-json\/wp\/v2\/tags?post=62865"}],"curies":[{"name":"wp","href":"https:\/\/api.w.org\/{rel}","templated":true}]}}