{"id":62800,"date":"2023-08-28T20:17:52","date_gmt":"2023-08-28T23:17:52","guid":{"rendered":"https:\/\/vocesparalelas.com.ar\/sitio\/?p=62800"},"modified":"2023-08-30T12:53:58","modified_gmt":"2023-08-30T15:53:58","slug":"preinscripcion-para-las-carreras-de-seguridad-ciudadana-y-penitenciaria-de-san-juan","status":"publish","type":"post","link":"https:\/\/vocesparalelas.com.ar\/sitio\/preinscripcion-para-las-carreras-de-seguridad-ciudadana-y-penitenciaria-de-san-juan\/","title":{"rendered":"Preinscripci\u00f3n para las carreras de Seguridad Ciudadana y Penitenciaria de San Juan"},"content":{"rendered":"<p>La Secretar\u00eda de Estado de Seguridad y Orden P\u00fablico del Gobierno de San Juan y la Universidad Cat\u00f3lica de Cuyo, informan que se encuentra abierta la preinscripci\u00f3n para las carreras Diplomatura y Tecnicatura en Seguridad Ciudadana y Penitenciaria de la Escuela de Seguridad Ciudadana de San Juan.<\/p>\n<p><strong><span style=\"color: #339966;\">Aquellos interesados deben pre-inscribirse en<\/span><\/strong><\/p>\n<p><a href=\"https:\/\/intra.uccuyo.edu.ar\/preinscweb\/seguridad2022.php\">https:\/\/intra.uccuyo.edu.ar\/preinscweb\/seguridad2022.php<\/a><\/p>\n<p>Una vez llenado el formulario no se permite hacer cambios en los datos ni en las carreras<\/p>\n<p>Se recuerda que el formulario debe ser impreso para presentar junto con los dem\u00e1s requisitos en la inscripci\u00f3n definitiva.<\/p>\n<p>Todos los ex\u00e1menes f\u00edsicos y te\u00f3ricos son organizados y supervisados por la Escuela de Seguridad de la Universidad Cat\u00f3lica de Cuyo, con la colaboraci\u00f3n, en el examen f\u00edsico, de Polic\u00eda de San Juan y Servicio Penitenciario.<\/p>\n<p><img loading=\"lazy\" decoding=\"async\" class=\"alignnone size-full wp-image-58097\" src=\"https:\/\/vocesparalelas.com.ar\/sitio\/wp-content\/uploads\/2023\/04\/POLICIA-SAN-JUAN-JURA-01.jpg\" alt=\"\" width=\"800\" height=\"480\" srcset=\"https:\/\/vocesparalelas.com.ar\/sitio\/wp-content\/uploads\/2023\/04\/POLICIA-SAN-JUAN-JURA-01.jpg 800w, https:\/\/vocesparalelas.com.ar\/sitio\/wp-content\/uploads\/2023\/04\/POLICIA-SAN-JUAN-JURA-01-300x180.jpg 300w, https:\/\/vocesparalelas.com.ar\/sitio\/wp-content\/uploads\/2023\/04\/POLICIA-SAN-JUAN-JURA-01-768x461.jpg 768w\" sizes=\"auto, (max-width: 800px) 100vw, 800px\" \/><\/p>\n<p><img loading=\"lazy\" decoding=\"async\" class=\"alignnone size-full wp-image-61430\" src=\"https:\/\/vocesparalelas.com.ar\/sitio\/wp-content\/uploads\/2023\/07\/PENITENCIARIO-03.jpg\" alt=\"\" width=\"800\" height=\"534\" srcset=\"https:\/\/vocesparalelas.com.ar\/sitio\/wp-content\/uploads\/2023\/07\/PENITENCIARIO-03.jpg 800w, https:\/\/vocesparalelas.com.ar\/sitio\/wp-content\/uploads\/2023\/07\/PENITENCIARIO-03-300x200.jpg 300w, https:\/\/vocesparalelas.com.ar\/sitio\/wp-content\/uploads\/2023\/07\/PENITENCIARIO-03-768x513.jpg 768w\" sizes=\"auto, (max-width: 800px) 100vw, 800px\" \/><\/p>\n<p>Destacando que, con el aporte del Ministerio de Seguridad Nacional, en el 2020, se modific\u00f3 el proceso de ingreso del aspirante, logrando una mayor transparencia y profundidad en el proceso de evaluaci\u00f3n.<\/p>\n<p><span style=\"color: #339966;\"><u><b style=\"color: #339966;\">Requisitos de <\/b><span style=\"color: #339966;\"><b>Inscripci\u00f3n<\/b><\/span><b style=\"color: #339966;\">\u00a0comunes a todas las Carreras<\/b><\/u><\/span><\/p>\n<ul>\n<li>Ser argentino, nativo o por opci\u00f3n<\/li>\n<li>Cartilla sanitaria completa emitida por American Advisor (predio EMICAR S.A.)<\/li>\n<li>Antecedentes: Planilla Prontuarial. IMPORTANTE: Para obtener la planilla prontuarial deber\u00e1 concurrir en forma presencial a pedir el turno por la Oficina de Antecedentes y con la ficha impresa de pre-inscripci\u00f3n a la carrera.<\/li>\n<li>1 (una) foto tipo carnet.<\/li>\n<li>Fotocopia de D.N.I.<\/li>\n<li>Formulario de preinscripci\u00f3n impreso.<\/li>\n<li>Carpeta legajo cart\u00f3n (verde masculino, amarillo femenino) con un solo folio que incluya toda la documentaci\u00f3n<\/li>\n<\/ul>\n<p><span style=\"color: #339966;\"><strong><u>Edades<\/u><\/strong><\/span><\/p>\n<p>Al 31 de Diciembre del a\u00f1o 2023 deben tener<\/p>\n<ul>\n<li>Diplomatura en Seguridad Ciudadana: hasta 25 a\u00f1os<\/li>\n<li>Diplomatura en Seguridad Penitenciaria: hasta 30 a\u00f1os<\/li>\n<li>Tecnicatura y Licenciatura en Seguridad Ciudadana: hasta 22 a\u00f1os<\/li>\n<li>Tecnicatura y Licenciatura en Seguridad Penitenciaria: hasta 25 a\u00f1os<\/li>\n<\/ul>\n<p><span style=\"color: #339966;\"><strong><u>Altura<\/u><\/strong><\/span><\/p>\n<ul>\n<li><strong><span style=\"color: #339966;\">Diplomatura en Seguridad Ciudadana, Tecnicatura y Licenciatura en Seguridad Ciudadana:<\/span><\/strong> 1,60 m para las mujeres y 1,65 m para los hombres;<\/li>\n<li><span style=\"color: #339966;\"><strong>Diplomatura en Seguridad Penitenciaria, Tecnicatura y Licenciatura en Seguridad Penitenciaria:<\/strong>\u00a0<\/span>1,50 m para las mujeres y 1,50 m para los hombres.<\/li>\n<\/ul>\n<p><img loading=\"lazy\" decoding=\"async\" class=\"alignnone size-full wp-image-61430\" src=\"https:\/\/vocesparalelas.com.ar\/sitio\/wp-content\/uploads\/2023\/07\/PENITENCIARIO-03.jpg\" alt=\"\" width=\"800\" height=\"534\" srcset=\"https:\/\/vocesparalelas.com.ar\/sitio\/wp-content\/uploads\/2023\/07\/PENITENCIARIO-03.jpg 800w, https:\/\/vocesparalelas.com.ar\/sitio\/wp-content\/uploads\/2023\/07\/PENITENCIARIO-03-300x200.jpg 300w, https:\/\/vocesparalelas.com.ar\/sitio\/wp-content\/uploads\/2023\/07\/PENITENCIARIO-03-768x513.jpg 768w\" sizes=\"auto, (max-width: 800px) 100vw, 800px\" \/><\/p>\n<p><span style=\"color: #339966;\"><strong><u>Tatuajes<\/u><\/strong><\/span><\/p>\n<ul>\n<li><span style=\"color: #339966;\"><strong>Carreras de Seguridad Ciudadana:<\/strong>\u00a0<\/span>No se aceptan ning\u00fan tipo de tatuaje en partes visibles de los uniformes de las fuerzas: piernas, brazos, cuello y cara. En caso de la presentar tatuajes menores en zonas visibles debe removerlos previo egresar.<\/li>\n<li><span style=\"color: #339966;\"><strong>Carreras de Seguridad Penitenciaria<\/strong>:<\/span> Son admisibles tatuajes visibles de car\u00e1cter no ofensivo, salvo que est\u00e9n presentes en cara, cuello nuca y cuero cabelludo. En el examen psicof\u00edsico no se realiza una valoraci\u00f3n de los tatuajes, sino que solo se consta en los informes.<\/li>\n<\/ul>\n<p><span style=\"color: #339966;\"><strong><u>Documentaci\u00f3n Estudios Secundario<\/u><\/strong><\/span><\/p>\n<ul>\n<li>Copia de Certificado anal\u00edtico legalizado por el Ministerio de Educaci\u00f3n.<\/li>\n<li>En caso de tener el certificado anal\u00edtico en tr\u00e1mite, presentar Copia del libro matriz y certificado de finalizaci\u00f3n del cursado, actualizado, sellado y firmado por autoridad escolar.<\/li>\n<li>Si est\u00e1 cursando el \u00faltimo a\u00f1o del secundario, presentar certificado sellado y firmado por autoridad de la escuela que asiste.<\/li>\n<\/ul>\n<p><span style=\"color: #339966;\"><strong><u>Cronograma<\/u><\/strong><\/span><\/p>\n<ul>\n<li>1\u00b0 Etapa: Examen f\u00edsico eliminatorio<\/li>\n<li>2\u00b0 Etapa: Ex\u00e1menes te\u00f3ricos escritos eliminatorios, \u00c9tica, Ciencias Sociales y Comprensi\u00f3n lectora, se aprueba cada examen con 6 seis.<\/li>\n<li>3\u00b0 Etapa: Ingreso de alumnos aprobados por orden de m\u00e9rito hasta a los cupos disponibles que determine la Secretaria de Estado de Seguridad y Orden Publico del Gobierno de San Juan.<\/li>\n<\/ul>\n","protected":false},"excerpt":{"rendered":"<p>La Secretar\u00eda de Estado de Seguridad y Orden P\u00fablico del Gobierno de San Juan y la Universidad Cat\u00f3lica de Cuyo,<\/p>\n","protected":false},"author":3,"featured_media":59001,"comment_status":"closed","ping_status":"closed","sticky":false,"template":"","format":"standard","meta":{"_acf_changed":false,"_seopress_robots_primary_cat":"none","_seopress_titles_title":"","_seopress_titles_desc":"","_seopress_robots_index":"","colormag_page_container_layout":"default_layout","colormag_page_sidebar_layout":"default_layout","footnotes":""},"categories":[9],"tags":[],"class_list":["post-62800","post","type-post","status-publish","format-standard","has-post-thumbnail","hentry","category-cursos"],"acf":[],"_links":{"self":[{"href":"https:\/\/vocesparalelas.com.ar\/sitio\/wp-json\/wp\/v2\/posts\/62800","targetHints":{"allow":["GET"]}}],"collection":[{"href":"https:\/\/vocesparalelas.com.ar\/sitio\/wp-json\/wp\/v2\/posts"}],"about":[{"href":"https:\/\/vocesparalelas.com.ar\/sitio\/wp-json\/wp\/v2\/types\/post"}],"author":[{"embeddable":true,"href":"https:\/\/vocesparalelas.com.ar\/sitio\/wp-json\/wp\/v2\/users\/3"}],"replies":[{"embeddable":true,"href":"https:\/\/vocesparalelas.com.ar\/sitio\/wp-json\/wp\/v2\/comments?post=62800"}],"version-history":[{"count":4,"href":"https:\/\/vocesparalelas.com.ar\/sitio\/wp-json\/wp\/v2\/posts\/62800\/revisions"}],"predecessor-version":[{"id":62806,"href":"https:\/\/vocesparalelas.com.ar\/sitio\/wp-json\/wp\/v2\/posts\/62800\/revisions\/62806"}],"wp:featuredmedia":[{"embeddable":true,"href":"https:\/\/vocesparalelas.com.ar\/sitio\/wp-json\/wp\/v2\/media\/59001"}],"wp:attachment":[{"href":"https:\/\/vocesparalelas.com.ar\/sitio\/wp-json\/wp\/v2\/media?parent=62800"}],"wp:term":[{"taxonomy":"category","embeddable":true,"href":"https:\/\/vocesparalelas.com.ar\/sitio\/wp-json\/wp\/v2\/categories?post=62800"},{"taxonomy":"post_tag","embeddable":true,"href":"https:\/\/vocesparalelas.com.ar\/sitio\/wp-json\/wp\/v2\/tags?post=62800"}],"curies":[{"name":"wp","href":"https:\/\/api.w.org\/{rel}","templated":true}]}}