{"id":62739,"date":"2023-08-26T22:55:15","date_gmt":"2023-08-27T01:55:15","guid":{"rendered":"https:\/\/vocesparalelas.com.ar\/sitio\/?p=62739"},"modified":"2023-08-29T00:57:03","modified_gmt":"2023-08-29T03:57:03","slug":"ganadoras-del-concurso-la-mejor-ruana-sanjuanina","status":"publish","type":"post","link":"https:\/\/vocesparalelas.com.ar\/sitio\/ganadoras-del-concurso-la-mejor-ruana-sanjuanina\/","title":{"rendered":"Ganadoras del Concurso \u00abLa Mejor Ruana Sanjuanina\u00bb"},"content":{"rendered":"<p>En un emocionante evento que reuni\u00f3 a m\u00e1s de 50 participantes, acompa\u00f1ados por sus amigos y familia, el concurso \u00abLa Mejor Ruana Sanjuanina\u00bb lleg\u00f3 a su fin, dejando en claro la destreza y el talento de artesanas y artesanos locales con su oficio ancestral. Organizado por el Ministerio de Desarrollo Humano y Promoci\u00f3n Social en el marco del Programa Provincial Hilar San Juan, el certamen tuvo como objetivo principal dar visibilidad y revalorizar la labor artesanal de los tejedores, tejedoras e hilanderas de la provincia.<\/p>\n<p>El evento de finalizaci\u00f3n, que se celebr\u00f3 en el Centro Cultural y Deportivo La Superiora, ubicado en el departamento Rawson, represent\u00f3 un homenaje a una tarea que ha sido transmitida de generaci\u00f3n en generaci\u00f3n, formando parte esencial de la identidad cultural de San Juan. A trav\u00e9s de esta iniciativa, se busc\u00f3 destacar no solo la belleza y originalidad de las ruanas, sino tambi\u00e9n el esfuerzo y la dedicaci\u00f3n de los artistas que mantienen viva esta tradici\u00f3n.<\/p>\n<p>El jurado tuvo la tarea de evaluar las 52 ruanas participantes en base a criterios fundamentales, como su belleza est\u00e9tica, originalidad en el dise\u00f1o y la selecci\u00f3n de tonos y caracter\u00edsticas distintivas.<\/p>\n<p>La elecci\u00f3n de las prendas ganadoras fue sin duda un desaf\u00edo, dada la alta calidad y variedad de las obras presentadas.<\/p>\n<p>Elecci\u00f3n de 5 ganadoras que recibieron importantes premios:<\/p>\n<ul>\n<li>Departamento Chimbas lleg\u00f3 la ganadora del primer puesto, Myriam Riveros.<\/li>\n<li>Departamento Angaco lleg\u00f3 la ganadora del segundo puesto, Eliana Marcela Orozco<\/li>\n<li>Departamento 9 de Julio lleg\u00f3 la ganadora del tercer puesto Anal\u00eda Ramos<\/li>\n<li>Departamento Angaco lleg\u00f3 la ganadora del cuarto puesto Silvia Pelaytay<\/li>\n<li>Departamento Capital lleg\u00f3 la ganadora del quinto puesto, Mabel Rago<\/li>\n<\/ul>\n<p><iframe loading=\"lazy\" title=\"CONCURSO &quot;LA MEJOR RUANA SANJUANINA&quot;\" width=\"800\" height=\"450\" src=\"https:\/\/www.youtube.com\/embed\/xbfU6gpERlc?feature=oembed\" frameborder=\"0\" allow=\"accelerometer; autoplay; clipboard-write; encrypted-media; gyroscope; picture-in-picture; web-share\" allowfullscreen><\/iframe><\/p>\n<p>\u00abEs una noche muy emotiva en lo personal y para todos los que trabajamos para dar visibilidad al trabajo de los artesanos y las artesanas de la provincia, que son quienes realizan estas verdaderas obras de arte. Por eso seguimos trabajando orgullosamente para dar continuidad a estas pol\u00edticas p\u00fablicas\u00bb, dijo Ver\u00f3nica D\u00edas, directora de Emprendedores Sociales.<\/p>\n<p>De esta manera, \u00abLa Mejor Ruana Sanjuanina\u00bb se ha consagrado como un espacio de participaci\u00f3n, que preserva y resalta las ra\u00edces culturales, brindando una plataforma para el talento local y construyendo puentes entre el pasado y el presente.<\/p>\n<p>&nbsp;<\/p>\n<p>&nbsp;<\/p>\n","protected":false},"excerpt":{"rendered":"<p>En un emocionante evento que reuni\u00f3 a m\u00e1s de 50 participantes, acompa\u00f1ados por sus amigos y familia, el concurso \u00abLa<\/p>\n","protected":false},"author":3,"featured_media":62742,"comment_status":"closed","ping_status":"closed","sticky":false,"template":"","format":"standard","meta":{"_acf_changed":false,"_seopress_robots_primary_cat":"none","_seopress_titles_title":"","_seopress_titles_desc":"","_seopress_robots_index":"","colormag_page_container_layout":"default_layout","colormag_page_sidebar_layout":"default_layout","footnotes":""},"categories":[8,7],"tags":[],"class_list":["post-62739","post","type-post","status-publish","format-standard","has-post-thumbnail","hentry","category-concursos","category-videos"],"acf":[],"_links":{"self":[{"href":"https:\/\/vocesparalelas.com.ar\/sitio\/wp-json\/wp\/v2\/posts\/62739","targetHints":{"allow":["GET"]}}],"collection":[{"href":"https:\/\/vocesparalelas.com.ar\/sitio\/wp-json\/wp\/v2\/posts"}],"about":[{"href":"https:\/\/vocesparalelas.com.ar\/sitio\/wp-json\/wp\/v2\/types\/post"}],"author":[{"embeddable":true,"href":"https:\/\/vocesparalelas.com.ar\/sitio\/wp-json\/wp\/v2\/users\/3"}],"replies":[{"embeddable":true,"href":"https:\/\/vocesparalelas.com.ar\/sitio\/wp-json\/wp\/v2\/comments?post=62739"}],"version-history":[{"count":1,"href":"https:\/\/vocesparalelas.com.ar\/sitio\/wp-json\/wp\/v2\/posts\/62739\/revisions"}],"predecessor-version":[{"id":62743,"href":"https:\/\/vocesparalelas.com.ar\/sitio\/wp-json\/wp\/v2\/posts\/62739\/revisions\/62743"}],"wp:featuredmedia":[{"embeddable":true,"href":"https:\/\/vocesparalelas.com.ar\/sitio\/wp-json\/wp\/v2\/media\/62742"}],"wp:attachment":[{"href":"https:\/\/vocesparalelas.com.ar\/sitio\/wp-json\/wp\/v2\/media?parent=62739"}],"wp:term":[{"taxonomy":"category","embeddable":true,"href":"https:\/\/vocesparalelas.com.ar\/sitio\/wp-json\/wp\/v2\/categories?post=62739"},{"taxonomy":"post_tag","embeddable":true,"href":"https:\/\/vocesparalelas.com.ar\/sitio\/wp-json\/wp\/v2\/tags?post=62739"}],"curies":[{"name":"wp","href":"https:\/\/api.w.org\/{rel}","templated":true}]}}