{"id":62717,"date":"2023-08-25T21:25:24","date_gmt":"2023-08-26T00:25:24","guid":{"rendered":"https:\/\/vocesparalelas.com.ar\/sitio\/?p=62717"},"modified":"2023-08-29T00:59:53","modified_gmt":"2023-08-29T03:59:53","slug":"la-vigencia-de-la-salud-mental-en-la-actualidad-desde-la-mirada-del-hmq-de-san-juan","status":"publish","type":"post","link":"https:\/\/vocesparalelas.com.ar\/sitio\/la-vigencia-de-la-salud-mental-en-la-actualidad-desde-la-mirada-del-hmq-de-san-juan\/","title":{"rendered":"\u201cLa vigencia de la Salud Mental en la actualidad\u201d desde la mirada del HMQ de San Juan"},"content":{"rendered":"<p>El Servicio de Psiquiatr\u00eda del Hospital Dr. Marcial Quiroga organiz\u00f3 la II Jornada del Servicio de Psiquiatr\u00eda \u201cLa vigencia de la Salud Mental en la actualidad\u201d.<\/p>\n<p>Fue una propuesta que surgi\u00f3 a partir del aumento de la demanda de pacientes y los cambios en los modos de presentaci\u00f3n de los mismos. Por ello, es que pens\u00f3 en la necesidad de generar un espacio de trabajo y formalizaci\u00f3n de la pr\u00e1ctica, dando lugar a esta doble jornada, que se realiz\u00f3 en el Auditorio del Museo Provincial de Bellas Artes Franklin Rawson.<\/p>\n<p><img loading=\"lazy\" decoding=\"async\" class=\"alignnone size-full wp-image-62674\" src=\"https:\/\/vocesparalelas.com.ar\/sitio\/wp-content\/uploads\/2023\/08\/HMQ-SALUD-MENTAL-02.jpg\" alt=\"\" width=\"800\" height=\"530\" srcset=\"https:\/\/vocesparalelas.com.ar\/sitio\/wp-content\/uploads\/2023\/08\/HMQ-SALUD-MENTAL-02.jpg 800w, https:\/\/vocesparalelas.com.ar\/sitio\/wp-content\/uploads\/2023\/08\/HMQ-SALUD-MENTAL-02-300x199.jpg 300w, https:\/\/vocesparalelas.com.ar\/sitio\/wp-content\/uploads\/2023\/08\/HMQ-SALUD-MENTAL-02-768x509.jpg 768w\" sizes=\"auto, (max-width: 800px) 100vw, 800px\" \/><\/p>\n<p>Es importante destacar que la jefa del Servicio de Psiquiatr\u00eda del Hospital Dr. Marcial Quiroga, Dra. M\u00f3nica Rojo y un equipo fueron responsables de organizar las II Jornadas.<\/p>\n<p>Por ello, Voces Paralelas desarroll\u00f3 una entrevista period\u00edstica a la Integrante del Servicio de Psiquiatr\u00eda del Hospital Dr. Marcial Quiroga, Lic. Mabel Clavijo, quien destac\u00f3 a trav\u00e9s de la historia el concepto de Salud Mental fue cambiando hasta el 2023 del Siglo XXI.<\/p>\n<p><iframe loading=\"lazy\" title=\"HMQ LIC MABEL CLAVIJO\" width=\"800\" height=\"450\" src=\"https:\/\/www.youtube.com\/embed\/17kbGvIO0Lw?feature=oembed\" frameborder=\"0\" allow=\"accelerometer; autoplay; clipboard-write; encrypted-media; gyroscope; picture-in-picture; web-share\" allowfullscreen><\/iframe><\/p>\n<p>&nbsp;<\/p>\n<p><img loading=\"lazy\" decoding=\"async\" class=\"alignnone size-full wp-image-62720\" src=\"https:\/\/vocesparalelas.com.ar\/sitio\/wp-content\/uploads\/2023\/08\/HMQ-SALUD-MENTAL-01-1.jpg\" alt=\"\" width=\"800\" height=\"533\" srcset=\"https:\/\/vocesparalelas.com.ar\/sitio\/wp-content\/uploads\/2023\/08\/HMQ-SALUD-MENTAL-01-1.jpg 800w, https:\/\/vocesparalelas.com.ar\/sitio\/wp-content\/uploads\/2023\/08\/HMQ-SALUD-MENTAL-01-1-300x200.jpg 300w, https:\/\/vocesparalelas.com.ar\/sitio\/wp-content\/uploads\/2023\/08\/HMQ-SALUD-MENTAL-01-1-768x512.jpg 768w\" sizes=\"auto, (max-width: 800px) 100vw, 800px\" \/><\/p>\n<p><img loading=\"lazy\" decoding=\"async\" class=\"alignnone size-full wp-image-62721\" src=\"https:\/\/vocesparalelas.com.ar\/sitio\/wp-content\/uploads\/2023\/08\/HMQ-SALUD-MENTAL-02-1.jpg\" alt=\"\" width=\"800\" height=\"533\" srcset=\"https:\/\/vocesparalelas.com.ar\/sitio\/wp-content\/uploads\/2023\/08\/HMQ-SALUD-MENTAL-02-1.jpg 800w, https:\/\/vocesparalelas.com.ar\/sitio\/wp-content\/uploads\/2023\/08\/HMQ-SALUD-MENTAL-02-1-300x200.jpg 300w, https:\/\/vocesparalelas.com.ar\/sitio\/wp-content\/uploads\/2023\/08\/HMQ-SALUD-MENTAL-02-1-768x512.jpg 768w\" sizes=\"auto, (max-width: 800px) 100vw, 800px\" \/><\/p>\n<p><img loading=\"lazy\" decoding=\"async\" class=\"alignnone size-full wp-image-62722\" src=\"https:\/\/vocesparalelas.com.ar\/sitio\/wp-content\/uploads\/2023\/08\/HMQ-SALUD-MENTAL-03-1.jpg\" alt=\"\" width=\"800\" height=\"533\" srcset=\"https:\/\/vocesparalelas.com.ar\/sitio\/wp-content\/uploads\/2023\/08\/HMQ-SALUD-MENTAL-03-1.jpg 800w, https:\/\/vocesparalelas.com.ar\/sitio\/wp-content\/uploads\/2023\/08\/HMQ-SALUD-MENTAL-03-1-300x200.jpg 300w, https:\/\/vocesparalelas.com.ar\/sitio\/wp-content\/uploads\/2023\/08\/HMQ-SALUD-MENTAL-03-1-768x512.jpg 768w\" sizes=\"auto, (max-width: 800px) 100vw, 800px\" \/><\/p>\n<p><img loading=\"lazy\" decoding=\"async\" class=\"alignnone size-full wp-image-50515\" src=\"https:\/\/vocesparalelas.com.ar\/sitio\/wp-content\/uploads\/2022\/07\/HMQ-FRENTE.jpg\" alt=\"\" width=\"800\" height=\"600\" srcset=\"https:\/\/vocesparalelas.com.ar\/sitio\/wp-content\/uploads\/2022\/07\/HMQ-FRENTE.jpg 800w, https:\/\/vocesparalelas.com.ar\/sitio\/wp-content\/uploads\/2022\/07\/HMQ-FRENTE-300x225.jpg 300w, https:\/\/vocesparalelas.com.ar\/sitio\/wp-content\/uploads\/2022\/07\/HMQ-FRENTE-768x576.jpg 768w\" sizes=\"auto, (max-width: 800px) 100vw, 800px\" \/><\/p>\n","protected":false},"excerpt":{"rendered":"<p>El Servicio de Psiquiatr\u00eda del Hospital Dr. Marcial Quiroga organiz\u00f3 la II Jornada del Servicio de Psiquiatr\u00eda \u201cLa vigencia de<\/p>\n","protected":false},"author":3,"featured_media":62723,"comment_status":"closed","ping_status":"closed","sticky":false,"template":"","format":"standard","meta":{"_acf_changed":false,"_seopress_robots_primary_cat":"none","_seopress_titles_title":"","_seopress_titles_desc":"","_seopress_robots_index":"","colormag_page_container_layout":"default_layout","colormag_page_sidebar_layout":"default_layout","footnotes":""},"categories":[9,7],"tags":[],"class_list":["post-62717","post","type-post","status-publish","format-standard","has-post-thumbnail","hentry","category-cursos","category-videos"],"acf":[],"_links":{"self":[{"href":"https:\/\/vocesparalelas.com.ar\/sitio\/wp-json\/wp\/v2\/posts\/62717","targetHints":{"allow":["GET"]}}],"collection":[{"href":"https:\/\/vocesparalelas.com.ar\/sitio\/wp-json\/wp\/v2\/posts"}],"about":[{"href":"https:\/\/vocesparalelas.com.ar\/sitio\/wp-json\/wp\/v2\/types\/post"}],"author":[{"embeddable":true,"href":"https:\/\/vocesparalelas.com.ar\/sitio\/wp-json\/wp\/v2\/users\/3"}],"replies":[{"embeddable":true,"href":"https:\/\/vocesparalelas.com.ar\/sitio\/wp-json\/wp\/v2\/comments?post=62717"}],"version-history":[{"count":4,"href":"https:\/\/vocesparalelas.com.ar\/sitio\/wp-json\/wp\/v2\/posts\/62717\/revisions"}],"predecessor-version":[{"id":62727,"href":"https:\/\/vocesparalelas.com.ar\/sitio\/wp-json\/wp\/v2\/posts\/62717\/revisions\/62727"}],"wp:featuredmedia":[{"embeddable":true,"href":"https:\/\/vocesparalelas.com.ar\/sitio\/wp-json\/wp\/v2\/media\/62723"}],"wp:attachment":[{"href":"https:\/\/vocesparalelas.com.ar\/sitio\/wp-json\/wp\/v2\/media?parent=62717"}],"wp:term":[{"taxonomy":"category","embeddable":true,"href":"https:\/\/vocesparalelas.com.ar\/sitio\/wp-json\/wp\/v2\/categories?post=62717"},{"taxonomy":"post_tag","embeddable":true,"href":"https:\/\/vocesparalelas.com.ar\/sitio\/wp-json\/wp\/v2\/tags?post=62717"}],"curies":[{"name":"wp","href":"https:\/\/api.w.org\/{rel}","templated":true}]}}