{"id":62710,"date":"2023-08-24T21:23:50","date_gmt":"2023-08-25T00:23:50","guid":{"rendered":"https:\/\/vocesparalelas.com.ar\/sitio\/?p=62710"},"modified":"2023-08-25T01:24:23","modified_gmt":"2023-08-25T04:24:23","slug":"festival-cuyo-contemporaneo-de-la-ffha-de-la-unsj","status":"publish","type":"post","link":"https:\/\/vocesparalelas.com.ar\/sitio\/festival-cuyo-contemporaneo-de-la-ffha-de-la-unsj\/","title":{"rendered":"Festival Cuyo Contempor\u00e1neo de la FFHA de la UNSJ"},"content":{"rendered":"<p>En el a\u00f1o de las celebraciones por los 50 a\u00f1os de la Universidad Nacional de San Juan, la Facultad de Filosof\u00eda, Humanidades y Artes realizar\u00e1 el Festival Cuyo Contempor\u00e1neo el 25; 26 y 27 de Agosto de 2023.<\/p>\n<p>Los escenarios elegidos para los conciertos son en la sala Audit\u00f3rium del Teatro del Bicentenario, el Auditorio Juan Victoria y el Museo de Bellas Artes Franklin Rawson. Tambi\u00e9n se lleva a cabo un concierto en una instituci\u00f3n educativa y dos talleres instrumentales.<\/p>\n<p>Junto a los artistas locales est\u00e1n participando de este festival el violinista Mariano Ceballos, quien se desenvuelve art\u00edsticamente en Paris; el percusionista argentino radicado en Alemania Ram\u00f3n Gardella; la reconocida pianista oriunda de Buenos Aires Hayde\u00e9 Schvartz; y los compositores Jorge Sad Levi y Miguel Bellusci.<\/p>\n<p>En orden cronol\u00f3gico, el Viernes 25 de Agosto, a las 18 hs, en el Museo Franklin Rawson hay un concierto de I\u00f3n, ensamble de m\u00fasica contempor\u00e1nea. Luego, a las 21 hs, un concierto de viol\u00edn m\u00e1s electr\u00f3nica, con el violinista Mariano Ceballos.<\/p>\n<p>Es en el Teatro Bicentenario, el S\u00e1bado, 26 de Agosto, en el Auditorio Juan Victoria, a las 10 hs, hay clases magistrales de m\u00fasica. Desde las 17 hs, en la Escuela de M\u00fasica, charla abierta sobre \u201cLa creaci\u00f3n musical hoy\u201d. A las 21 hs, en la Sala Auditorium del Bicentenario, m\u00fasica.<\/p>\n<p>En tanto, el domingo 27 de Agosto, a las 21 hs.; en el Auditorio Juan Victoria.<\/p>\n<p>Cabe recordar que esta actividad se realiza en el marco de \u201cLa U Festeja\u201d, un circuito de eventos que desarrollar\u00e1n las Facultades y Unidades Acad\u00e9micas que forman parte de la Universidad Nacional de San Juan.<\/p>\n<p><a href=\"https:\/\/vocesparalelas.com.ar\/sitio\/wp-content\/uploads\/2023\/08\/FFHA-UNSJ-Programa-festiva.pdf\">FFHA UNSJ-Programa festiva<\/a><\/p>\n<p><img loading=\"lazy\" decoding=\"async\" class=\"alignnone size-large wp-image-43889\" src=\"https:\/\/vocesparalelas.com.ar\/sitio\/wp-content\/uploads\/2021\/11\/FFHA-FRENTE-1-800x600.jpg\" alt=\"\" width=\"800\" height=\"600\" srcset=\"https:\/\/vocesparalelas.com.ar\/sitio\/wp-content\/uploads\/2021\/11\/FFHA-FRENTE-1-800x600.jpg 800w, https:\/\/vocesparalelas.com.ar\/sitio\/wp-content\/uploads\/2021\/11\/FFHA-FRENTE-1-300x225.jpg 300w, https:\/\/vocesparalelas.com.ar\/sitio\/wp-content\/uploads\/2021\/11\/FFHA-FRENTE-1-768x576.jpg 768w, https:\/\/vocesparalelas.com.ar\/sitio\/wp-content\/uploads\/2021\/11\/FFHA-FRENTE-1.jpg 1024w\" sizes=\"auto, (max-width: 800px) 100vw, 800px\" \/><\/p>\n<p>&nbsp;<\/p>\n<p><img loading=\"lazy\" decoding=\"async\" class=\"alignnone size-full wp-image-53945\" src=\"https:\/\/vocesparalelas.com.ar\/sitio\/wp-content\/uploads\/2022\/10\/UNSJ-LOGO-50-FINAL.jpg\" alt=\"\" width=\"800\" height=\"476\" srcset=\"https:\/\/vocesparalelas.com.ar\/sitio\/wp-content\/uploads\/2022\/10\/UNSJ-LOGO-50-FINAL.jpg 800w, https:\/\/vocesparalelas.com.ar\/sitio\/wp-content\/uploads\/2022\/10\/UNSJ-LOGO-50-FINAL-300x179.jpg 300w, https:\/\/vocesparalelas.com.ar\/sitio\/wp-content\/uploads\/2022\/10\/UNSJ-LOGO-50-FINAL-768x457.jpg 768w\" sizes=\"auto, (max-width: 800px) 100vw, 800px\" \/> <img loading=\"lazy\" decoding=\"async\" class=\"alignnone size-full wp-image-54035\" src=\"https:\/\/vocesparalelas.com.ar\/sitio\/wp-content\/uploads\/2022\/11\/UNSJ-LOGO-10.jpg\" alt=\"\" width=\"800\" height=\"533\" srcset=\"https:\/\/vocesparalelas.com.ar\/sitio\/wp-content\/uploads\/2022\/11\/UNSJ-LOGO-10.jpg 800w, https:\/\/vocesparalelas.com.ar\/sitio\/wp-content\/uploads\/2022\/11\/UNSJ-LOGO-10-300x200.jpg 300w, https:\/\/vocesparalelas.com.ar\/sitio\/wp-content\/uploads\/2022\/11\/UNSJ-LOGO-10-768x512.jpg 768w\" sizes=\"auto, (max-width: 800px) 100vw, 800px\" \/><\/p>\n<p>&nbsp;<\/p>\n","protected":false},"excerpt":{"rendered":"<p>En el a\u00f1o de las celebraciones por los 50 a\u00f1os de la Universidad Nacional de San Juan, la Facultad de<\/p>\n","protected":false},"author":3,"featured_media":50100,"comment_status":"closed","ping_status":"closed","sticky":false,"template":"","format":"standard","meta":{"_acf_changed":false,"_seopress_robots_primary_cat":"none","_seopress_titles_title":"","_seopress_titles_desc":"","_seopress_robots_index":"","colormag_page_container_layout":"default_layout","colormag_page_sidebar_layout":"default_layout","footnotes":""},"categories":[1],"tags":[],"class_list":["post-62710","post","type-post","status-publish","format-standard","has-post-thumbnail","hentry","category-destacadas"],"acf":[],"_links":{"self":[{"href":"https:\/\/vocesparalelas.com.ar\/sitio\/wp-json\/wp\/v2\/posts\/62710","targetHints":{"allow":["GET"]}}],"collection":[{"href":"https:\/\/vocesparalelas.com.ar\/sitio\/wp-json\/wp\/v2\/posts"}],"about":[{"href":"https:\/\/vocesparalelas.com.ar\/sitio\/wp-json\/wp\/v2\/types\/post"}],"author":[{"embeddable":true,"href":"https:\/\/vocesparalelas.com.ar\/sitio\/wp-json\/wp\/v2\/users\/3"}],"replies":[{"embeddable":true,"href":"https:\/\/vocesparalelas.com.ar\/sitio\/wp-json\/wp\/v2\/comments?post=62710"}],"version-history":[{"count":1,"href":"https:\/\/vocesparalelas.com.ar\/sitio\/wp-json\/wp\/v2\/posts\/62710\/revisions"}],"predecessor-version":[{"id":62714,"href":"https:\/\/vocesparalelas.com.ar\/sitio\/wp-json\/wp\/v2\/posts\/62710\/revisions\/62714"}],"wp:featuredmedia":[{"embeddable":true,"href":"https:\/\/vocesparalelas.com.ar\/sitio\/wp-json\/wp\/v2\/media\/50100"}],"wp:attachment":[{"href":"https:\/\/vocesparalelas.com.ar\/sitio\/wp-json\/wp\/v2\/media?parent=62710"}],"wp:term":[{"taxonomy":"category","embeddable":true,"href":"https:\/\/vocesparalelas.com.ar\/sitio\/wp-json\/wp\/v2\/categories?post=62710"},{"taxonomy":"post_tag","embeddable":true,"href":"https:\/\/vocesparalelas.com.ar\/sitio\/wp-json\/wp\/v2\/tags?post=62710"}],"curies":[{"name":"wp","href":"https:\/\/api.w.org\/{rel}","templated":true}]}}