{"id":62698,"date":"2023-08-24T22:08:54","date_gmt":"2023-08-25T01:08:54","guid":{"rendered":"https:\/\/vocesparalelas.com.ar\/sitio\/?p=62698"},"modified":"2023-08-29T00:59:19","modified_gmt":"2023-08-29T03:59:19","slug":"firma-de-convenio-para-el-laboratorio-virtual-de-realidad-aumentada-de-la-unsj","status":"publish","type":"post","link":"https:\/\/vocesparalelas.com.ar\/sitio\/firma-de-convenio-para-el-laboratorio-virtual-de-realidad-aumentada-de-la-unsj\/","title":{"rendered":"Firma de convenio para el Laboratorio Virtual de Realidad Aumentada de la UNSJ"},"content":{"rendered":"<p>En el sal\u00f3n del decanato de la FACSO de la UNSJ fue el punto de encuentro de la Decana de la FFHA de la UNSJ, Mg. Myriam Arrabal, el director de la EUCS de las UNSJ, Lic. \u00c1ngel Pinto y el Decano de la FACSO de la UNSJ, Dr. Marcelo Lucero, quienes firmaron un convenio para la creaci\u00f3n del Laboratorio Virtual de Realidad Aumentada de la UNSJ.<\/p>\n<p><img loading=\"lazy\" decoding=\"async\" class=\"alignnone size-full wp-image-62703\" src=\"https:\/\/vocesparalelas.com.ar\/sitio\/wp-content\/uploads\/2023\/08\/FFHA-HERRAMIENTAS-03.jpg\" alt=\"\" width=\"800\" height=\"533\" srcset=\"https:\/\/vocesparalelas.com.ar\/sitio\/wp-content\/uploads\/2023\/08\/FFHA-HERRAMIENTAS-03.jpg 800w, https:\/\/vocesparalelas.com.ar\/sitio\/wp-content\/uploads\/2023\/08\/FFHA-HERRAMIENTAS-03-300x200.jpg 300w, https:\/\/vocesparalelas.com.ar\/sitio\/wp-content\/uploads\/2023\/08\/FFHA-HERRAMIENTAS-03-768x512.jpg 768w\" sizes=\"auto, (max-width: 800px) 100vw, 800px\" \/><\/p>\n<p><img loading=\"lazy\" decoding=\"async\" class=\"alignnone size-full wp-image-62702\" src=\"https:\/\/vocesparalelas.com.ar\/sitio\/wp-content\/uploads\/2023\/08\/FFHA-HERRAMIENTAS-02.jpg\" alt=\"\" width=\"800\" height=\"533\" srcset=\"https:\/\/vocesparalelas.com.ar\/sitio\/wp-content\/uploads\/2023\/08\/FFHA-HERRAMIENTAS-02.jpg 800w, https:\/\/vocesparalelas.com.ar\/sitio\/wp-content\/uploads\/2023\/08\/FFHA-HERRAMIENTAS-02-300x200.jpg 300w, https:\/\/vocesparalelas.com.ar\/sitio\/wp-content\/uploads\/2023\/08\/FFHA-HERRAMIENTAS-02-768x512.jpg 768w\" sizes=\"auto, (max-width: 800px) 100vw, 800px\" \/><\/p>\n<p><img loading=\"lazy\" decoding=\"async\" class=\"alignnone size-full wp-image-62701\" src=\"https:\/\/vocesparalelas.com.ar\/sitio\/wp-content\/uploads\/2023\/08\/FFHA-HERRAMIENTAS-01.jpg\" alt=\"\" width=\"800\" height=\"533\" srcset=\"https:\/\/vocesparalelas.com.ar\/sitio\/wp-content\/uploads\/2023\/08\/FFHA-HERRAMIENTAS-01.jpg 800w, https:\/\/vocesparalelas.com.ar\/sitio\/wp-content\/uploads\/2023\/08\/FFHA-HERRAMIENTAS-01-300x200.jpg 300w, https:\/\/vocesparalelas.com.ar\/sitio\/wp-content\/uploads\/2023\/08\/FFHA-HERRAMIENTAS-01-768x512.jpg 768w\" sizes=\"auto, (max-width: 800px) 100vw, 800px\" \/><\/p>\n<p>Por ello, Voces Paralelas desarroll\u00f3 una entrevista period\u00edstica a la Decana de la FFHA de la UNSJ, Mg. Myriam Arrabal, quien explic\u00f3 el significado del convenio y la importancia de unir esfuerzos entre las distintas<\/p>\n<p><iframe loading=\"lazy\" title=\"FFHA UNSJ DECANA MG MYRIAN ARRABAL\" width=\"800\" height=\"450\" src=\"https:\/\/www.youtube.com\/embed\/TCSYiXRYSK8?feature=oembed\" frameborder=\"0\" allow=\"accelerometer; autoplay; clipboard-write; encrypted-media; gyroscope; picture-in-picture; web-share\" allowfullscreen><\/iframe><\/p>\n<p>&nbsp;<\/p>\n<p><span style=\"color: #3366ff;\"><strong>Logros conjuntos<\/strong><\/span><\/p>\n<p>De esta manera, las tres instituciones de la Universidad Nacional de San Juan la Facultad de Ciencias Sociales &#8211; FACSO -, la Facultad de Filosof\u00eda, Humanidades y Artes &#8211; FFHA &#8211; y la Escuela Universitaria de Ciencias de la Salud &#8211; EUCS &#8211; constituyen un consorcio les permite trabajar con tecnolog\u00eda de Realidad virtual y aumentada, con el apoyo de la Secretar\u00eda de Ciencia y T\u00e9cnica de la UNSJ.<\/p>\n<p>Este trabajo conjunto es producto que la Universidad Nacional de San Juan gracias al Programa Federal \u201cEquipar Ciencia 2\u201d del Ministerio de Ciencia, Tecnolog\u00eda e Innovaci\u00f3n de la Naci\u00f3n. Las solicitudes de tecnolog\u00edas por parte de la UNSJ al Equipar Ciencia contaron con el apoyo de la Secretar\u00eda de Estado de Ciencia, T\u00e9cnica e Innovaci\u00f3n &#8211; SECITI &#8211; del Gobierno de San Juan.<\/p>\n<p>La presentaci\u00f3n del proyecto para solicitar el equipo de Realidad aumentada tuvo el aval de 32 institutos y departamentos de las tres Unidades Acad\u00e9micas. Tambi\u00e9n cont\u00f3 con el aval del SIED y de la Secretar\u00eda de Comunicaci\u00f3n y Unidades de la Facultad de Ingenier\u00eda.<\/p>\n<p>La UNSJ actualmente est\u00e1 en el proceso de compra de los equipos, ya que han recibido 44 millones de pesos.\u00a0La tecnolog\u00eda que arriba a la UNSJ tiene una parte de\u00a0hardware\u00a0y otra de\u00a0software que se adquiere a una empresa de Mendoza con a\u00f1os de trayectoria en el rubro. La Realidad virtual aumentada permite experiencias interactivas con la combinaci\u00f3n de la dimensi\u00f3n virtual y f\u00edsica; con ella se puede superponer elementos virtuales sobre la visi\u00f3n de la realidad. Por ejemplo, a trav\u00e9s de una tablet\u00a0o gafas hologr\u00e1ficas se pueden visualizar comunidades, \u00f3rganos en 3D, edificios, maquinarias.<\/p>\n<p>El Laboratorio Virtual de Realidad Aumentada tiene su sede en la FACSO, en el espacio del Sistema Institucional de Educaci\u00f3n a Distancia &#8211; SIED.<\/p>\n<p><img loading=\"lazy\" decoding=\"async\" class=\"alignnone size-full wp-image-62704\" src=\"https:\/\/vocesparalelas.com.ar\/sitio\/wp-content\/uploads\/2023\/08\/FFHA-HERRAMIENTAS-04.jpg\" alt=\"\" width=\"800\" height=\"533\" srcset=\"https:\/\/vocesparalelas.com.ar\/sitio\/wp-content\/uploads\/2023\/08\/FFHA-HERRAMIENTAS-04.jpg 800w, https:\/\/vocesparalelas.com.ar\/sitio\/wp-content\/uploads\/2023\/08\/FFHA-HERRAMIENTAS-04-300x200.jpg 300w, https:\/\/vocesparalelas.com.ar\/sitio\/wp-content\/uploads\/2023\/08\/FFHA-HERRAMIENTAS-04-768x512.jpg 768w\" sizes=\"auto, (max-width: 800px) 100vw, 800px\" \/><\/p>\n<p>&nbsp;<\/p>\n<p><img loading=\"lazy\" decoding=\"async\" class=\"alignnone size-full wp-image-53945\" src=\"https:\/\/vocesparalelas.com.ar\/sitio\/wp-content\/uploads\/2022\/10\/UNSJ-LOGO-50-FINAL.jpg\" alt=\"\" width=\"800\" height=\"476\" srcset=\"https:\/\/vocesparalelas.com.ar\/sitio\/wp-content\/uploads\/2022\/10\/UNSJ-LOGO-50-FINAL.jpg 800w, https:\/\/vocesparalelas.com.ar\/sitio\/wp-content\/uploads\/2022\/10\/UNSJ-LOGO-50-FINAL-300x179.jpg 300w, https:\/\/vocesparalelas.com.ar\/sitio\/wp-content\/uploads\/2022\/10\/UNSJ-LOGO-50-FINAL-768x457.jpg 768w\" sizes=\"auto, (max-width: 800px) 100vw, 800px\" \/><\/p>\n<p><img loading=\"lazy\" decoding=\"async\" class=\"alignnone size-full wp-image-54035\" src=\"https:\/\/vocesparalelas.com.ar\/sitio\/wp-content\/uploads\/2022\/11\/UNSJ-LOGO-10.jpg\" alt=\"\" width=\"800\" height=\"533\" srcset=\"https:\/\/vocesparalelas.com.ar\/sitio\/wp-content\/uploads\/2022\/11\/UNSJ-LOGO-10.jpg 800w, https:\/\/vocesparalelas.com.ar\/sitio\/wp-content\/uploads\/2022\/11\/UNSJ-LOGO-10-300x200.jpg 300w, https:\/\/vocesparalelas.com.ar\/sitio\/wp-content\/uploads\/2022\/11\/UNSJ-LOGO-10-768x512.jpg 768w\" sizes=\"auto, (max-width: 800px) 100vw, 800px\" \/><\/p>\n","protected":false},"excerpt":{"rendered":"<p>En el sal\u00f3n del decanato de la FACSO de la UNSJ fue el punto de encuentro de la Decana de<\/p>\n","protected":false},"author":3,"featured_media":62705,"comment_status":"closed","ping_status":"closed","sticky":false,"template":"","format":"standard","meta":{"_acf_changed":false,"_seopress_robots_primary_cat":"none","_seopress_titles_title":"","_seopress_titles_desc":"","_seopress_robots_index":"","colormag_page_container_layout":"default_layout","colormag_page_sidebar_layout":"default_layout","footnotes":""},"categories":[15,7],"tags":[],"class_list":["post-62698","post","type-post","status-publish","format-standard","has-post-thumbnail","hentry","category-posgrados","category-videos"],"acf":[],"_links":{"self":[{"href":"https:\/\/vocesparalelas.com.ar\/sitio\/wp-json\/wp\/v2\/posts\/62698","targetHints":{"allow":["GET"]}}],"collection":[{"href":"https:\/\/vocesparalelas.com.ar\/sitio\/wp-json\/wp\/v2\/posts"}],"about":[{"href":"https:\/\/vocesparalelas.com.ar\/sitio\/wp-json\/wp\/v2\/types\/post"}],"author":[{"embeddable":true,"href":"https:\/\/vocesparalelas.com.ar\/sitio\/wp-json\/wp\/v2\/users\/3"}],"replies":[{"embeddable":true,"href":"https:\/\/vocesparalelas.com.ar\/sitio\/wp-json\/wp\/v2\/comments?post=62698"}],"version-history":[{"count":1,"href":"https:\/\/vocesparalelas.com.ar\/sitio\/wp-json\/wp\/v2\/posts\/62698\/revisions"}],"predecessor-version":[{"id":62707,"href":"https:\/\/vocesparalelas.com.ar\/sitio\/wp-json\/wp\/v2\/posts\/62698\/revisions\/62707"}],"wp:featuredmedia":[{"embeddable":true,"href":"https:\/\/vocesparalelas.com.ar\/sitio\/wp-json\/wp\/v2\/media\/62705"}],"wp:attachment":[{"href":"https:\/\/vocesparalelas.com.ar\/sitio\/wp-json\/wp\/v2\/media?parent=62698"}],"wp:term":[{"taxonomy":"category","embeddable":true,"href":"https:\/\/vocesparalelas.com.ar\/sitio\/wp-json\/wp\/v2\/categories?post=62698"},{"taxonomy":"post_tag","embeddable":true,"href":"https:\/\/vocesparalelas.com.ar\/sitio\/wp-json\/wp\/v2\/tags?post=62698"}],"curies":[{"name":"wp","href":"https:\/\/api.w.org\/{rel}","templated":true}]}}