{"id":62684,"date":"2023-08-24T22:37:06","date_gmt":"2023-08-25T01:37:06","guid":{"rendered":"https:\/\/vocesparalelas.com.ar\/sitio\/?p=62684"},"modified":"2023-08-29T00:58:41","modified_gmt":"2023-08-29T03:58:41","slug":"la-ii-jornadas-de-investigacion-y-extension-de-la-faud-de-la-unsj-que-fortalece-los-lazos-con-la-comunidad","status":"publish","type":"post","link":"https:\/\/vocesparalelas.com.ar\/sitio\/la-ii-jornadas-de-investigacion-y-extension-de-la-faud-de-la-unsj-que-fortalece-los-lazos-con-la-comunidad\/","title":{"rendered":"La II Jornadas de investigaci\u00f3n y extensi\u00f3n de la FAUD de la UNSJ que fortalece los lazos con la comunidad"},"content":{"rendered":"<p>En el Aula Magna de la Facultad de Arquitectura, Urbanismo y Dise\u00f1o de la Universidad Nacional de San Juan se desarroll\u00f3 las II Jornadas Internas de Investigaci\u00f3n y Extensi\u00f3n bajo el lema \u201cIntegrando experiencias, compartiendo saberes\u201d.<\/p>\n<p>En el momento de la inauguraci\u00f3n, con la presencia de autoridades de la UNSJ y de la FAUD de la UNSJ, que se dieron cita para acompa\u00f1ar la iniciativa tan importante para una Universidad P\u00fablica y gratuita.<\/p>\n<p><img loading=\"lazy\" decoding=\"async\" class=\"alignnone size-full wp-image-62689\" src=\"https:\/\/vocesparalelas.com.ar\/sitio\/wp-content\/uploads\/2023\/08\/FAUD-JORNADAS-INVESTIGACION-03.jpg\" alt=\"\" width=\"800\" height=\"600\" srcset=\"https:\/\/vocesparalelas.com.ar\/sitio\/wp-content\/uploads\/2023\/08\/FAUD-JORNADAS-INVESTIGACION-03.jpg 800w, https:\/\/vocesparalelas.com.ar\/sitio\/wp-content\/uploads\/2023\/08\/FAUD-JORNADAS-INVESTIGACION-03-300x225.jpg 300w, https:\/\/vocesparalelas.com.ar\/sitio\/wp-content\/uploads\/2023\/08\/FAUD-JORNADAS-INVESTIGACION-03-768x576.jpg 768w\" sizes=\"auto, (max-width: 800px) 100vw, 800px\" \/><\/p>\n<p>La\u00a0modalidad de ponencias, conversatorios y mesas de debate, busca acercar a toda la comunidad las acciones desarrollada en la FAUD de la UNSJ.<\/p>\n<p>Para ello, las ponencias se dividieron en cinco ejes:<\/p>\n<ul>\n<li>Abordaje en territorio,<\/li>\n<li>Vinculaci\u00f3n con el medio,<\/li>\n<li>Acuerdos institucionales,<\/li>\n<li>Marcos epist\u00e9micos y<\/li>\n<li>Experiencias de tesistas.<\/li>\n<\/ul>\n<p>Por ello, Voces Paralelas desarroll\u00f3 una entrevista period\u00edstica a la Secretaria de Investigaci\u00f3n y Creaci\u00f3n de la FAUD de la UNSJ, Arq. Amelia Scognamillo, quien describi\u00f3 lo que significa para los investigadores exponer su tarea al servicio de la sociedad.<\/p>\n<p><iframe loading=\"lazy\" title=\"FAUD UNSJ ARQ. AMELIA SCOGNAMILLO\" width=\"800\" height=\"450\" src=\"https:\/\/www.youtube.com\/embed\/BR9V1WcaRyE?feature=oembed\" frameborder=\"0\" allow=\"accelerometer; autoplay; clipboard-write; encrypted-media; gyroscope; picture-in-picture; web-share\" allowfullscreen><\/iframe><\/p>\n<p>Luego, al Decano de la FAUD de la UNSJ, Arq. Guillermo Velasco, quien destac\u00f3 que las jornadas representan las distintas voces de los investigadores que trabajan para hacer su aporte de conocimiento y que permite fortalecer los lazos con la comunidad.<\/p>\n<p><iframe loading=\"lazy\" title=\"FAUD UNSJ DECANO ARQ. GUILLERMO VELASCO\" width=\"800\" height=\"450\" src=\"https:\/\/www.youtube.com\/embed\/MSCMfAJa3x8?feature=oembed\" frameborder=\"0\" allow=\"accelerometer; autoplay; clipboard-write; encrypted-media; gyroscope; picture-in-picture; web-share\" allowfullscreen><\/iframe><\/p>\n<p>Adem\u00e1s, al rector de la UNSJ, Ing. Tadeo Berenguer, quien destac\u00f3 la importancia de estas jornada para dar a conocer a la comunidad lo que se hace al servicio de la sociedad.<\/p>\n<p><iframe loading=\"lazy\" title=\"FAUD UNSJ RECTOR ING TADEO BERENGUER\" width=\"800\" height=\"450\" src=\"https:\/\/www.youtube.com\/embed\/3ng6bF-8T50?feature=oembed\" frameborder=\"0\" allow=\"accelerometer; autoplay; clipboard-write; encrypted-media; gyroscope; picture-in-picture; web-share\" allowfullscreen><\/iframe><\/p>\n<p>Durante el acto inaugural, el rector de la UNSJ, Ing. Tadeo Berenguer, quien luego de felicitar a los organizadores, dijo que \u201ces fundamental realizar estas acciones para demostrar, entre nosotros mismos, las fortalezas que tenemos y la val\u00eda que tiene el sistema universitario de ciencia y t\u00e9cnica, castigado tan duramente en estos momentos. Si bien fue una persona la que enarbol\u00f3 este golpe, esto ha servido para que salgan un mont\u00f3n de voces dentro del sistema universitario, que viven y que investigan en \u00e9l, han salido a decir que el sistema no sirve. Podemos cometer errores y hay mucho que mejorar, pero debemos defender el sistema gratuito de ense\u00f1anza, porque si queremos igualdad e inclusi\u00f3n, solamente la gratuidad va a garantizarlo: no hay otra v\u00eda\u201d.<\/p>\n<p>Adem\u00e1s, el Secretario de Ciencia y T\u00e9cnica de la UNSJ, Dr. Ing. Eric Laciar Leber entreg\u00f3 la Resoluci\u00f3n, instrumento legal a la Directora del Instituto Regional de Planeamiento y H\u00e1bitat de la FAUD de la UNSJ, Dra. Alicia Pringles, quien fue saludada por el Rector de la UNSJ, Ing. Tadeo Berenguer y el Decano de la FAUD, Arq. Guillermo Velasco. Es importante, recordar que el cargo es fue ganado por un concurso Nacional y durante 4 a\u00f1os permanece en sus funciones.<\/p>\n<p>&nbsp;<\/p>\n<p><img loading=\"lazy\" decoding=\"async\" class=\"alignnone size-full wp-image-62688\" src=\"https:\/\/vocesparalelas.com.ar\/sitio\/wp-content\/uploads\/2023\/08\/FAUD-JORNADAS-INVESTIGACION-02.jpg\" alt=\"\" width=\"800\" height=\"600\" srcset=\"https:\/\/vocesparalelas.com.ar\/sitio\/wp-content\/uploads\/2023\/08\/FAUD-JORNADAS-INVESTIGACION-02.jpg 800w, https:\/\/vocesparalelas.com.ar\/sitio\/wp-content\/uploads\/2023\/08\/FAUD-JORNADAS-INVESTIGACION-02-300x225.jpg 300w, https:\/\/vocesparalelas.com.ar\/sitio\/wp-content\/uploads\/2023\/08\/FAUD-JORNADAS-INVESTIGACION-02-768x576.jpg 768w\" sizes=\"auto, (max-width: 800px) 100vw, 800px\" \/><\/p>\n<p>Por medio de videollamada se escuch\u00f3, luego, el saludo de la Presidenta del CONICET, Dra. Ana Franchi, y se escuch\u00f3 la participaci\u00f3n de la coordinadora de la Red Nacional de Extensi\u00f3n Universitaria, Dra. Liliana Elsegood.<\/p>\n<p><img loading=\"lazy\" decoding=\"async\" class=\"size-full wp-image-62690\" src=\"https:\/\/vocesparalelas.com.ar\/sitio\/wp-content\/uploads\/2023\/08\/FAUD-JORNADAS-INVESTIGACION-04.jpg\" alt=\"\" width=\"800\" height=\"600\" srcset=\"https:\/\/vocesparalelas.com.ar\/sitio\/wp-content\/uploads\/2023\/08\/FAUD-JORNADAS-INVESTIGACION-04.jpg 800w, https:\/\/vocesparalelas.com.ar\/sitio\/wp-content\/uploads\/2023\/08\/FAUD-JORNADAS-INVESTIGACION-04-300x225.jpg 300w, https:\/\/vocesparalelas.com.ar\/sitio\/wp-content\/uploads\/2023\/08\/FAUD-JORNADAS-INVESTIGACION-04-768x576.jpg 768w\" sizes=\"auto, (max-width: 800px) 100vw, 800px\" \/><\/p>\n<p>&nbsp;<\/p>\n<p>Finalizado el acto inaugural comenzaron a desarrollarse en distintos espacios de la FAUD de la UNSJ, las distintas propuestas cient\u00edficas por sus directores.<\/p>\n<p><img loading=\"lazy\" decoding=\"async\" class=\"alignnone size-full wp-image-62692\" src=\"https:\/\/vocesparalelas.com.ar\/sitio\/wp-content\/uploads\/2023\/08\/FAUD-JORNADAS-01.jpg\" alt=\"\" width=\"800\" height=\"533\" srcset=\"https:\/\/vocesparalelas.com.ar\/sitio\/wp-content\/uploads\/2023\/08\/FAUD-JORNADAS-01.jpg 800w, https:\/\/vocesparalelas.com.ar\/sitio\/wp-content\/uploads\/2023\/08\/FAUD-JORNADAS-01-300x200.jpg 300w, https:\/\/vocesparalelas.com.ar\/sitio\/wp-content\/uploads\/2023\/08\/FAUD-JORNADAS-01-768x512.jpg 768w\" sizes=\"auto, (max-width: 800px) 100vw, 800px\" \/><\/p>\n<p><img loading=\"lazy\" decoding=\"async\" class=\"alignnone size-full wp-image-62694\" src=\"https:\/\/vocesparalelas.com.ar\/sitio\/wp-content\/uploads\/2023\/08\/FAUD-JORNADAS-02-1.jpg\" alt=\"\" width=\"800\" height=\"533\" srcset=\"https:\/\/vocesparalelas.com.ar\/sitio\/wp-content\/uploads\/2023\/08\/FAUD-JORNADAS-02-1.jpg 800w, https:\/\/vocesparalelas.com.ar\/sitio\/wp-content\/uploads\/2023\/08\/FAUD-JORNADAS-02-1-300x200.jpg 300w, https:\/\/vocesparalelas.com.ar\/sitio\/wp-content\/uploads\/2023\/08\/FAUD-JORNADAS-02-1-768x512.jpg 768w\" sizes=\"auto, (max-width: 800px) 100vw, 800px\" \/><\/p>\n<p><img loading=\"lazy\" decoding=\"async\" class=\"alignnone size-full wp-image-62695\" src=\"https:\/\/vocesparalelas.com.ar\/sitio\/wp-content\/uploads\/2023\/08\/FAUD-JORNADAS-03.jpg\" alt=\"\" width=\"800\" height=\"533\" srcset=\"https:\/\/vocesparalelas.com.ar\/sitio\/wp-content\/uploads\/2023\/08\/FAUD-JORNADAS-03.jpg 800w, https:\/\/vocesparalelas.com.ar\/sitio\/wp-content\/uploads\/2023\/08\/FAUD-JORNADAS-03-300x200.jpg 300w, https:\/\/vocesparalelas.com.ar\/sitio\/wp-content\/uploads\/2023\/08\/FAUD-JORNADAS-03-768x512.jpg 768w\" sizes=\"auto, (max-width: 800px) 100vw, 800px\" \/><\/p>\n<p>&nbsp;<\/p>\n<p><img loading=\"lazy\" decoding=\"async\" class=\"alignnone size-full wp-image-43789\" src=\"https:\/\/vocesparalelas.com.ar\/sitio\/wp-content\/uploads\/2021\/11\/FAUD-LOGO-NUEVO.jpg\" alt=\"\" width=\"800\" height=\"533\" srcset=\"https:\/\/vocesparalelas.com.ar\/sitio\/wp-content\/uploads\/2021\/11\/FAUD-LOGO-NUEVO.jpg 800w, https:\/\/vocesparalelas.com.ar\/sitio\/wp-content\/uploads\/2021\/11\/FAUD-LOGO-NUEVO-300x200.jpg 300w, https:\/\/vocesparalelas.com.ar\/sitio\/wp-content\/uploads\/2021\/11\/FAUD-LOGO-NUEVO-768x512.jpg 768w\" sizes=\"auto, (max-width: 800px) 100vw, 800px\" \/><\/p>\n","protected":false},"excerpt":{"rendered":"<p>En el Aula Magna de la Facultad de Arquitectura, Urbanismo y Dise\u00f1o de la Universidad Nacional de San Juan se<\/p>\n","protected":false},"author":3,"featured_media":62687,"comment_status":"closed","ping_status":"closed","sticky":false,"template":"","format":"standard","meta":{"_acf_changed":false,"_seopress_robots_primary_cat":"none","_seopress_titles_title":"","_seopress_titles_desc":"","_seopress_robots_index":"","colormag_page_container_layout":"default_layout","colormag_page_sidebar_layout":"default_layout","footnotes":""},"categories":[15,7],"tags":[],"class_list":["post-62684","post","type-post","status-publish","format-standard","has-post-thumbnail","hentry","category-posgrados","category-videos"],"acf":[],"_links":{"self":[{"href":"https:\/\/vocesparalelas.com.ar\/sitio\/wp-json\/wp\/v2\/posts\/62684","targetHints":{"allow":["GET"]}}],"collection":[{"href":"https:\/\/vocesparalelas.com.ar\/sitio\/wp-json\/wp\/v2\/posts"}],"about":[{"href":"https:\/\/vocesparalelas.com.ar\/sitio\/wp-json\/wp\/v2\/types\/post"}],"author":[{"embeddable":true,"href":"https:\/\/vocesparalelas.com.ar\/sitio\/wp-json\/wp\/v2\/users\/3"}],"replies":[{"embeddable":true,"href":"https:\/\/vocesparalelas.com.ar\/sitio\/wp-json\/wp\/v2\/comments?post=62684"}],"version-history":[{"count":4,"href":"https:\/\/vocesparalelas.com.ar\/sitio\/wp-json\/wp\/v2\/posts\/62684\/revisions"}],"predecessor-version":[{"id":62753,"href":"https:\/\/vocesparalelas.com.ar\/sitio\/wp-json\/wp\/v2\/posts\/62684\/revisions\/62753"}],"wp:featuredmedia":[{"embeddable":true,"href":"https:\/\/vocesparalelas.com.ar\/sitio\/wp-json\/wp\/v2\/media\/62687"}],"wp:attachment":[{"href":"https:\/\/vocesparalelas.com.ar\/sitio\/wp-json\/wp\/v2\/media?parent=62684"}],"wp:term":[{"taxonomy":"category","embeddable":true,"href":"https:\/\/vocesparalelas.com.ar\/sitio\/wp-json\/wp\/v2\/categories?post=62684"},{"taxonomy":"post_tag","embeddable":true,"href":"https:\/\/vocesparalelas.com.ar\/sitio\/wp-json\/wp\/v2\/tags?post=62684"}],"curies":[{"name":"wp","href":"https:\/\/api.w.org\/{rel}","templated":true}]}}