{"id":62639,"date":"2023-08-23T21:26:34","date_gmt":"2023-08-24T00:26:34","guid":{"rendered":"https:\/\/vocesparalelas.com.ar\/sitio\/?p=62639"},"modified":"2023-08-29T01:01:11","modified_gmt":"2023-08-29T04:01:11","slug":"pautas-para-el-nuevo-sorteo-del-instituto-provincial-de-vivienda-de-san-juan","status":"publish","type":"post","link":"https:\/\/vocesparalelas.com.ar\/sitio\/pautas-para-el-nuevo-sorteo-del-instituto-provincial-de-vivienda-de-san-juan\/","title":{"rendered":"Pautas para el nuevo Sorteo del Instituto Provincial de Vivienda de San Juan"},"content":{"rendered":"<p>El Instituto Provincial de la Vivienda del Ministerio de Obras y Servicios P\u00fablicos del Gobierno de San Juan culmina la construcci\u00f3n de 18 nuevos barrios en diversos departamentos de la provincia.<\/p>\n<p>En ese marco, el organismo habilita el 29 de Agosto de 2023, la elecci\u00f3n de barrios para el sorteo correspondiente de cada conjunto habitacional.<\/p>\n<p>En este sentido, IPV destac\u00f3 los puntos principales a tener en cuenta previo a la habilitaci\u00f3n del sistema.<\/p>\n<p><span style=\"color: #339966;\"><strong>1. Elecci\u00f3n del barrio<\/strong><\/span><\/p>\n<p>Desde el 29 de agosto y hasta el 29 de septiembre, los inscriptos en el padr\u00f3n de IPV\u00a0podr\u00e1n realizar la elecci\u00f3n del barrio \u00fanicamente en el sitio web:<a href=\"http:\/\/www.ipv.sanjuan.gob.ar\/\">\u00a0www.ipv.sanjuan.gob.ar<\/a>\u00a0. El Instituto comunicar\u00e1 oportunamente el instructivo para poder seleccionar el conjunto habitacional, mediante la web.<\/p>\n<p>Es importante destacar que no se permiten cambios en la inscripci\u00f3n, ni nuevas inscripciones. Para participar del sorteo es obligatorio elegir barrio.\u00a0Estar inscripto\/a en el padr\u00f3n de IPV no implica la participaci\u00f3n autom\u00e1tica en el sorteo.<\/p>\n<p><span style=\"color: #339966;\"><b>2. Cronograma del sorteo<\/b><\/span><\/p>\n<ul>\n<li>29 de agosto &#8211; 29 de septiembre: elecci\u00f3n del barrio<\/li>\n<li>4 &#8211; 6 de octubre: publicaci\u00f3n de padrones provisorios<\/li>\n<li>9 &#8211; 12 de octubre: ajuste y correcci\u00f3n de padrones.<\/li>\n<li>25 &#8211; 27 de octubre: publicaci\u00f3n de padrones definitivos<\/li>\n<li>1 &#8211; 10 de noviembre: realizaci\u00f3n de sorteos en la Caja de Acci\u00f3n Social<\/li>\n<\/ul>\n<p><span style=\"color: #339966;\"><strong>3. Barrio a sortearse<\/strong><\/span><\/p>\n<p>El\/la postulante podr\u00e1 visualizar en la p\u00e1gina web del IPV los 18 barrios a sortearse, correctamente geolocalizados, para poder orientarse en la localidad correspondiente. Es necesario aclarar que solo podr\u00e1n elegir los barrios disponibles que mostrar\u00e1 el sistema conforme el domicilio registrado al momento de la inscripci\u00f3n (si es que no hubiera realizado el tr\u00e1mite de cambio de domicilio en IPV).<\/p>\n<p>Aquellos aspirantes que elijan participar por los complejos de departamentos como el barrio Los Molinos, en Capital o Los Surcos, en Chimbas, deber\u00e1n acreditar, sin excepci\u00f3n, dos salarios m\u00ednimos vitales y m\u00f3viles equivalente a $236.000 (septiembre de 2023). Esto se debe a gastos comunes y devoluci\u00f3n de las cuotas, que deber\u00e1 pagar regularmente el adjudicatario\/a al momento de habitar la vivienda.<\/p>\n<p><strong><span style=\"color: #339966;\">N\u00f3mina de barrios a sortearse: en el\u00a0<\/span><\/strong><strong><span style=\"color: #339966;\">Gran San Juan que incluye los <b>Departamentos <\/b>Capital, Chimbas, Rivadavia, Rawson y Santa Luc\u00eda<\/span><br \/>\n<\/strong><\/p>\n<p>Los\/las aspirantes que tienen domicilio &#8211; declarado en IPV- en los departamentos del Gran San Juan, podr\u00e1n optar por los siguientes barrios:<\/p>\n<p><span style=\"color: #339966;\"><b>Departamento Capital<\/b><\/span><\/p>\n<ol>\n<li>B\u00b0 LOS MOLINOS<\/li>\n<\/ol>\n<p><span style=\"color: #339966;\"><b>Departamento Chimbas<\/b><\/span><\/p>\n<ol start=\"2\">\n<li>B\u00b0 LOS SURCOS &#8211;<\/li>\n<li>B\u00b0 LAS TRES MAR\u00cdAS<\/li>\n<\/ol>\n<p><span style=\"color: #339966;\"><b>Departamento Rawson<\/b><\/span><\/p>\n<ol start=\"4\">\n<li>B\u00b0 LA JARILLA<\/li>\n<li>B\u00b0 VALLE GRANDE NORTE<\/li>\n<\/ol>\n<p><strong><span style=\"color: #339966;\">Para aquellos aspirantes que tienen domicilio &#8211; declarado en IPV &#8211; en algunos de los departamentos que no pertenecen al Gran San Juan, los barrios a sortear son los siguientes:<\/span><\/strong><\/p>\n<p><span style=\"color: #339966;\"><b>Departamento Albard\u00f3n<\/b><\/span><\/p>\n<p>6. B\u00b0 VILLICUM<strong><br \/>\n<\/strong><\/p>\n<p><span style=\"color: #339966;\"><b>Departamento Angaco<\/b><\/span><\/p>\n<ol start=\"7\">\n<li>B\u00b0 JOS\u00c9 SEGOVIA<\/li>\n<li>B\u00b0 MALVINA NOS UNE sect 1 y 2<\/li>\n<\/ol>\n<p><span style=\"color: #339966;\"><b>Departamento Caucete<\/b><\/span><\/p>\n<p>9. B\u00b0 EL ALGARROBO- sec 1 y 2<\/p>\n<p><b><span style=\"color: #339966;\">Departamento Calingasta<\/span><br \/>\n<\/b><\/p>\n<p>10. B\u00b0 EL PUERTO<\/p>\n<p><span style=\"color: #339966;\"><b>Departamento Iglesia<\/b><\/span><\/p>\n<p>11. B\u00b0 LAS LOMAS<\/p>\n<p>12. B\u00b0 PUENTE VERDE<\/p>\n<p>13. B\u00b0 CUESTA DEL VIENTO (Ampliaci\u00f3n)<\/p>\n<p><span style=\"color: #339966;\"><b>Departamento J\u00e1chal<\/b><\/span><\/p>\n<p>14.\u00a0B\u00b0 TRIGALES<\/p>\n<p><span style=\"color: #339966;\"><b>Departamento Valle F\u00e9rtil<\/b><\/span><\/p>\n<p>15. B\u00b0 VALLE NORTE (Ampliaci\u00f3n)<\/p>\n<p><span style=\"color: #339966;\"><b>Departamento Sarmiento<\/b><\/span><\/p>\n<p>16. B\u00b0 SOLARES DEL SUR<\/p>\n<p><span style=\"color: #339966;\"><b>Departamento 25 de Mayo<\/b><\/span><\/p>\n<p>17.\u00a0B\u00b0 TEHUL<\/p>\n<h3><b>Zonda<\/b><\/h3>\n<p>18. B\u00b0 CONJUNTO 2 (Ampliaci\u00f3n)<\/p>\n<p><span style=\"color: #339966;\"><b>4. Oficina M\u00f3vil<\/b><\/span><\/p>\n<p>El Instituto Provincial de la Vivienda visitar\u00e1 los departamentos con su oficina m\u00f3vil para brindar ayuda en la selecci\u00f3n de barrios, conectividad y consultas relacionadas.<\/p>\n<ul>\n<li>CALINGASTA:\u00a07 y 8 de septiembre \u2013 de 9 a 17hs.<\/li>\n<li>ALBARD\u00d3N:\u00a012 y 13 de septiembre \u2013 de 8 a 13hs.<\/li>\n<li>ANGACO:\u00a012 Y 13 de septiembre &#8211; de 8 a 13hs.<\/li>\n<li>CAUCETE:\u00a014 Y 15 de septiembre \u2013 de 8 a 13hs.<\/li>\n<li>25 DE MAYO:\u00a014 Y 15 de septiembre \u2013 de 9 a 14hs.<\/li>\n<li>SARMIENTO:\u00a018 Y 19 de septiembre \u2013 de 9 a 14hs.<\/li>\n<li>ZONDA: 19 de septiembre \u2013 de 8 a 13hs.<\/li>\n<li>VALLE F\u00c9RTIL:\u00a020, 21 y 22 de septiembre \u2013 de 9 a 17hs<\/li>\n<li>J\u00c1CHAL: 25, 26 Y 27 de septiembre \u2013 de 9 a 17hs.<\/li>\n<li>IGLESIA: 26 Y 27 de septiembre &#8211; de 9 a 17hs.<\/li>\n<\/ul>\n<p>Los lugares se confirmar\u00e1n pr\u00f3ximos a la fecha de visita, en coordinaci\u00f3n con cada municipio.<\/p>\n<p><span style=\"color: #339966;\"><strong>5.\u00a0Sobre los sorteos<\/strong><\/span><\/p>\n<p>Los sorteos se realizar\u00e1n en la Caja de Acci\u00f3n Social del 1 al 10 de noviembre y se transmitir\u00e1n a trav\u00e9s de SI San Juan. Se solicita a la poblaci\u00f3n no asistir al lugar, ya que no est\u00e1 autorizado el ingreso al recinto.<\/p>\n","protected":false},"excerpt":{"rendered":"<p>El Instituto Provincial de la Vivienda del Ministerio de Obras y Servicios P\u00fablicos del Gobierno de San Juan culmina la<\/p>\n","protected":false},"author":3,"featured_media":13076,"comment_status":"closed","ping_status":"closed","sticky":false,"template":"","format":"standard","meta":{"_acf_changed":false,"_seopress_robots_primary_cat":"none","_seopress_titles_title":"","_seopress_titles_desc":"","_seopress_robots_index":"","colormag_page_container_layout":"default_layout","colormag_page_sidebar_layout":"default_layout","footnotes":""},"categories":[6],"tags":[],"class_list":["post-62639","post","type-post","status-publish","format-standard","has-post-thumbnail","hentry","category-eventos"],"acf":[],"_links":{"self":[{"href":"https:\/\/vocesparalelas.com.ar\/sitio\/wp-json\/wp\/v2\/posts\/62639","targetHints":{"allow":["GET"]}}],"collection":[{"href":"https:\/\/vocesparalelas.com.ar\/sitio\/wp-json\/wp\/v2\/posts"}],"about":[{"href":"https:\/\/vocesparalelas.com.ar\/sitio\/wp-json\/wp\/v2\/types\/post"}],"author":[{"embeddable":true,"href":"https:\/\/vocesparalelas.com.ar\/sitio\/wp-json\/wp\/v2\/users\/3"}],"replies":[{"embeddable":true,"href":"https:\/\/vocesparalelas.com.ar\/sitio\/wp-json\/wp\/v2\/comments?post=62639"}],"version-history":[{"count":1,"href":"https:\/\/vocesparalelas.com.ar\/sitio\/wp-json\/wp\/v2\/posts\/62639\/revisions"}],"predecessor-version":[{"id":62642,"href":"https:\/\/vocesparalelas.com.ar\/sitio\/wp-json\/wp\/v2\/posts\/62639\/revisions\/62642"}],"wp:featuredmedia":[{"embeddable":true,"href":"https:\/\/vocesparalelas.com.ar\/sitio\/wp-json\/wp\/v2\/media\/13076"}],"wp:attachment":[{"href":"https:\/\/vocesparalelas.com.ar\/sitio\/wp-json\/wp\/v2\/media?parent=62639"}],"wp:term":[{"taxonomy":"category","embeddable":true,"href":"https:\/\/vocesparalelas.com.ar\/sitio\/wp-json\/wp\/v2\/categories?post=62639"},{"taxonomy":"post_tag","embeddable":true,"href":"https:\/\/vocesparalelas.com.ar\/sitio\/wp-json\/wp\/v2\/tags?post=62639"}],"curies":[{"name":"wp","href":"https:\/\/api.w.org\/{rel}","templated":true}]}}