{"id":62581,"date":"2023-08-22T22:02:19","date_gmt":"2023-08-23T01:02:19","guid":{"rendered":"https:\/\/vocesparalelas.com.ar\/sitio\/?p=62581"},"modified":"2023-08-22T22:02:19","modified_gmt":"2023-08-23T01:02:19","slug":"vii-encuentro-argentino-del-tomate-en-san-juan","status":"publish","type":"post","link":"https:\/\/vocesparalelas.com.ar\/sitio\/vii-encuentro-argentino-del-tomate-en-san-juan\/","title":{"rendered":"VII Encuentro Argentino del Tomate en San Juan"},"content":{"rendered":"<p>El Martes, 22 de Agosto, comenz\u00f3 el VII encuentro argentino del tomate, en San Juan, en el complejo deportivo La Superiora, departamento de Rawson.<\/p>\n<p>El vicegobernador de la provincia, en ejercicio del poder ejecutivo, CPN Roberto Gattoni, presidi\u00f3 el acto y estuvo acompa\u00f1ado por ministro de Producci\u00f3n y Desarrollo Econ\u00f3mico, Ing. Ariel Lucero; intendente del departamento de Rawson, Tec. Rub\u00e9n Garc\u00eda; directora de la Estaci\u00f3n Experimental Agropecuaria de INTA San Juan, Lic. M\u00f3nica Ruiz; gerente de la Asociaci\u00f3n Tomate 2000, Guillermo San Mart\u00edn; secretario de Agricultura, Ganader\u00eda y Agroindustria, Ing. Mart\u00edn G\u00f3mez Sabatier; director de Desarrollo Agr\u00edcola, Ing. Fabricio Fach\u00edn.<\/p>\n<p>La actividad es organizada por el Ministerio de Producci\u00f3n y Desarrollo Econ\u00f3mico del Gobierno de San Juan junto al CFI, Consejo Federal de Inversiones, la Asociaci\u00f3n Tomate 2000, SENASA, INTA, Sociedad de Chacareros Temporarios de San Juan, C\u00e1maras de Productores Agr\u00edcolas y la Municipalidad de Rawson.<\/p>\n<p>San Juan, desde hace m\u00e1s de una d\u00e9cada, se posicion\u00f3 como la principal productora nacional de tomate para industria por condiciones agroclim\u00e1ticas y por un crecimiento en la incorporaci\u00f3n de tecnolog\u00eda como cosecha mec\u00e1nica, trasplante mec\u00e1nico, riego por goteo, entre otros.<\/p>\n<p>Adem\u00e1s, esta provincia es la que mayor porcentaje de riego por goteo tiene aplicada la producci\u00f3n de tomate industrial, llegando al 95 o 98 por ciento. Por todo esto, los rendimientos son equiparables con los rendimientos de las zonas con mayor desarrollo del mundo.<\/p>\n<p>El vicegobernador Gattoni destac\u00f3 la diversificaci\u00f3n de la matriz productiva sanjuanina y el fortalecimiento de la cadena productiva. En ese sentido destac\u00f3 que \u00abcuando Sergio U\u00f1ac era intendente organiz\u00f3 la primera misi\u00f3n de productores a Espa\u00f1a y California. De los 22 productores que viajaron solamente 2 ten\u00edan riesgos por goteo, los otros 20 regaban a Manta y \u00e9ramos una provincia que no ten\u00eda importancia nacional en la producci\u00f3n de tomate\u201d.<\/p>\n<p>Gattoni continu\u00f3 diciendo que \u201ca partir de all\u00ed, a partir de las distintas misiones, a partir de que asumi\u00f3 como Gobernador hubo un fuerte crecimiento en la incorporaci\u00f3n de tecnolog\u00eda, ayudados tambi\u00e9n por los cr\u00e9ditos que a trav\u00e9s del Ministerio de la Producci\u00f3n, Ministerio de Hacienda y Agencias San Juan de Desarrollo se fueron dando y convirtieron a la producci\u00f3n de tomate para industria en lo que es hoy\u00bb.<\/p>\n<p><img loading=\"lazy\" decoding=\"async\" class=\"alignnone size-full wp-image-62584\" src=\"https:\/\/vocesparalelas.com.ar\/sitio\/wp-content\/uploads\/2023\/08\/TOMATE-01.jpg\" alt=\"\" width=\"800\" height=\"478\" srcset=\"https:\/\/vocesparalelas.com.ar\/sitio\/wp-content\/uploads\/2023\/08\/TOMATE-01.jpg 800w, https:\/\/vocesparalelas.com.ar\/sitio\/wp-content\/uploads\/2023\/08\/TOMATE-01-300x179.jpg 300w, https:\/\/vocesparalelas.com.ar\/sitio\/wp-content\/uploads\/2023\/08\/TOMATE-01-768x459.jpg 768w\" sizes=\"auto, (max-width: 800px) 100vw, 800px\" \/><\/p>\n<p>Por su parte, el Ing. Ariel Lucero asegur\u00f3 que el gobernador es un impulsor de actividades como la del tomate para industria\u00bb.<\/p>\n<p>Adem\u00e1s, explic\u00f3 que \u00abpor una decisi\u00f3n de un gobierno provincial de diversificar la matriz productiva y de tomar una actividad la cual posicion\u00f3 a San Juan como el primer productor nacional, donde pr\u00e1cticamente ya superando o logrando el autoabastecimiento del tomate para todo el pa\u00eds. En un contexto macroecon\u00f3mico donde necesitamos sustituir las importaciones, aumentar las exportaciones, generar divisas, este sector, todos ustedes son quienes contribuyen para que eso suceda y para que cada vez estemos mejor\u00bb.<\/p>\n<p>\u201cLa cadena del Tomate para Industria es una cadena ejemplo de muchas de las actividades productivas. Para quienes nos toca ejercer la funci\u00f3n p\u00fablica, acercarnos a un sector productivo, y que est\u00e9 organizado, y que tenga una planificaci\u00f3n, y que tenga objetivos claros, realmente nos ayuda mucho en el d\u00eda a d\u00eda para poder tomar las decisiones y acompa\u00f1ar a los sectores, as\u00ed que sepan que son un ejemplo para muchas actividades productivas\u201d, asegur\u00f3.<\/p>\n<p>Por su parte el intendente de Rawson puso en valor que \u201cel tomate es un fuerte herramienta en lo que es el \u00e1mbito laboral, el \u00e1mbito productivo. As\u00ed que desearles a todos que estos d\u00edas que van a permanecer en el departamento de Rawson puedan estar y contar con todo lo necesario para que podamos llevar esta jornada a un \u00e9xito rotundo\u201d.<\/p>\n<p>Finalmente, Guillermo Juli\u00e1n San Mart\u00edn destac\u00f3 el apoyo del Gobierno de San Juan y asegur\u00f3 que \u201cen la provincia es un sector estrat\u00e9gico, los indicadores hablan hablan por s\u00ed solos. En San Juan el sector en San Juan es din\u00e1mico, es pujante, hay emprendimiento, hay iniciativas, tiene mucho futuro\u201d.<\/p>\n","protected":false},"excerpt":{"rendered":"<p>El Martes, 22 de Agosto, comenz\u00f3 el VII encuentro argentino del tomate, en San Juan, en el complejo deportivo La<\/p>\n","protected":false},"author":3,"featured_media":62585,"comment_status":"closed","ping_status":"closed","sticky":false,"template":"","format":"standard","meta":{"_acf_changed":false,"_seopress_robots_primary_cat":"none","_seopress_titles_title":"","_seopress_titles_desc":"","_seopress_robots_index":"","colormag_page_container_layout":"default_layout","colormag_page_sidebar_layout":"default_layout","footnotes":""},"categories":[1],"tags":[],"class_list":["post-62581","post","type-post","status-publish","format-standard","has-post-thumbnail","hentry","category-destacadas"],"acf":[],"_links":{"self":[{"href":"https:\/\/vocesparalelas.com.ar\/sitio\/wp-json\/wp\/v2\/posts\/62581","targetHints":{"allow":["GET"]}}],"collection":[{"href":"https:\/\/vocesparalelas.com.ar\/sitio\/wp-json\/wp\/v2\/posts"}],"about":[{"href":"https:\/\/vocesparalelas.com.ar\/sitio\/wp-json\/wp\/v2\/types\/post"}],"author":[{"embeddable":true,"href":"https:\/\/vocesparalelas.com.ar\/sitio\/wp-json\/wp\/v2\/users\/3"}],"replies":[{"embeddable":true,"href":"https:\/\/vocesparalelas.com.ar\/sitio\/wp-json\/wp\/v2\/comments?post=62581"}],"version-history":[{"count":1,"href":"https:\/\/vocesparalelas.com.ar\/sitio\/wp-json\/wp\/v2\/posts\/62581\/revisions"}],"predecessor-version":[{"id":62586,"href":"https:\/\/vocesparalelas.com.ar\/sitio\/wp-json\/wp\/v2\/posts\/62581\/revisions\/62586"}],"wp:featuredmedia":[{"embeddable":true,"href":"https:\/\/vocesparalelas.com.ar\/sitio\/wp-json\/wp\/v2\/media\/62585"}],"wp:attachment":[{"href":"https:\/\/vocesparalelas.com.ar\/sitio\/wp-json\/wp\/v2\/media?parent=62581"}],"wp:term":[{"taxonomy":"category","embeddable":true,"href":"https:\/\/vocesparalelas.com.ar\/sitio\/wp-json\/wp\/v2\/categories?post=62581"},{"taxonomy":"post_tag","embeddable":true,"href":"https:\/\/vocesparalelas.com.ar\/sitio\/wp-json\/wp\/v2\/tags?post=62581"}],"curies":[{"name":"wp","href":"https:\/\/api.w.org\/{rel}","templated":true}]}}