{"id":62560,"date":"2023-08-22T17:17:48","date_gmt":"2023-08-22T20:17:48","guid":{"rendered":"https:\/\/vocesparalelas.com.ar\/sitio\/?p=62560"},"modified":"2023-08-24T02:59:25","modified_gmt":"2023-08-24T05:59:25","slug":"los-gremios-docentes-de-san-juan-firmaron-el-acta-paritaria-aceptando-el-aumento-salarial-propuesto-por-el-gobierno","status":"publish","type":"post","link":"https:\/\/vocesparalelas.com.ar\/sitio\/los-gremios-docentes-de-san-juan-firmaron-el-acta-paritaria-aceptando-el-aumento-salarial-propuesto-por-el-gobierno\/","title":{"rendered":"Los gremios Docentes de San Juan firmaron el acta Paritaria aceptando el aumento salarial propuesto por el Gobierno"},"content":{"rendered":"<p>Tal como se acord\u00f3 en la reuni\u00f3n paritaria anterior, los gremios Docentes de San Juan se reunieron en la sala del Ministerio de Educaci\u00f3n del Gobierno de San Juan, el Martes, 22 de Agosto, donde participaron las Ministras de Hacienda y Finanzas, CPN Marisa L\u00f3pez y la de Educaci\u00f3n, Lic. Cecilia Trincado y los secretarios Generales de UDAP, Prof. Patricia Quiroga, de UDA, Prof. Lucio V\u00e1zquez y de AMET, Prof. Daniel Quiroga y dem\u00e1s, autoridades de cada sector.<\/p>\n<p>La reuni\u00f3n fue positiva porque por fin los gremios Docentes de San Juan firmaron el acta Paritaria aceptando el aumento del salario propuesto por el Gobierno. El cual fue producto del trabajo conjunto de 11 reuniones mantenida entre las partes.<\/p>\n<p>Al finalizar la misma, la Ministra de Hacienda y Finanzas, CPN Marisa L\u00f3pez manifest\u00f3 a los Periodistas San Juan que \u00abacabamos de cerra con la firma de los secretarios Generales de los Gremios Docente UDAP, UDA y AMET\u00bb.<\/p>\n<p>\u00abSe acord\u00f3 que el nuevo item remunerativo, bonificable por antig\u00fcedad en 31 puntos a partir del Sueldo de Agosto. Este item garantice el neto diferentes de acuerdo a los a\u00f1os de antig\u00fcedad. A su vez, ese neto se garantice en el cargo testigo que, siempre decimos, maestro de grado jornada simple, se garantica tambi\u00e9n en el segundo cargo. Un maestro de grado de jornada simple que cobra una suma en el primer cargo cobra lo mismo en el segundo cargo\u00bb.<\/p>\n<p>\u00abLuego, las modificaciones del A 56 y E 66 tal como se propuesto y todos estos avances se aplican a partir del sueldo de Agosto 2023.\u00a0 Esto ha permitido cerrar la revisi\u00f3n salarial Paritaria y hemos dejado aclarado que cada ves que se produzca el \u00edndice de actualizaci\u00f3n para mantener a los salarios con el 5% por encima de la inflaci\u00f3n, que es una aplicaci\u00f3n autom\u00e1tica.<\/p>\n<p>\u00abEs importante que se garantiza el cumplimiento de las Paritarias Nacionales. Si ellas definen un \u00edndice garantizado o de la Ley 26075 de financiamiento educativo en su Art\u00edculos 9 donde se debe establecer el Salario Inicial Docente y el art\u00edculo 10 donde se define el salario M\u00ednimo Garantizado Nacional Docente. Nosotros tambi\u00e9n lo vamos a garantizar\u201d &#8211; concluy\u00f3 la Ministra de Hacienda y Finanzas.<\/p>\n<p><img loading=\"lazy\" decoding=\"async\" class=\"alignnone size-full wp-image-59964\" src=\"https:\/\/vocesparalelas.com.ar\/sitio\/wp-content\/uploads\/2023\/06\/BANDERA-SAN-JUAN.jpg\" alt=\"\" width=\"800\" height=\"600\" srcset=\"https:\/\/vocesparalelas.com.ar\/sitio\/wp-content\/uploads\/2023\/06\/BANDERA-SAN-JUAN.jpg 800w, https:\/\/vocesparalelas.com.ar\/sitio\/wp-content\/uploads\/2023\/06\/BANDERA-SAN-JUAN-300x225.jpg 300w, https:\/\/vocesparalelas.com.ar\/sitio\/wp-content\/uploads\/2023\/06\/BANDERA-SAN-JUAN-768x576.jpg 768w\" sizes=\"auto, (max-width: 800px) 100vw, 800px\" \/><\/p>\n","protected":false},"excerpt":{"rendered":"<p>Tal como se acord\u00f3 en la reuni\u00f3n paritaria anterior, los gremios Docentes de San Juan se reunieron en la sala<\/p>\n","protected":false},"author":3,"featured_media":62563,"comment_status":"closed","ping_status":"closed","sticky":false,"template":"","format":"standard","meta":{"_acf_changed":false,"_seopress_robots_primary_cat":"none","_seopress_titles_title":"","_seopress_titles_desc":"","_seopress_robots_index":"","colormag_page_container_layout":"default_layout","colormag_page_sidebar_layout":"default_layout","footnotes":""},"categories":[10],"tags":[],"class_list":["post-62560","post","type-post","status-publish","format-standard","has-post-thumbnail","hentry","category-opiniones"],"acf":[],"_links":{"self":[{"href":"https:\/\/vocesparalelas.com.ar\/sitio\/wp-json\/wp\/v2\/posts\/62560","targetHints":{"allow":["GET"]}}],"collection":[{"href":"https:\/\/vocesparalelas.com.ar\/sitio\/wp-json\/wp\/v2\/posts"}],"about":[{"href":"https:\/\/vocesparalelas.com.ar\/sitio\/wp-json\/wp\/v2\/types\/post"}],"author":[{"embeddable":true,"href":"https:\/\/vocesparalelas.com.ar\/sitio\/wp-json\/wp\/v2\/users\/3"}],"replies":[{"embeddable":true,"href":"https:\/\/vocesparalelas.com.ar\/sitio\/wp-json\/wp\/v2\/comments?post=62560"}],"version-history":[{"count":1,"href":"https:\/\/vocesparalelas.com.ar\/sitio\/wp-json\/wp\/v2\/posts\/62560\/revisions"}],"predecessor-version":[{"id":62564,"href":"https:\/\/vocesparalelas.com.ar\/sitio\/wp-json\/wp\/v2\/posts\/62560\/revisions\/62564"}],"wp:featuredmedia":[{"embeddable":true,"href":"https:\/\/vocesparalelas.com.ar\/sitio\/wp-json\/wp\/v2\/media\/62563"}],"wp:attachment":[{"href":"https:\/\/vocesparalelas.com.ar\/sitio\/wp-json\/wp\/v2\/media?parent=62560"}],"wp:term":[{"taxonomy":"category","embeddable":true,"href":"https:\/\/vocesparalelas.com.ar\/sitio\/wp-json\/wp\/v2\/categories?post=62560"},{"taxonomy":"post_tag","embeddable":true,"href":"https:\/\/vocesparalelas.com.ar\/sitio\/wp-json\/wp\/v2\/tags?post=62560"}],"curies":[{"name":"wp","href":"https:\/\/api.w.org\/{rel}","templated":true}]}}