{"id":62546,"date":"2023-08-21T22:51:27","date_gmt":"2023-08-22T01:51:27","guid":{"rendered":"https:\/\/vocesparalelas.com.ar\/sitio\/?p=62546"},"modified":"2023-08-21T22:51:27","modified_gmt":"2023-08-22T01:51:27","slug":"se-suspenden-los-llamados-docentes-a-cubrir-cargos-y-horas-catedra-en-las-escuelas-de-san-juan","status":"publish","type":"post","link":"https:\/\/vocesparalelas.com.ar\/sitio\/se-suspenden-los-llamados-docentes-a-cubrir-cargos-y-horas-catedra-en-las-escuelas-de-san-juan\/","title":{"rendered":"Se suspenden los llamados docentes a cubrir Cargos y Horas C\u00e1tedra en las Escuelas de San Juan"},"content":{"rendered":"<p>La Comisi\u00f3n de Interinatos y Suplencias del Ministerio de Educaci\u00f3n del Gobierno de San Juan informa que se suspenden los llamados docentes a cubrir Cargos y Horas C\u00e1tedra, del Martes, 22 de Agosto, en las instituciones educativas de San Juan.<\/p>\n<p>Las convocatorias se desarrollan con normalidad en el horario establecido en el Instituto de Formaci\u00f3n Superior Carmen Pe\u00f1aloza y en las Unidades de Gesti\u00f3n Descentralizadas UDGs .<\/p>\n<p>Cabe destacar que la actividad es normal en las Juntas de Clasificaci\u00f3n y Calificaci\u00f3n de los diferentes niveles y modalidades.<\/p>\n<p>&nbsp;<\/p>\n","protected":false},"excerpt":{"rendered":"<p>La Comisi\u00f3n de Interinatos y Suplencias del Ministerio de Educaci\u00f3n del Gobierno de San Juan informa que se suspenden los<\/p>\n","protected":false},"author":3,"featured_media":28629,"comment_status":"closed","ping_status":"closed","sticky":false,"template":"","format":"standard","meta":{"_acf_changed":false,"_seopress_robots_primary_cat":"none","_seopress_titles_title":"","_seopress_titles_desc":"","_seopress_robots_index":"","colormag_page_container_layout":"default_layout","colormag_page_sidebar_layout":"default_layout","footnotes":""},"categories":[1],"tags":[],"class_list":["post-62546","post","type-post","status-publish","format-standard","has-post-thumbnail","hentry","category-destacadas"],"acf":[],"_links":{"self":[{"href":"https:\/\/vocesparalelas.com.ar\/sitio\/wp-json\/wp\/v2\/posts\/62546","targetHints":{"allow":["GET"]}}],"collection":[{"href":"https:\/\/vocesparalelas.com.ar\/sitio\/wp-json\/wp\/v2\/posts"}],"about":[{"href":"https:\/\/vocesparalelas.com.ar\/sitio\/wp-json\/wp\/v2\/types\/post"}],"author":[{"embeddable":true,"href":"https:\/\/vocesparalelas.com.ar\/sitio\/wp-json\/wp\/v2\/users\/3"}],"replies":[{"embeddable":true,"href":"https:\/\/vocesparalelas.com.ar\/sitio\/wp-json\/wp\/v2\/comments?post=62546"}],"version-history":[{"count":1,"href":"https:\/\/vocesparalelas.com.ar\/sitio\/wp-json\/wp\/v2\/posts\/62546\/revisions"}],"predecessor-version":[{"id":62549,"href":"https:\/\/vocesparalelas.com.ar\/sitio\/wp-json\/wp\/v2\/posts\/62546\/revisions\/62549"}],"wp:featuredmedia":[{"embeddable":true,"href":"https:\/\/vocesparalelas.com.ar\/sitio\/wp-json\/wp\/v2\/media\/28629"}],"wp:attachment":[{"href":"https:\/\/vocesparalelas.com.ar\/sitio\/wp-json\/wp\/v2\/media?parent=62546"}],"wp:term":[{"taxonomy":"category","embeddable":true,"href":"https:\/\/vocesparalelas.com.ar\/sitio\/wp-json\/wp\/v2\/categories?post=62546"},{"taxonomy":"post_tag","embeddable":true,"href":"https:\/\/vocesparalelas.com.ar\/sitio\/wp-json\/wp\/v2\/tags?post=62546"}],"curies":[{"name":"wp","href":"https:\/\/api.w.org\/{rel}","templated":true}]}}