{"id":62520,"date":"2023-08-21T19:29:13","date_gmt":"2023-08-21T22:29:13","guid":{"rendered":"https:\/\/vocesparalelas.com.ar\/sitio\/?p=62520"},"modified":"2023-08-21T19:42:06","modified_gmt":"2023-08-21T22:42:06","slug":"aprenden-natacion-alumnos-secundarios-de-gestion-estatal-de-san-juan","status":"publish","type":"post","link":"https:\/\/vocesparalelas.com.ar\/sitio\/aprenden-natacion-alumnos-secundarios-de-gestion-estatal-de-san-juan\/","title":{"rendered":"Aprenden nataci\u00f3n alumnos secundarios de gesti\u00f3n estatal de San Juan"},"content":{"rendered":"<p>El Ministerio de Educaci\u00f3n del Gobierno de San Juan incorpor\u00f3 m\u00e1s instituciones secundarias con orientaci\u00f3n en Educaci\u00f3n F\u00edsica que cuentan con la curr\u00edcula \u201cPr\u00e1cticas Acu\u00e1ticas\u201d a las clases pr\u00e1cticas.<\/p>\n<p>El prop\u00f3sito adem\u00e1s de cumplir con la trayectoria curricular, es transmitir seguridad y confianza, e incorporar mejoras en su salud y calidad de vida, ya que es uno de los deportes m\u00e1s completos que beneficia la resistencia, fuerza, flexibilidad, coordinaci\u00f3n. Y la cognici\u00f3n y capacidades de aprendizaje.<\/p>\n<p>Los estudiantes se encuentran en todo momento en un contexto seguro, con profesores, guardavidas y un espacio f\u00edsico preparado. Las piscinas son Piscis, ubicada en Rivadavia, que es la que se incorpora y El Palomar de la UNSJ en Capital.<\/p>\n<p>Las clases comienzan con un per\u00edodo de contenidos de nivelaci\u00f3n, como la ambientaci\u00f3n y familiarizaci\u00f3n con el agua, flotaci\u00f3n, respiraci\u00f3n, desplazamientos y sumersi\u00f3n, adquiriendo h\u00e1bitos de autonom\u00eda y responsabilidad.<\/p>\n<p>Participan 226 estudiantes de las siguientes instituciones educativas de gesti\u00f3n estatal:<\/p>\n<ul>\n<li>Escuela Presidente N\u00e9stor Kichner, Albard\u00f3n 33<\/li>\n<li>Colegio Provincial de Concepci\u00f3n, Capital 27<\/li>\n<li>Escuela Presidente Arturo Illia, Chimbas 31<\/li>\n<li>Colegio Doctor Manuel Alvar L\u00f3pez, Chimbas 24<\/li>\n<li>Colegio Superior N\u00b0 1 de Rawson 43<\/li>\n<li>Escuela Cecilia \u00c1vila, Rawson 37<\/li>\n<li>Escuela Juan Eugenio Ser\u00fa, Sarmiento 22<\/li>\n<li>Escuela Profesora Isabel Girones, Chimbas 9<\/li>\n<\/ul>\n<p>Mientras que al complejo universitario El Palomar de la UNSJ, asisten 45 estudiantes<\/p>\n<ul>\n<li>Colegio Augusto Pulenta, San Mart\u00edn son 26 y<\/li>\n<li>Escuela Jos\u00e9 Mar\u00eda del Carril, Sarmiento 19 alumnos.<\/li>\n<\/ul>\n<p>Totalizando 271 estudiantes, el Ministerio de Educaci\u00f3n cubre el costo de las instalaciones y el transporte.<\/p>\n<p>El director del Colegio Provincial de Concepci\u00f3n Lic. Marcelo Tardy, valor\u00f3 est\u00e1 innovaci\u00f3n al destacar que \u00ablos alumnos comenzaron en este mes de agosto, actualmente asisten 12 de quinto a\u00f1o, de un total de 27, el resto paulatinamente se va sumando, ya tuvieron dos clases. Con una muy buena aceptaci\u00f3n, est\u00e1n muy motivados. El transporte los pasa a buscar por el Colegio a las 12:45, lunes y martes con carga horaria de 4 horas. Van dentro del horario escolar, una vez que regresan siguen con el resto de las clases.<\/p>\n<p>Esto permiti\u00f3 integrar la ense\u00f1anza te\u00f3rica y la pr\u00e1ctica acu\u00e1tica. El colegio sum\u00f3 la orientaci\u00f3n en Educaci\u00f3n F\u00edsica en 2017, el curso es mixto. Las clases son obligatorias, es una materia tienen asistencia y se los califica. Hay un tiempo de adaptaci\u00f3n, es comprensible ya que son adolescente puede que algunos se sientan expuestos a mostrar su cuerpo ante sus compa\u00f1eros y esto tambi\u00e9n se trabaja porque es sumar buenos h\u00e1bitos que le van a beneficiar.<\/p>\n<p>Tambi\u00e9n se les da la posibilidad para que adquieran los elementos como short, malla, toall\u00f3n, gorro y antiparras. Esto permite fortalecer el sistema de formaci\u00f3n para quienes desean seguir sus estudios superiores o carreras de grado en Educaci\u00f3n F\u00edsica, tema que tambi\u00e9n estamos trabajando para articular\u201d.<\/p>\n<p>&nbsp;<\/p>\n","protected":false},"excerpt":{"rendered":"<p>El Ministerio de Educaci\u00f3n del Gobierno de San Juan incorpor\u00f3 m\u00e1s instituciones secundarias con orientaci\u00f3n en Educaci\u00f3n F\u00edsica que cuentan<\/p>\n","protected":false},"author":3,"featured_media":62523,"comment_status":"closed","ping_status":"closed","sticky":false,"template":"","format":"standard","meta":{"_acf_changed":false,"_seopress_robots_primary_cat":"none","_seopress_titles_title":"","_seopress_titles_desc":"","_seopress_robots_index":"","colormag_page_container_layout":"default_layout","colormag_page_sidebar_layout":"default_layout","footnotes":""},"categories":[1],"tags":[],"class_list":["post-62520","post","type-post","status-publish","format-standard","has-post-thumbnail","hentry","category-destacadas"],"acf":[],"_links":{"self":[{"href":"https:\/\/vocesparalelas.com.ar\/sitio\/wp-json\/wp\/v2\/posts\/62520","targetHints":{"allow":["GET"]}}],"collection":[{"href":"https:\/\/vocesparalelas.com.ar\/sitio\/wp-json\/wp\/v2\/posts"}],"about":[{"href":"https:\/\/vocesparalelas.com.ar\/sitio\/wp-json\/wp\/v2\/types\/post"}],"author":[{"embeddable":true,"href":"https:\/\/vocesparalelas.com.ar\/sitio\/wp-json\/wp\/v2\/users\/3"}],"replies":[{"embeddable":true,"href":"https:\/\/vocesparalelas.com.ar\/sitio\/wp-json\/wp\/v2\/comments?post=62520"}],"version-history":[{"count":1,"href":"https:\/\/vocesparalelas.com.ar\/sitio\/wp-json\/wp\/v2\/posts\/62520\/revisions"}],"predecessor-version":[{"id":62524,"href":"https:\/\/vocesparalelas.com.ar\/sitio\/wp-json\/wp\/v2\/posts\/62520\/revisions\/62524"}],"wp:featuredmedia":[{"embeddable":true,"href":"https:\/\/vocesparalelas.com.ar\/sitio\/wp-json\/wp\/v2\/media\/62523"}],"wp:attachment":[{"href":"https:\/\/vocesparalelas.com.ar\/sitio\/wp-json\/wp\/v2\/media?parent=62520"}],"wp:term":[{"taxonomy":"category","embeddable":true,"href":"https:\/\/vocesparalelas.com.ar\/sitio\/wp-json\/wp\/v2\/categories?post=62520"},{"taxonomy":"post_tag","embeddable":true,"href":"https:\/\/vocesparalelas.com.ar\/sitio\/wp-json\/wp\/v2\/tags?post=62520"}],"curies":[{"name":"wp","href":"https:\/\/api.w.org\/{rel}","templated":true}]}}