{"id":62515,"date":"2023-08-21T18:58:50","date_gmt":"2023-08-21T21:58:50","guid":{"rendered":"https:\/\/vocesparalelas.com.ar\/sitio\/?p=62515"},"modified":"2023-08-21T18:58:50","modified_gmt":"2023-08-21T21:58:50","slug":"escuelas-de-los-departamentos-de-albardon-angaco-y-pocito-con-los-juegos-intercolegiales-de-san-juan","status":"publish","type":"post","link":"https:\/\/vocesparalelas.com.ar\/sitio\/escuelas-de-los-departamentos-de-albardon-angaco-y-pocito-con-los-juegos-intercolegiales-de-san-juan\/","title":{"rendered":"Escuelas de los Departamentos de Albard\u00f3n, Angaco y Pocito con los Juegos Intercolegiales de San Juan"},"content":{"rendered":"<p>Los\u00a0Juegos Intercolegiales 2023 siguen su desarrollo con la participaci\u00f3n de estudiantes de escuelas de gesti\u00f3n p\u00fablica y privada de los 19 departamentos de la provincia de San Juan.<\/p>\n<p>Albard\u00f3n, Angaco y Pocito fueron los departamentos que tuvieron actividad el Jueves, 17 de Agosto, con las disciplinas v\u00f3ley, e-sports y f\u00fatbol.<\/p>\n<p><span style=\"color: #339966;\"><strong>V\u00f3ley<\/strong><\/span><\/p>\n<p><span style=\"color: #339966;\"><strong>Departamento Albard\u00f3n<\/strong><\/span><\/p>\n<p><span style=\"color: #339966;\"><strong>V\u00f3ley sub 12<\/strong><\/span><\/p>\n<ul>\n<li>Escuela Jos\u00e9 Mar\u00eda Paz \u2013 Masculino, femenino y mixto<\/li>\n<li>Escuela Provincia de Jujuy &#8211; Masculino, femenino y mixto<\/li>\n<li>Escuela Nuestra Se\u00f1ora de los Desamparados &#8211; Masculino, femenino y mixto<\/li>\n<li>Escuela Camilo Rojo &#8211; Masculino, femenino y mixto<\/li>\n<li>Escuela Vice Comodoro Marambio &#8211; Masculino, femenino y mixto<\/li>\n<li>Escuela Ej\u00e9rcito de los Andes &#8211; Masculino, femenino y mixto<\/li>\n<li>Escuela Regimiento de Patricios &#8211; Masculino, femenino y mixto<\/li>\n<li>Escuela Vicente L\u00f3pez y Planes &#8211; Masculino, femenino y mixto<\/li>\n<li>Escuela Benita D\u00e1vila de De los R\u00edos \u2013 Masculino y femenino<\/li>\n<li>Escuela Ad\u00e1n Quiroga \u2013 Masculino y mixto<\/li>\n<\/ul>\n<p><span style=\"color: #339966;\"><strong>Ganadores<\/strong><\/span><\/p>\n<ul>\n<li><span style=\"color: #339966;\"><strong>V\u00f3ley sub-14 &#8211; Masculino: <\/strong><\/span>1 \u00b0 Toribio de Luzuriaga<\/li>\n<li><span style=\"color: #339966;\"><strong>V\u00f3ley sub-14 femenino:\u00a0<\/strong><\/span>1\u00b0 Nuestra Se\u00f1ora de los Desamparados<\/li>\n<li><span style=\"color: #339966;\"><strong>V\u00f3ley sub 16 Masculino:\u00a0<\/strong><\/span>1\u00b0 Nuestra Se\u00f1ora de los Desamparados<\/li>\n<li><span style=\"color: #339966;\"><strong>V\u00f3ley sub 16 Femenino:<\/strong><\/span>1\u00b0 Toribio de Luzuriaga<\/li>\n<li><span style=\"color: #339966;\"><strong>V\u00f3ley sub 18 Masculino:<\/strong><\/span>1\u00b0 EPET N\u00b0 1 Albard\u00f3n<\/li>\n<li><span style=\"color: #339966;\"><strong>V\u00f3ley sub 18 femenino:<\/strong><\/span>1\u00b0 Toribio de Luzuriaga<\/li>\n<li><span style=\"color: #339966;\"><strong>V\u00f3ley sub 18 Mixto:\u00a0<\/strong><\/span>Escuela Regimiento de Patricios<\/li>\n<\/ul>\n<p><span style=\"color: #339966;\"><strong>E-sports<\/strong><\/span><\/p>\n<p><span style=\"color: #339966;\"><strong>Departamento Angaco<\/strong><\/span><\/p>\n<ul>\n<li>Sede: Colegio Cacique Angaco<\/li>\n<li>Categor\u00eda: Secundario libre \u00bb Competitivo\u201d<\/li>\n<\/ul>\n<p><span style=\"color: #339966;\"><strong>Puestos<\/strong><\/span><\/p>\n<ul>\n<li>1\u00b0 Puesto: Colegio Cacique Angaco,\u00a0Jugadores: Rojas, Emanuel Thiago, Malla Tiago Jerem\u00edas2\u00b0 Puesto: Juan E de Mallea,\u00a0Jugadores: Gonz\u00e1lez Dylan<\/li>\n<\/ul>\n<p>Recuerdan que para la edici\u00f3n 2023, son 12 disciplinas deportivas habilitadas: ajedrez, atletismo, b\u00e1squetbol, cestoball, ciclismo, cultura, e-sports, f\u00fatbol, hockey sobre patines, handball, pat\u00edn carrera y v\u00f3ley.<\/p>\n","protected":false},"excerpt":{"rendered":"<p>Los\u00a0Juegos Intercolegiales 2023 siguen su desarrollo con la participaci\u00f3n de estudiantes de escuelas de gesti\u00f3n p\u00fablica y privada de los<\/p>\n","protected":false},"author":3,"featured_media":62518,"comment_status":"closed","ping_status":"closed","sticky":false,"template":"","format":"standard","meta":{"_acf_changed":false,"_seopress_robots_primary_cat":"none","_seopress_titles_title":"","_seopress_titles_desc":"","_seopress_robots_index":"","colormag_page_container_layout":"default_layout","colormag_page_sidebar_layout":"default_layout","footnotes":""},"categories":[1],"tags":[],"class_list":["post-62515","post","type-post","status-publish","format-standard","has-post-thumbnail","hentry","category-destacadas"],"acf":[],"_links":{"self":[{"href":"https:\/\/vocesparalelas.com.ar\/sitio\/wp-json\/wp\/v2\/posts\/62515","targetHints":{"allow":["GET"]}}],"collection":[{"href":"https:\/\/vocesparalelas.com.ar\/sitio\/wp-json\/wp\/v2\/posts"}],"about":[{"href":"https:\/\/vocesparalelas.com.ar\/sitio\/wp-json\/wp\/v2\/types\/post"}],"author":[{"embeddable":true,"href":"https:\/\/vocesparalelas.com.ar\/sitio\/wp-json\/wp\/v2\/users\/3"}],"replies":[{"embeddable":true,"href":"https:\/\/vocesparalelas.com.ar\/sitio\/wp-json\/wp\/v2\/comments?post=62515"}],"version-history":[{"count":1,"href":"https:\/\/vocesparalelas.com.ar\/sitio\/wp-json\/wp\/v2\/posts\/62515\/revisions"}],"predecessor-version":[{"id":62519,"href":"https:\/\/vocesparalelas.com.ar\/sitio\/wp-json\/wp\/v2\/posts\/62515\/revisions\/62519"}],"wp:featuredmedia":[{"embeddable":true,"href":"https:\/\/vocesparalelas.com.ar\/sitio\/wp-json\/wp\/v2\/media\/62518"}],"wp:attachment":[{"href":"https:\/\/vocesparalelas.com.ar\/sitio\/wp-json\/wp\/v2\/media?parent=62515"}],"wp:term":[{"taxonomy":"category","embeddable":true,"href":"https:\/\/vocesparalelas.com.ar\/sitio\/wp-json\/wp\/v2\/categories?post=62515"},{"taxonomy":"post_tag","embeddable":true,"href":"https:\/\/vocesparalelas.com.ar\/sitio\/wp-json\/wp\/v2\/tags?post=62515"}],"curies":[{"name":"wp","href":"https:\/\/api.w.org\/{rel}","templated":true}]}}