{"id":62481,"date":"2023-08-18T19:49:33","date_gmt":"2023-08-18T22:49:33","guid":{"rendered":"https:\/\/vocesparalelas.com.ar\/sitio\/?p=62481"},"modified":"2023-08-18T19:50:08","modified_gmt":"2023-08-18T22:50:08","slug":"san-juan-ofrece-una-variada-agenda-cultural-y-turistica-para-disfrutar","status":"publish","type":"post","link":"https:\/\/vocesparalelas.com.ar\/sitio\/san-juan-ofrece-una-variada-agenda-cultural-y-turistica-para-disfrutar\/","title":{"rendered":"San Juan ofrece una variada agenda cultural y tur\u00edstica para disfrutar"},"content":{"rendered":"<p>San Juan se prepara para recibir a una gran cantidad de turistas durante el fin de semana largo en conmemoraci\u00f3n al paso a la inmortalidad del General Jos\u00e9 de San Mart\u00edn. La Provincia contin\u00faa destac\u00e1ndose como destino favorito para quienes buscan recargar energ\u00edas en medio de la belleza natural de sus paisajes.<\/p>\n<p>El Gobierno de San Juan, en colaboraci\u00f3n con los 19 departamentos y prestadores privados del sector tur\u00edstico, ha organizado una serie de acciones para brindar a los visitantes y a los sanjuaninos una experiencia inolvidable. Estas actividades permitir\u00e1n a los turistas explorar los maravillosos paisajes locales, degustar los exquisitos vinos regionales y disfrutar de la deliciosa gastronom\u00eda t\u00edpica.<\/p>\n<p>Adem\u00e1s, la Provincia ofrece una variada agenda cultural. Los espacios dependientes del Ministerio de Turismo y Cultura estar\u00e1n llenos de espect\u00e1culos y muestras que podr\u00e1n ser disfrutados por toda la familia. Esto, sumado a eventos deportivos que a\u00f1adir\u00e1n a\u00fan m\u00e1s atractivo al fin de semana largo.<\/p>\n<p>Uno de los programas destacados, en cuanto a entretenimiento, es la presentaci\u00f3n de Les Luthiers en el Teatro del Bicentenario, con cuatro funciones a sala llena del 17 al 20 de agosto. El reconocido cantante Nito Mestre tambi\u00e9n tendr\u00e1 su momento en el escenario, presentando un espect\u00e1culo sinf\u00f3nico que repasar\u00e1 sus 50 a\u00f1os de carrera, ser\u00e1 el 20 de agosto en el Auditorio Juan Victoria.<\/p>\n<p>En tanto, el Teatro Sarmiento ofrece la energ\u00eda del ska con la actuaci\u00f3n de los Aut\u00e9nticos Decadentes y del rock, con La Beriso.<\/p>\n<p>Para los amantes de la competencia, se lleva a cabo la tercera edici\u00f3n del Sudamericano de Trail Running, en Ullum. Por otro lado, el 19 y 20 de agosto, se realizar\u00e1 el Campeonato de Saltos H\u00edpicos, prometiendo un emocionante espect\u00e1culo para la familia.<\/p>\n<p>Esto sumado a las ofertas de Ecoturismo, Turismo de Fe, Ruta del Cielo, Turismo Rural y las propuestas de los 19 departamentos. Para saber m\u00e1s de las actividades, horarios y direcciones ingresa a\u00a0<a href=\"https:\/\/sanjuan.tur.ar\/\" target=\"_blank\" rel=\"noopener noreferrer\">sanjuan.tur.ar<\/a>\u00a0y descarga la\u00a0gu\u00eda completa\u00a0con todos los detalles y contactos.<\/p>\n<p>La combinaci\u00f3n de la belleza natural, la rica oferta cultural y las diversas opciones de entretenimiento hacen de San Juan un destino ideal para aquellos que buscan descansar y disfrutar durante este fin de semana largo.<\/p>\n","protected":false},"excerpt":{"rendered":"<p>San Juan se prepara para recibir a una gran cantidad de turistas durante el fin de semana largo en conmemoraci\u00f3n<\/p>\n","protected":false},"author":3,"featured_media":29920,"comment_status":"closed","ping_status":"closed","sticky":false,"template":"","format":"standard","meta":{"_acf_changed":false,"_seopress_robots_primary_cat":"none","_seopress_titles_title":"","_seopress_titles_desc":"","_seopress_robots_index":"","colormag_page_container_layout":"default_layout","colormag_page_sidebar_layout":"default_layout","footnotes":""},"categories":[1],"tags":[],"class_list":["post-62481","post","type-post","status-publish","format-standard","has-post-thumbnail","hentry","category-destacadas"],"acf":[],"_links":{"self":[{"href":"https:\/\/vocesparalelas.com.ar\/sitio\/wp-json\/wp\/v2\/posts\/62481","targetHints":{"allow":["GET"]}}],"collection":[{"href":"https:\/\/vocesparalelas.com.ar\/sitio\/wp-json\/wp\/v2\/posts"}],"about":[{"href":"https:\/\/vocesparalelas.com.ar\/sitio\/wp-json\/wp\/v2\/types\/post"}],"author":[{"embeddable":true,"href":"https:\/\/vocesparalelas.com.ar\/sitio\/wp-json\/wp\/v2\/users\/3"}],"replies":[{"embeddable":true,"href":"https:\/\/vocesparalelas.com.ar\/sitio\/wp-json\/wp\/v2\/comments?post=62481"}],"version-history":[{"count":1,"href":"https:\/\/vocesparalelas.com.ar\/sitio\/wp-json\/wp\/v2\/posts\/62481\/revisions"}],"predecessor-version":[{"id":62484,"href":"https:\/\/vocesparalelas.com.ar\/sitio\/wp-json\/wp\/v2\/posts\/62481\/revisions\/62484"}],"wp:featuredmedia":[{"embeddable":true,"href":"https:\/\/vocesparalelas.com.ar\/sitio\/wp-json\/wp\/v2\/media\/29920"}],"wp:attachment":[{"href":"https:\/\/vocesparalelas.com.ar\/sitio\/wp-json\/wp\/v2\/media?parent=62481"}],"wp:term":[{"taxonomy":"category","embeddable":true,"href":"https:\/\/vocesparalelas.com.ar\/sitio\/wp-json\/wp\/v2\/categories?post=62481"},{"taxonomy":"post_tag","embeddable":true,"href":"https:\/\/vocesparalelas.com.ar\/sitio\/wp-json\/wp\/v2\/tags?post=62481"}],"curies":[{"name":"wp","href":"https:\/\/api.w.org\/{rel}","templated":true}]}}