{"id":62423,"date":"2023-08-16T14:35:30","date_gmt":"2023-08-16T17:35:30","guid":{"rendered":"https:\/\/vocesparalelas.com.ar\/sitio\/?p=62423"},"modified":"2023-08-22T22:15:39","modified_gmt":"2023-08-23T01:15:39","slug":"la-federacion-universitaria-de-san-juan-convoca-a-una-reunion-en-defensa-de-la-educacion-publica","status":"publish","type":"post","link":"https:\/\/vocesparalelas.com.ar\/sitio\/la-federacion-universitaria-de-san-juan-convoca-a-una-reunion-en-defensa-de-la-educacion-publica\/","title":{"rendered":"La Federaci\u00f3n Universitaria de San Juan convoca a una reuni\u00f3n en defensa de la educaci\u00f3n p\u00fablica"},"content":{"rendered":"<p>La Federaci\u00f3n Universitaria de San Juan &#8211; FUSJ &#8211; emiti\u00f3 un comunicado en el que dio a conocer su preocupaci\u00f3n por dichos en contra de la Universidad y educaci\u00f3n p\u00fablicas por parte de aspirantes a ocupar la presidencia del pa\u00eds .<\/p>\n<p>Al mismo tiempo, invit\u00f3 a una reuni\u00f3n p\u00fablica en los jardines del Complejo Universitario \u201cIslas Malvinas\u201d &#8211; CUIM &#8211; de la UNSJ, Ignacio de la Roza y Megloli, Departamento Rivadavia, el 22 de agosto. Adem\u00e1s, la FUSJ invita a\u00a0sumar apoyo y firmar el comunicado en<\/p>\n<p><a href=\"https:\/\/docs.google.com\/forms\/d\/e\/1FAIpQLScpA_G2yP3H46q2WapSEvi1CqBXdEVx5pHbaYbK-RKqCcQxPw\/viewform\">https:\/\/docs.google.com\/forms\/d\/e\/1FAIpQLScpA_G2yP3H46q2WapSEvi1CqBXdEVx5pHbaYbK-RKqCcQxPw\/viewform<\/a><\/p>\n<p><strong><span style=\"color: #339966;\">Comunicado de La Federaci\u00f3n Universitaria de San Juan ante los Resultados de las Paso 2023<\/span><\/strong><\/p>\n<p>Desde la Federaci\u00f3n Universitaria de San Juan expresamos nuestra profunda preocupaci\u00f3n a ra\u00edz de los resultados de las PASO en el cual el candidato m\u00e1s votado fue Javier Milei, quien a trav\u00e9s de su coalici\u00f3n pol\u00edtica \u201cLa Libertad Avanza\u201d viene expresando hace tiempo una serie de ataques al Sistema Educativo del pa\u00eds, y a la Universidad P\u00fablica en particular.<\/p>\n<p>El sistema de \u201cvouchers\u201d que pregona Milei tiene como objetivo imponer una l\u00f3gica de mercado, lo cual tendr\u00eda como consecuencia mayor desigualdad y va en contra del sentido de la democracia que entiende a la educaci\u00f3n como un Derecho Humano indispensable.<\/p>\n<p>A 74 a\u00f1os de la Gratuidad Universitaria implementada por Per\u00f3n, que permiti\u00f3 la inclusi\u00f3n de sectores hist\u00f3ricamente postergados, no podemos dar ni un solo paso atr\u00e1s. Apostamos a que el Estado sea el garante de la educaci\u00f3n como un elemento que nos iguala pol\u00edtica, social y culturalmente y que busca incluir a los sectores m\u00e1s vulnerables de nuestra sociedad.<\/p>\n<p>Reafirmamos la Universidad P\u00fablica, Laica y Gratuita como un valor y principio fundamental de nuestra democracia y como un derecho a defender ante cualquier tipo de ataque.<\/p>\n<p>Es por ello que el d\u00eda Martes 22 de Agosto realizaremos una reuni\u00f3n p\u00fablica en los Jardines del CUIM a las 17:30 hs para organizarnos en defensa de la Educaci\u00f3n P\u00fablica en nuestro pa\u00eds.<\/p>\n<p><img loading=\"lazy\" decoding=\"async\" class=\"alignnone size-full wp-image-54035\" src=\"https:\/\/vocesparalelas.com.ar\/sitio\/wp-content\/uploads\/2022\/11\/UNSJ-LOGO-10.jpg\" alt=\"\" width=\"800\" height=\"533\" srcset=\"https:\/\/vocesparalelas.com.ar\/sitio\/wp-content\/uploads\/2022\/11\/UNSJ-LOGO-10.jpg 800w, https:\/\/vocesparalelas.com.ar\/sitio\/wp-content\/uploads\/2022\/11\/UNSJ-LOGO-10-300x200.jpg 300w, https:\/\/vocesparalelas.com.ar\/sitio\/wp-content\/uploads\/2022\/11\/UNSJ-LOGO-10-768x512.jpg 768w\" sizes=\"auto, (max-width: 800px) 100vw, 800px\" \/><\/p>\n<p>&nbsp;<\/p>\n","protected":false},"excerpt":{"rendered":"<p>La Federaci\u00f3n Universitaria de San Juan &#8211; FUSJ &#8211; emiti\u00f3 un comunicado en el que dio a conocer su preocupaci\u00f3n<\/p>\n","protected":false},"author":3,"featured_media":62426,"comment_status":"closed","ping_status":"closed","sticky":false,"template":"","format":"standard","meta":{"_acf_changed":false,"_seopress_robots_primary_cat":"none","_seopress_titles_title":"","_seopress_titles_desc":"","_seopress_robots_index":"","colormag_page_container_layout":"default_layout","colormag_page_sidebar_layout":"default_layout","footnotes":""},"categories":[1],"tags":[],"class_list":["post-62423","post","type-post","status-publish","format-standard","has-post-thumbnail","hentry","category-destacadas"],"acf":[],"_links":{"self":[{"href":"https:\/\/vocesparalelas.com.ar\/sitio\/wp-json\/wp\/v2\/posts\/62423","targetHints":{"allow":["GET"]}}],"collection":[{"href":"https:\/\/vocesparalelas.com.ar\/sitio\/wp-json\/wp\/v2\/posts"}],"about":[{"href":"https:\/\/vocesparalelas.com.ar\/sitio\/wp-json\/wp\/v2\/types\/post"}],"author":[{"embeddable":true,"href":"https:\/\/vocesparalelas.com.ar\/sitio\/wp-json\/wp\/v2\/users\/3"}],"replies":[{"embeddable":true,"href":"https:\/\/vocesparalelas.com.ar\/sitio\/wp-json\/wp\/v2\/comments?post=62423"}],"version-history":[{"count":2,"href":"https:\/\/vocesparalelas.com.ar\/sitio\/wp-json\/wp\/v2\/posts\/62423\/revisions"}],"predecessor-version":[{"id":62428,"href":"https:\/\/vocesparalelas.com.ar\/sitio\/wp-json\/wp\/v2\/posts\/62423\/revisions\/62428"}],"wp:featuredmedia":[{"embeddable":true,"href":"https:\/\/vocesparalelas.com.ar\/sitio\/wp-json\/wp\/v2\/media\/62426"}],"wp:attachment":[{"href":"https:\/\/vocesparalelas.com.ar\/sitio\/wp-json\/wp\/v2\/media?parent=62423"}],"wp:term":[{"taxonomy":"category","embeddable":true,"href":"https:\/\/vocesparalelas.com.ar\/sitio\/wp-json\/wp\/v2\/categories?post=62423"},{"taxonomy":"post_tag","embeddable":true,"href":"https:\/\/vocesparalelas.com.ar\/sitio\/wp-json\/wp\/v2\/tags?post=62423"}],"curies":[{"name":"wp","href":"https:\/\/api.w.org\/{rel}","templated":true}]}}