{"id":62413,"date":"2023-08-17T22:18:12","date_gmt":"2023-08-18T01:18:12","guid":{"rendered":"https:\/\/vocesparalelas.com.ar\/sitio\/?p=62413"},"modified":"2023-08-18T19:50:52","modified_gmt":"2023-08-18T22:50:52","slug":"84-anos-de-la-fi-de-la-unsj-comprometida-con-la-educacion-superior","status":"publish","type":"post","link":"https:\/\/vocesparalelas.com.ar\/sitio\/84-anos-de-la-fi-de-la-unsj-comprometida-con-la-educacion-superior\/","title":{"rendered":"84 a\u00f1os de la FI de la UNSJ comprometida con la Educaci\u00f3n Superior"},"content":{"rendered":"<p>En el Hall del Edificio Central de la Universidad Nacional de San Juan, se desarroll\u00f3 el 84\u00ba aniversario de la Facultad de Ingenier\u00eda de la UNSJ \u00abcomprometida con la Educaci\u00f3n Superior\u00bb.<\/p>\n<p><strong><span style=\"color: #339966;\">Un poco de Historia<\/span><\/strong><\/p>\n<p>La idea germinal, el impulso que llev\u00f3 a erigir una escuela de estudios t\u00e9cnicos con la capacidad y calidad para dotar a nuestros pueblos de un futuro com\u00fan, constituy\u00f3, sin dudas, una alquimia de m\u00faltiples vertientes: voluntades, un lento proceso social; firmes materialidades y exigencias de nuestro territorio, imaginaci\u00f3n en pleno vuelo.<\/p>\n<p>No fue casual que uno de los m\u00e1s importantes pr\u00f3ceres que alumbr\u00f3 esta tierra, Domingo Faustino Sarmiento impulsara la creaci\u00f3n del Colegio Preparatorio para estudios superiores, durante su etapa de gobernador de San Juan, el 21 de mayo de 1862.\u00a0 En el a\u00f1o 1877, tambi\u00e9n gracias a iniciativas de Sarmiento Presidente, el Colegio se conform\u00f3 como Escuela Nacional de Ingenieros de San Juan.<\/p>\n<p>La existencia de esta Escuela constituy\u00f3 una base para la creaci\u00f3n de la Universidad Nacional de Cuyo con sede en Mendoza, en el a\u00f1o 1939. Pero fueron quienes quer\u00edan estudiar junto a profesores, trabajadores, los verdaderos art\u00edfices de la Universidad P\u00fablica en San Juan. Quienes salieron a las calles y marcharon para pedir que la primera Escuela de Ingenier\u00eda mantuviera su sede en este lugar.<\/p>\n<p>El 16 de agosto de 1939 se iniciaron los cursos de la Universidad Nacional de Cuyo y, el primer Director de la Escuela de Ingenier\u00eda fue el Ing. Rogelio Boero.<\/p>\n<p>El 29 de noviembre de 1945 la Asamblea Universitaria transform\u00f3 todas las Escuelas en Facultades, hecho que se concret\u00f3 a trav\u00e9s del Decreto PEN N\u00ba 25621\/46 y la Ord. 197\/47, que transform\u00f3 la Escuela en Facultad de Ingenier\u00eda y Ciencias Exactas, F\u00edsicas y Naturales.<\/p>\n<p>Se conform\u00f3 la Mesa Acad\u00e9mica con el Rector de la UNSJ, Ing. Tadeo Berenguer, la Vicerrectora, Dra. Anal\u00eda Ponce, el Decano de la FI de la UNSJ, Ing. Mario Fern\u00e1ndez, la Vicedecana, Dra. Andrea Diaz y Secretario de Investigaciones de la FI de la UNSJ, Ing. Marcos Fancchini.<\/p>\n<p>Es as\u00ed que, durante el discurso del Decano de la FI de la UNSJ, Ing. Mario Fern\u00e1ndez resalt\u00f3 y agradeci\u00f3 a los precursores visionarios de la Unidad Acad\u00e9mica y a cada uno de los integrantes de la comunidad Universitaria durante estos 84 a\u00f1os de vida para existir al brindar un servicio<\/p>\n<p><iframe loading=\"lazy\" title=\"DECANO FI UNSJ ING MARIO FERN\u00c1NDEZ\" width=\"800\" height=\"450\" src=\"https:\/\/www.youtube.com\/embed\/IbceaycFy5s?feature=oembed\" frameborder=\"0\" allow=\"accelerometer; autoplay; clipboard-write; encrypted-media; gyroscope; picture-in-picture; web-share\" allowfullscreen><\/iframe><\/p>\n<p>Luego, el rector de la UNSJ, Ing. Tadeo Berenguer felicit\u00f3 a la Unidad Acad\u00e9mica y defendi\u00f3 la Universidad p\u00fablica, gratuita, laica e inclusiva\u201d, donde fue ovacionado y aplaudido por los presentes.<\/p>\n<figure id=\"attachment_62421\" aria-describedby=\"caption-attachment-62421\" style=\"width: 800px\" class=\"wp-caption alignnone\"><img loading=\"lazy\" decoding=\"async\" class=\"size-full wp-image-62421\" src=\"https:\/\/vocesparalelas.com.ar\/sitio\/wp-content\/uploads\/2023\/08\/FI-UNSJ-ANIVERSARIO-06.jpg\" alt=\"\" width=\"800\" height=\"510\" srcset=\"https:\/\/vocesparalelas.com.ar\/sitio\/wp-content\/uploads\/2023\/08\/FI-UNSJ-ANIVERSARIO-06.jpg 800w, https:\/\/vocesparalelas.com.ar\/sitio\/wp-content\/uploads\/2023\/08\/FI-UNSJ-ANIVERSARIO-06-300x191.jpg 300w, https:\/\/vocesparalelas.com.ar\/sitio\/wp-content\/uploads\/2023\/08\/FI-UNSJ-ANIVERSARIO-06-768x490.jpg 768w\" sizes=\"auto, (max-width: 800px) 100vw, 800px\" \/><figcaption id=\"caption-attachment-62421\" class=\"wp-caption-text\">Rector de la UNSJ, Ing. Tadeo Berenguer<\/figcaption><\/figure>\n<p>&nbsp;<\/p>\n<p><iframe loading=\"lazy\" title=\"RECTOR UNSJ ING TADEO BERENGUER\" width=\"800\" height=\"450\" src=\"https:\/\/www.youtube.com\/embed\/ShQ8CE068c4?feature=oembed\" frameborder=\"0\" allow=\"accelerometer; autoplay; clipboard-write; encrypted-media; gyroscope; picture-in-picture; web-share\" allowfullscreen><\/iframe><\/p>\n<p>Finalmente, se reconoci\u00f3 a los docentes, no docentes que contribuyeron a engrandecer a la comunidad a trav\u00e9s de una vida de comprometida labor.<\/p>\n<p><span style=\"color: #339966;\"><strong>Homenajearon a quienes cumplieron 50 a\u00f1os de egresados de la FI de la UNSJ <\/strong><\/span><\/p>\n<p>Aguirre, Luis Osvaldo; Asencio, Jorge Salvador; Caceres, Roberto; Carletto, Raimundo; Carmona, Julio Cesar; Carrizo, Waldino; Dufour, M\u00f3nica Cristina; Garces, Jos\u00e9 Pedro; Mariotti, Juan Carlos; Martinez, Roberto Jos\u00e9; Monti\u00f3n, Carlos Enrrique; Mu\u00f1oz Rey, Mario Hector; Pe\u00f1ate, Alejandro Walter;\u00a0Poblete, Luis Orlando;\u00a0R\u00edos, Horacio Pablo;\u00a0Riportella Visconti, Enrique; Rodriguez Zanetta, Eduardo;\u00a0Salinas Lafalla, Alfredo Bernardino;\u00a0Sallei, Nolverto Ram\u00f3n;\u00a0Vasquez Lavayen, Florian;\u00a0Vega, Jorge Edgardo;\u00a0Villegas, Jorge Eduardo;\u00a0Williams, Walter Osvaldo.<\/p>\n<p><span style=\"color: #339966;\"><strong>Homenajearon a quienes accedieron a su jubilaci\u00f3n<\/strong><\/span><\/p>\n<p>Campos, Daniel Alejandro;\u00a0Chirino, Sandra Ansise;\u00a0Deiana, Ana Cristina;\u00a0Garc\u00e9s, Miguel Alejandro;\u00a0Garc\u00eda Brizuela, Alberto;\u00a0Gil, Carlos Gabriel;\u00a0Gimbernat, Enrique Eduardo;\u00a0Grimal, Mirtha;\u00a0Guerrero, Eduardo Luis;\u00a0Hidalgo, Hugo Omar;\u00a0Lara, Rodolfo Francisco;\u00a0Leiva, Miguel \u00c1ngel;\u00a0Martin, Marcelo Luis Ramon;\u00a0Moreno, Nancy Estela;\u00a0Ortiz, Julio Cesar;\u00a0Rodr\u00edguez, Jorge Edgardo;\u00a0Ruiz, Silvia Virginia;\u00a0Samat, David Antonio;\u00a0Torres, Federico Orlando; Velasco Herrera, Marisol;\u00a0Vuanello, Juan<\/p>\n<p><span style=\"color: #339966;\"><strong>Distinci\u00f3n a los nodocentes jubilados<\/strong><\/span><\/p>\n<p>Acosta, V\u00edctor Cesar;\u00a0Ag\u00fcero Tello, Sonia Graciela;\u00a0Bustos, Omar Ernesto;\u00a0Chac\u00f3n, Julio Washington;\u00a0Ferreyra, Mar\u00eda Cristina;\u00a0Lucero, Sixto Francisco;\u00a0Mamone, Beatriz Mar\u00eda Cristina;\u00a0Mendoza, Ilsa Marina de los Desamparados;\u00a0Mercado, Pedro Fernando;\u00a0Ortiz, Irma Aida;\u00a0R\u00edos, Jos\u00e9 Ignacio<\/p>\n<p><span style=\"color: #339966;\"><strong>Docentes con 25 a\u00f1os de servicio a Julio de 2023<\/strong><\/span><\/p>\n<p>Fern\u00e1ndez, Claudia Rosana;\u00a0Rodr\u00edguez Medina, Carlos Gustavo;\u00a0Romero, Luis Eduardo<\/p>\n<p><img loading=\"lazy\" decoding=\"async\" class=\"alignnone size-full wp-image-62420\" src=\"https:\/\/vocesparalelas.com.ar\/sitio\/wp-content\/uploads\/2023\/08\/FI-UNSJ-ANIVERSARIO-05.jpg\" alt=\"\" width=\"800\" height=\"533\" srcset=\"https:\/\/vocesparalelas.com.ar\/sitio\/wp-content\/uploads\/2023\/08\/FI-UNSJ-ANIVERSARIO-05.jpg 800w, https:\/\/vocesparalelas.com.ar\/sitio\/wp-content\/uploads\/2023\/08\/FI-UNSJ-ANIVERSARIO-05-300x200.jpg 300w, https:\/\/vocesparalelas.com.ar\/sitio\/wp-content\/uploads\/2023\/08\/FI-UNSJ-ANIVERSARIO-05-768x512.jpg 768w\" sizes=\"auto, (max-width: 800px) 100vw, 800px\" \/><\/p>\n<p><img loading=\"lazy\" decoding=\"async\" class=\"alignnone size-full wp-image-62419\" src=\"https:\/\/vocesparalelas.com.ar\/sitio\/wp-content\/uploads\/2023\/08\/FI-UNSJ-ANIVERSARIO-04.jpg\" alt=\"\" width=\"800\" height=\"533\" srcset=\"https:\/\/vocesparalelas.com.ar\/sitio\/wp-content\/uploads\/2023\/08\/FI-UNSJ-ANIVERSARIO-04.jpg 800w, https:\/\/vocesparalelas.com.ar\/sitio\/wp-content\/uploads\/2023\/08\/FI-UNSJ-ANIVERSARIO-04-300x200.jpg 300w, https:\/\/vocesparalelas.com.ar\/sitio\/wp-content\/uploads\/2023\/08\/FI-UNSJ-ANIVERSARIO-04-768x512.jpg 768w\" sizes=\"auto, (max-width: 800px) 100vw, 800px\" \/><\/p>\n<p><img loading=\"lazy\" decoding=\"async\" class=\"alignnone size-full wp-image-62418\" src=\"https:\/\/vocesparalelas.com.ar\/sitio\/wp-content\/uploads\/2023\/08\/FI-UNSJ-ANIVERSARIO-03.jpg\" alt=\"\" width=\"800\" height=\"533\" srcset=\"https:\/\/vocesparalelas.com.ar\/sitio\/wp-content\/uploads\/2023\/08\/FI-UNSJ-ANIVERSARIO-03.jpg 800w, https:\/\/vocesparalelas.com.ar\/sitio\/wp-content\/uploads\/2023\/08\/FI-UNSJ-ANIVERSARIO-03-300x200.jpg 300w, https:\/\/vocesparalelas.com.ar\/sitio\/wp-content\/uploads\/2023\/08\/FI-UNSJ-ANIVERSARIO-03-768x512.jpg 768w\" sizes=\"auto, (max-width: 800px) 100vw, 800px\" \/><\/p>\n<p><img loading=\"lazy\" decoding=\"async\" class=\"alignnone size-full wp-image-62417\" src=\"https:\/\/vocesparalelas.com.ar\/sitio\/wp-content\/uploads\/2023\/08\/FI-UNSJ-ANIVERSARIO-02.jpg\" alt=\"\" width=\"800\" height=\"533\" srcset=\"https:\/\/vocesparalelas.com.ar\/sitio\/wp-content\/uploads\/2023\/08\/FI-UNSJ-ANIVERSARIO-02.jpg 800w, https:\/\/vocesparalelas.com.ar\/sitio\/wp-content\/uploads\/2023\/08\/FI-UNSJ-ANIVERSARIO-02-300x200.jpg 300w, https:\/\/vocesparalelas.com.ar\/sitio\/wp-content\/uploads\/2023\/08\/FI-UNSJ-ANIVERSARIO-02-768x512.jpg 768w\" sizes=\"auto, (max-width: 800px) 100vw, 800px\" \/><\/p>\n<p>El encuentro cerr\u00f3 compartiendo una torta riqu\u00edsima que permiti\u00f3 un momento de risas, recuerdos y an\u00e9cdotas por el paso de la FI de la UNSJ.<\/p>\n<p><img loading=\"lazy\" decoding=\"async\" class=\"alignnone size-large wp-image-62442 aligncenter\" src=\"https:\/\/vocesparalelas.com.ar\/sitio\/wp-content\/uploads\/2023\/08\/FI-TORTA-01-455x800.jpg\" alt=\"\" width=\"455\" height=\"800\" srcset=\"https:\/\/vocesparalelas.com.ar\/sitio\/wp-content\/uploads\/2023\/08\/FI-TORTA-01-455x800.jpg 455w, https:\/\/vocesparalelas.com.ar\/sitio\/wp-content\/uploads\/2023\/08\/FI-TORTA-01-171x300.jpg 171w, https:\/\/vocesparalelas.com.ar\/sitio\/wp-content\/uploads\/2023\/08\/FI-TORTA-01.jpg 582w\" sizes=\"auto, (max-width: 455px) 100vw, 455px\" \/><\/p>\n<p><img loading=\"lazy\" decoding=\"async\" class=\"alignnone size-full wp-image-60280\" src=\"https:\/\/vocesparalelas.com.ar\/sitio\/wp-content\/uploads\/2023\/06\/FI-UNSJ-FRENTE.jpg\" alt=\"\" width=\"800\" height=\"600\" srcset=\"https:\/\/vocesparalelas.com.ar\/sitio\/wp-content\/uploads\/2023\/06\/FI-UNSJ-FRENTE.jpg 800w, https:\/\/vocesparalelas.com.ar\/sitio\/wp-content\/uploads\/2023\/06\/FI-UNSJ-FRENTE-300x225.jpg 300w, https:\/\/vocesparalelas.com.ar\/sitio\/wp-content\/uploads\/2023\/06\/FI-UNSJ-FRENTE-768x576.jpg 768w\" sizes=\"auto, (max-width: 800px) 100vw, 800px\" \/><\/p>\n<p>&nbsp;<\/p>\n","protected":false},"excerpt":{"rendered":"<p>En el Hall del Edificio Central de la Universidad Nacional de San Juan, se desarroll\u00f3 el 84\u00ba aniversario de la<\/p>\n","protected":false},"author":3,"featured_media":62416,"comment_status":"closed","ping_status":"closed","sticky":false,"template":"","format":"standard","meta":{"_acf_changed":false,"_seopress_robots_primary_cat":"none","_seopress_titles_title":"","_seopress_titles_desc":"","_seopress_robots_index":"","colormag_page_container_layout":"default_layout","colormag_page_sidebar_layout":"default_layout","footnotes":""},"categories":[11,7],"tags":[],"class_list":["post-62413","post","type-post","status-publish","format-standard","has-post-thumbnail","hentry","category-sociales","category-videos"],"acf":[],"_links":{"self":[{"href":"https:\/\/vocesparalelas.com.ar\/sitio\/wp-json\/wp\/v2\/posts\/62413","targetHints":{"allow":["GET"]}}],"collection":[{"href":"https:\/\/vocesparalelas.com.ar\/sitio\/wp-json\/wp\/v2\/posts"}],"about":[{"href":"https:\/\/vocesparalelas.com.ar\/sitio\/wp-json\/wp\/v2\/types\/post"}],"author":[{"embeddable":true,"href":"https:\/\/vocesparalelas.com.ar\/sitio\/wp-json\/wp\/v2\/users\/3"}],"replies":[{"embeddable":true,"href":"https:\/\/vocesparalelas.com.ar\/sitio\/wp-json\/wp\/v2\/comments?post=62413"}],"version-history":[{"count":2,"href":"https:\/\/vocesparalelas.com.ar\/sitio\/wp-json\/wp\/v2\/posts\/62413\/revisions"}],"predecessor-version":[{"id":62443,"href":"https:\/\/vocesparalelas.com.ar\/sitio\/wp-json\/wp\/v2\/posts\/62413\/revisions\/62443"}],"wp:featuredmedia":[{"embeddable":true,"href":"https:\/\/vocesparalelas.com.ar\/sitio\/wp-json\/wp\/v2\/media\/62416"}],"wp:attachment":[{"href":"https:\/\/vocesparalelas.com.ar\/sitio\/wp-json\/wp\/v2\/media?parent=62413"}],"wp:term":[{"taxonomy":"category","embeddable":true,"href":"https:\/\/vocesparalelas.com.ar\/sitio\/wp-json\/wp\/v2\/categories?post=62413"},{"taxonomy":"post_tag","embeddable":true,"href":"https:\/\/vocesparalelas.com.ar\/sitio\/wp-json\/wp\/v2\/tags?post=62413"}],"curies":[{"name":"wp","href":"https:\/\/api.w.org\/{rel}","templated":true}]}}