{"id":62368,"date":"2023-08-16T22:00:07","date_gmt":"2023-08-17T01:00:07","guid":{"rendered":"https:\/\/vocesparalelas.com.ar\/sitio\/?p=62368"},"modified":"2023-08-17T00:34:32","modified_gmt":"2023-08-17T03:34:32","slug":"xii-jornadas-nacionales-de-justicia-de-faltas-en-san-juan","status":"publish","type":"post","link":"https:\/\/vocesparalelas.com.ar\/sitio\/xii-jornadas-nacionales-de-justicia-de-faltas-en-san-juan\/","title":{"rendered":"XII Jornadas Nacionales de Justicia de Faltas en San Juan"},"content":{"rendered":"<p>El Ministerio de Gobierno acompa\u00f1a a las XII Jornadas Nacionales de Justicia de Faltas \u201cInmediatez y equidad para el \u00e1mbito local\u201d, en San Juan durante el 17 y 18 de Agosto de 2023, en el Auditorio del Foro de Abogados.<\/p>\n<p>El evento, donde se tratar\u00e1n temas de medio ambiente, institucionalidad, tr\u00e1nsito y otros relacionados al trabajo de los Juzgados de Faltas provinciales y municipales, tendr\u00e1 diferentes paneles a cargo de especialistas del Derecho y representantes del Poder Judicial.<\/p>\n<p>El cronograma de las XII Jornadas Nacionales de Justicia de Faltas ser\u00e1 el siguiente:<\/p>\n<p><span style=\"color: #ff6600;\"><strong>Jueves, 17 de Agosto<\/strong><\/span><\/p>\n<ul>\n<li>09.00 Recepci\u00f3n de concurrentes.<\/li>\n<li>10.00 Palabras de bienvenida. Autoridades locales y organizadores del evento.<\/li>\n<li>10.30 Disertaci\u00f3n Inaugural. Invitados Especiales: Dr. Guillermo Horacio De Sanctis, Presidente de la Corte de Justicia de San Juan; Dr. Ra\u00fal Calvo Soler, Especialista en Justicia Penal Juvenil y Pr\u00e1cticas Restaurativas, Dr. Carlos Rey presidente Federaci\u00f3n Argentina de Justicia de Faltas.<\/li>\n<li>11.30 Primer Panel: Futuro inmediato y mediato de los tr\u00e1mites administrativos y jurisdiccionales. Inmediato. Expedientes electr\u00f3nicos: Ing. Juan Carlos Mart\u00ednez Rozas. Ingeniero<strong>.\u00a0<\/strong>Mag\u00edster en Ingenier\u00eda en Calidad.-especialista en Gesti\u00f3n Judicial. Ingeniero en Computaci\u00f3n. T\u00e9cnico mec\u00e1nico electricista. Lic. Fernando Carlos Melossi. Licenciado en Inform\u00e1tica. Post Grado MBA. Investigador. Docente Universitario. Responsable de Gobierno electr\u00f3nico y Gobierno abierto. Dr. Enrique Ger\u00f3nimo Mattar. Experiencia pr\u00e1ctica de Juzgados de Faltas provinciales de Faltas de San Juan. Mediato. Inteligencia artificial aplicada: Dr. Juli\u00e1n An\u00edbal Palumbo.Abogado. Titular del \u00e1rea Innovaci\u00f3n e Inteligencia Artificial C.A.B.A.<\/li>\n<li>13.00 Refrigerio.<\/li>\n<li>14.00 Segundo Panel: Reg\u00edmenes de organizaci\u00f3n de la Justicia de Faltas. Cartas org\u00e1nicas Municipales. Presupuestos m\u00ednimos indispensables. Viabilidad de la creaci\u00f3n de un Poder Judicial Municipal. Dr. N\u00e9stor Osvaldo Losa. Abogado. Doctor en Derecho y Ciencias Sociales (U.B.A.).Profesor Consulto de Derecho Constitucional (U.B.A.) Dr.\u00a0Aldo Caba\u00f1a. Abogado, Magister en Administraci\u00f3n, Derecho y Econom\u00eda de los Servicios P\u00fablicos, Magister en Derecho Administrativo<\/li>\n<li>15.00 Tercer Panel: Alcohol Cero. Dr. Gonzalo Ezequiel. D. Vi\u00f1a. Abogado. Camarista Penal, Contravencional y de Faltas. C.A.B.A. Dra. M\u00f3nica Gabriela Sibilia. Abogada. Coordinadora del Observatorio de Faltas.MPF C.A.B.A.<\/li>\n<li>16.00 Cuatro Panel: La asociatividad en la Justicia de Faltas. Fortalezas y debilidades de los reg\u00edmenes de organizaci\u00f3n. Panel integrado por los presidentes y representantes de las asociaciones provinciales y regionales.<\/li>\n<li>17.30. Fin del primer tramo acad\u00e9mico.<\/li>\n<\/ul>\n<p><span style=\"color: #ff6600;\"><strong>Viernes, 18 de Agosto<\/strong><\/span><\/p>\n<ul>\n<li>9.00 Recepci\u00f3n de concurrentes. Inicio segundo tramo acad\u00e9mico<\/li>\n<li>10.00 Quinto Panel:<u>\u00a0<\/u>Medio ambiente. Presupuestos m\u00ednimos. Principio de subsidiariedad. Faltas ambientales y jurisdicci\u00f3n local. Acuerdo de Escaz\u00fa y su incidencia en la justicia de faltas municipal. Dr. Andr\u00e9s Gualberto Ugarte. Abogado. Doctor en Ciencias Jur\u00eddicas y Sociales. Especialista en Derecho de Da\u00f1os. Diplomado en Derecho en Ambiente y Recursos H\u00eddricos. Dr. Eduardo Jos\u00e9 Congh\u00f3s. Abogado<strong>.\u00a0<\/strong>Profesor Asociado de Derecho Ambiental y los Recursos Naturales (Universidad Nacional del Sur). Posgrados en Derecho Ambiental de la Integraci\u00f3n Argentino y Comparado, Derecho del Gas y del Petr\u00f3leo, Derecho Ambiental. Dr. Diego Bichman. Abogado. Juez de Faltas de Noettinger, C\u00f3rdoba. Presidente de la Asociaci\u00f3n Regional de Jueces secretarios Letrados y Funcionarios de la Justicia Municipal de C\u00f3rdoba<\/li>\n<li>11.30 Sexto Panel: Movilidad Urbana. Electro movilidad. Seguridad Vial. Manejo reflexivo. Percepci\u00f3n del riesgo. Eficacia de las sanciones viales. Sanciones alternativas. Cursos de reeducaci\u00f3n vial. Dr. Arq. Carlos Romero Grezzi. Director de Tr\u00e1nsito y Planeamiento de Movilidad de San Juan. Docente e investigador en la Facultad de Arquitectura, Urbanismo y Dise\u00f1o de la Universidad Nacional de San Juan. Lic. Juan Jos\u00e9 Niedfeld. Gerente de Prevenci\u00f3n de Siniestros Viales de Rivadavia Seguros. Dr. Juan Pablo Troncoso. Abogado. Docente del Centro de Formaci\u00f3n en Pol\u00edticas y Gesti\u00f3n en Seguridad Vial de la Agencia Nacional de Seguridad Vial (ANSV).<\/li>\n<li>13.00 Refrigerio<\/li>\n<li>14.00 S\u00e9ptimo Panel: Tecnolog\u00edas y sistemas de control. INTI y Metrolog\u00eda Legal: Aspectos Generales, Marco Legal y Nuevas Reglamentaciones. Alcohol\u00edmetros etil\u00f3metros, cinem\u00f3metros, Sistema de constataci\u00f3n de infracciones con radares fijos y m\u00f3viles. Ing. Fabiana Paula Barrera. Responsable T\u00e9cnica de los laboratorios de etil\u00f3metros. (INTI). Ing. Leandro Ezequiel Garc\u00eda. Director T\u00e9cnico de Metrolog\u00eda Legal (INTI).<\/li>\n<li>15.00 Octavo Panel: Seguridad vial. Concientizaci\u00f3n. Percepci\u00f3n del peligro y tiempos de reacci\u00f3n. Velocidad como factor de riesgo. Relevamiento de infracciones por medios mec\u00e1nicos (Radares fotogr\u00e1ficos, etc.). H\u00e9ctor Ragnoli. Director Coordinador de la Direcci\u00f3n Gral. de Tr\u00e1nsito de la ciudad de Mar del Plata. Perito Verificador de Siniestros Viales.-Experto en Siniestralidad Vial Dr. Guillermo Gutnisky. Abogado. Juez de Faltas de Corrientes capital. Presidente del Colegio de Magistrados y Funcionarios de la Justicia Municipal de Faltas del Nea.<\/li>\n<li>16.00. Fin de la jornada acad\u00e9mica. Lectura de conclusiones. Entrega certificados, cierre de la XII Jornada Nacional de Faltas de la Rep\u00fablica Argentina.<\/li>\n<\/ul>\n<p><img loading=\"lazy\" decoding=\"async\" class=\"alignnone size-large wp-image-16061\" src=\"https:\/\/vocesparalelas.com.ar\/sitio\/wp-content\/uploads\/2018\/10\/FORO-ABOGADOS-01-800x600.jpg\" alt=\"\" width=\"800\" height=\"600\" srcset=\"https:\/\/vocesparalelas.com.ar\/sitio\/wp-content\/uploads\/2018\/10\/FORO-ABOGADOS-01-800x600.jpg 800w, https:\/\/vocesparalelas.com.ar\/sitio\/wp-content\/uploads\/2018\/10\/FORO-ABOGADOS-01-300x225.jpg 300w, https:\/\/vocesparalelas.com.ar\/sitio\/wp-content\/uploads\/2018\/10\/FORO-ABOGADOS-01-768x576.jpg 768w, https:\/\/vocesparalelas.com.ar\/sitio\/wp-content\/uploads\/2018\/10\/FORO-ABOGADOS-01.jpg 1000w\" sizes=\"auto, (max-width: 800px) 100vw, 800px\" \/><\/p>\n","protected":false},"excerpt":{"rendered":"<p>El Ministerio de Gobierno acompa\u00f1a a las XII Jornadas Nacionales de Justicia de Faltas \u201cInmediatez y equidad para el \u00e1mbito<\/p>\n","protected":false},"author":3,"featured_media":62371,"comment_status":"closed","ping_status":"closed","sticky":false,"template":"","format":"standard","meta":{"_acf_changed":false,"_seopress_robots_primary_cat":"none","_seopress_titles_title":"","_seopress_titles_desc":"","_seopress_robots_index":"","colormag_page_container_layout":"default_layout","colormag_page_sidebar_layout":"default_layout","footnotes":""},"categories":[1],"tags":[],"class_list":["post-62368","post","type-post","status-publish","format-standard","has-post-thumbnail","hentry","category-destacadas"],"acf":[],"_links":{"self":[{"href":"https:\/\/vocesparalelas.com.ar\/sitio\/wp-json\/wp\/v2\/posts\/62368","targetHints":{"allow":["GET"]}}],"collection":[{"href":"https:\/\/vocesparalelas.com.ar\/sitio\/wp-json\/wp\/v2\/posts"}],"about":[{"href":"https:\/\/vocesparalelas.com.ar\/sitio\/wp-json\/wp\/v2\/types\/post"}],"author":[{"embeddable":true,"href":"https:\/\/vocesparalelas.com.ar\/sitio\/wp-json\/wp\/v2\/users\/3"}],"replies":[{"embeddable":true,"href":"https:\/\/vocesparalelas.com.ar\/sitio\/wp-json\/wp\/v2\/comments?post=62368"}],"version-history":[{"count":1,"href":"https:\/\/vocesparalelas.com.ar\/sitio\/wp-json\/wp\/v2\/posts\/62368\/revisions"}],"predecessor-version":[{"id":62372,"href":"https:\/\/vocesparalelas.com.ar\/sitio\/wp-json\/wp\/v2\/posts\/62368\/revisions\/62372"}],"wp:featuredmedia":[{"embeddable":true,"href":"https:\/\/vocesparalelas.com.ar\/sitio\/wp-json\/wp\/v2\/media\/62371"}],"wp:attachment":[{"href":"https:\/\/vocesparalelas.com.ar\/sitio\/wp-json\/wp\/v2\/media?parent=62368"}],"wp:term":[{"taxonomy":"category","embeddable":true,"href":"https:\/\/vocesparalelas.com.ar\/sitio\/wp-json\/wp\/v2\/categories?post=62368"},{"taxonomy":"post_tag","embeddable":true,"href":"https:\/\/vocesparalelas.com.ar\/sitio\/wp-json\/wp\/v2\/tags?post=62368"}],"curies":[{"name":"wp","href":"https:\/\/api.w.org\/{rel}","templated":true}]}}