{"id":62357,"date":"2023-08-15T23:03:59","date_gmt":"2023-08-16T02:03:59","guid":{"rendered":"https:\/\/vocesparalelas.com.ar\/sitio\/?p=62357"},"modified":"2023-08-18T20:08:43","modified_gmt":"2023-08-18T23:08:43","slug":"aun-los-gremios-docentes-de-san-juan-no-firman-el-acta-de-la-paritaria-con-la-propuesta-salarial-superadora-del-gobierno","status":"publish","type":"post","link":"https:\/\/vocesparalelas.com.ar\/sitio\/aun-los-gremios-docentes-de-san-juan-no-firman-el-acta-de-la-paritaria-con-la-propuesta-salarial-superadora-del-gobierno\/","title":{"rendered":"A\u00fan los Gremios Docentes de San Juan no firman el acta de la Paritaria con la propuesta salarial superadora del Gobierno"},"content":{"rendered":"<p>En la sala del Ministerio de Educaci\u00f3n del Gobierno de San Juan se realiz\u00f3, el Martes, 15 de Agosto, el encuentro de la Paritaria Docente con la participaci\u00f3n de las Ministras de Hacienda y Finanzas, CPN Marisa L\u00f3pez y la de Educaci\u00f3n, Lic. Cecilia Trincado y los secretarios Generales de UDAP, Prof. Patricia Quiroga, de UDA, Prof. Lucio V\u00e1zquez y de AMET, Prof. Daniel Quiroga y dem\u00e1s, autoridades de cada sector.<\/p>\n<p>Tal como defini\u00f3 en la reuni\u00f3n del Lunes, 14 de Agosto, el Gobierno de San Juan esper\u00f3 una repuesta de los Gremios Docentes hasta el Martes, 15 de Agosto, a las 18 hs., seg\u00fan el pedido para firmar la propuesta salarial y cerrar el acuerdo.<\/p>\n<p>Es importante recordar que esta ma\u00f1ana se realiz\u00f3 el Plenario de Delegados Escolares de UDAP que dur\u00f3 hasta las 14 hs.; ya que no se lleg\u00f3 a aceptar la \u00faltima propuesta del Gobierno de San Juan.<\/p>\n<p>Finalizada la reuni\u00f3n Paritaria Docente, la Ministra de Hacienda y Finanzas, CPN Marisa L\u00f3pez, explic\u00f3 a los Periodistas San Juan que \u00abfue una reuni\u00f3n bastante compleja porque nosotros hemos transitado la d\u00e9cima reuni\u00f3n de Paritaria Docente. En distintas instancias se habl\u00f3 del sueldo del docente inicial, de la pir\u00e1mide salarial para que el docente de mayor antig\u00fcedad tenga una diferencia con el que reci\u00e9n se inicia, donde se han presentados innumerables propuestas superadoras. Ninguna fue aceptada por los gremios. Partimos que San Juan tiene el mejor salario docente de la Rep\u00fablica Argentina.<\/p>\n<p>\u00abNosotros presentamos una propuesta salarial con mejoras en los items; decidimos que el docente que trabaje en dos cargos tenga el mismo sueldo b\u00e1sico, que no haya diferencias como era antes. Hoy frente a la negativa de los gremios frente a la propuesta salarial cuando ayer teniendo en cuenta de los mandatos aceptaron pero deb\u00edan realizar el Gremio UDAP el plenario. Decidimos esperar hasta el martes, 15 de Agosto a las 18 hs. Ahora lo \u00fanico que pudimos hacer que ese item que era no remunerativo lo hemos transformado en remunerativo en 30 puntos. Esto es un costo mayor para nosotros\u00bb.<\/p>\n<p>\u00abLo importante es que quede claro que nosotros hemos ofrecido propuestas mejoradoras que beneficie a todos los docente de San Juan. El Gobierno de San Juan decidi\u00f3 dar el 15% de aumento salarial al b\u00e1sico para Agosto logrando un incremento de 76 % hasta ahora. Se mejoraron los items y se incorpor\u00f3 un nuevo item que solicitaron los gremios se transform\u00f3 en remunerativo de 30 puntos. Ahora el Gremio UDAP solicit\u00f3 consultar a las bases y se contempla una nueva reuni\u00f3n para cerra las Paritarias de San Juan con la firma del\u00a0 acta. El d\u00eda y horario lo van a comunicar ellos\u00bb &#8211; concluy\u00f3 la Ministra L\u00f3pez.<\/p>\n<p><img loading=\"lazy\" decoding=\"async\" class=\"alignnone size-full wp-image-28629\" src=\"https:\/\/vocesparalelas.com.ar\/sitio\/wp-content\/uploads\/2020\/05\/MINISTERIO-EDUCACION-SJ.jpg\" alt=\"\" width=\"800\" height=\"533\" srcset=\"https:\/\/vocesparalelas.com.ar\/sitio\/wp-content\/uploads\/2020\/05\/MINISTERIO-EDUCACION-SJ.jpg 800w, https:\/\/vocesparalelas.com.ar\/sitio\/wp-content\/uploads\/2020\/05\/MINISTERIO-EDUCACION-SJ-300x200.jpg 300w, https:\/\/vocesparalelas.com.ar\/sitio\/wp-content\/uploads\/2020\/05\/MINISTERIO-EDUCACION-SJ-768x512.jpg 768w\" sizes=\"auto, (max-width: 800px) 100vw, 800px\" \/><\/p>\n<p>&nbsp;<\/p>\n<p>&nbsp;<\/p>\n","protected":false},"excerpt":{"rendered":"<p>En la sala del Ministerio de Educaci\u00f3n del Gobierno de San Juan se realiz\u00f3, el Martes, 15 de Agosto, el<\/p>\n","protected":false},"author":3,"featured_media":62360,"comment_status":"closed","ping_status":"closed","sticky":false,"template":"","format":"standard","meta":{"_acf_changed":false,"_seopress_robots_primary_cat":"none","_seopress_titles_title":"","_seopress_titles_desc":"","_seopress_robots_index":"","colormag_page_container_layout":"default_layout","colormag_page_sidebar_layout":"default_layout","footnotes":""},"categories":[10],"tags":[],"class_list":["post-62357","post","type-post","status-publish","format-standard","has-post-thumbnail","hentry","category-opiniones"],"acf":[],"_links":{"self":[{"href":"https:\/\/vocesparalelas.com.ar\/sitio\/wp-json\/wp\/v2\/posts\/62357","targetHints":{"allow":["GET"]}}],"collection":[{"href":"https:\/\/vocesparalelas.com.ar\/sitio\/wp-json\/wp\/v2\/posts"}],"about":[{"href":"https:\/\/vocesparalelas.com.ar\/sitio\/wp-json\/wp\/v2\/types\/post"}],"author":[{"embeddable":true,"href":"https:\/\/vocesparalelas.com.ar\/sitio\/wp-json\/wp\/v2\/users\/3"}],"replies":[{"embeddable":true,"href":"https:\/\/vocesparalelas.com.ar\/sitio\/wp-json\/wp\/v2\/comments?post=62357"}],"version-history":[{"count":2,"href":"https:\/\/vocesparalelas.com.ar\/sitio\/wp-json\/wp\/v2\/posts\/62357\/revisions"}],"predecessor-version":[{"id":62362,"href":"https:\/\/vocesparalelas.com.ar\/sitio\/wp-json\/wp\/v2\/posts\/62357\/revisions\/62362"}],"wp:featuredmedia":[{"embeddable":true,"href":"https:\/\/vocesparalelas.com.ar\/sitio\/wp-json\/wp\/v2\/media\/62360"}],"wp:attachment":[{"href":"https:\/\/vocesparalelas.com.ar\/sitio\/wp-json\/wp\/v2\/media?parent=62357"}],"wp:term":[{"taxonomy":"category","embeddable":true,"href":"https:\/\/vocesparalelas.com.ar\/sitio\/wp-json\/wp\/v2\/categories?post=62357"},{"taxonomy":"post_tag","embeddable":true,"href":"https:\/\/vocesparalelas.com.ar\/sitio\/wp-json\/wp\/v2\/tags?post=62357"}],"curies":[{"name":"wp","href":"https:\/\/api.w.org\/{rel}","templated":true}]}}