{"id":62323,"date":"2023-08-15T22:53:28","date_gmt":"2023-08-16T01:53:28","guid":{"rendered":"https:\/\/vocesparalelas.com.ar\/sitio\/?p=62323"},"modified":"2023-08-16T01:08:13","modified_gmt":"2023-08-16T04:08:13","slug":"acto-del-173-aniversario-del-paso-a-la-inmortalidad-del-gral-jose-de-san-martin-en-la-eidfs-de-la-unsj","status":"publish","type":"post","link":"https:\/\/vocesparalelas.com.ar\/sitio\/acto-del-173-aniversario-del-paso-a-la-inmortalidad-del-gral-jose-de-san-martin-en-la-eidfs-de-la-unsj\/","title":{"rendered":"Acto del 173\u00b0 aniversario del paso a la inmortalidad del Gral. Jos\u00e9 de San Mart\u00edn en la EIDFS de la UNSJ"},"content":{"rendered":"<p>El Mi\u00e9rcoles, 17 de Agosto, a las 10.50 hs.; en la Escuela Industrial Sarmiento de la Universidad Nacional de San Juan invita a la comunidad al acto conmemorativo del 173\u00b0 aniversario del paso a la inmortalidad del Gral. Jos\u00e9 de San Mart\u00edn.<\/p>\n<p>Adem\u00e1s, se realiza el cambio de abanderado y escoltas de la Bandera del Ej\u00e9rcito de los Andes.<\/p>\n<p><img loading=\"lazy\" decoding=\"async\" class=\"alignnone size-large wp-image-43958\" src=\"https:\/\/vocesparalelas.com.ar\/sitio\/wp-content\/uploads\/2021\/11\/UNSJ-BANDERA-3-800x600.jpg\" alt=\"\" width=\"800\" height=\"600\" srcset=\"https:\/\/vocesparalelas.com.ar\/sitio\/wp-content\/uploads\/2021\/11\/UNSJ-BANDERA-3-800x600.jpg 800w, https:\/\/vocesparalelas.com.ar\/sitio\/wp-content\/uploads\/2021\/11\/UNSJ-BANDERA-3-300x225.jpg 300w, https:\/\/vocesparalelas.com.ar\/sitio\/wp-content\/uploads\/2021\/11\/UNSJ-BANDERA-3-768x576.jpg 768w, https:\/\/vocesparalelas.com.ar\/sitio\/wp-content\/uploads\/2021\/11\/UNSJ-BANDERA-3.jpg 1024w\" sizes=\"auto, (max-width: 800px) 100vw, 800px\" \/><\/p>\n","protected":false},"excerpt":{"rendered":"<p>El Mi\u00e9rcoles, 17 de Agosto, a las 10.50 hs.; en la Escuela Industrial Sarmiento de la Universidad Nacional de San<\/p>\n","protected":false},"author":3,"featured_media":39108,"comment_status":"closed","ping_status":"closed","sticky":false,"template":"","format":"standard","meta":{"_acf_changed":false,"_seopress_robots_primary_cat":"none","_seopress_titles_title":"","_seopress_titles_desc":"","_seopress_robots_index":"","colormag_page_container_layout":"default_layout","colormag_page_sidebar_layout":"default_layout","footnotes":""},"categories":[1],"tags":[],"class_list":["post-62323","post","type-post","status-publish","format-standard","has-post-thumbnail","hentry","category-destacadas"],"acf":[],"_links":{"self":[{"href":"https:\/\/vocesparalelas.com.ar\/sitio\/wp-json\/wp\/v2\/posts\/62323","targetHints":{"allow":["GET"]}}],"collection":[{"href":"https:\/\/vocesparalelas.com.ar\/sitio\/wp-json\/wp\/v2\/posts"}],"about":[{"href":"https:\/\/vocesparalelas.com.ar\/sitio\/wp-json\/wp\/v2\/types\/post"}],"author":[{"embeddable":true,"href":"https:\/\/vocesparalelas.com.ar\/sitio\/wp-json\/wp\/v2\/users\/3"}],"replies":[{"embeddable":true,"href":"https:\/\/vocesparalelas.com.ar\/sitio\/wp-json\/wp\/v2\/comments?post=62323"}],"version-history":[{"count":1,"href":"https:\/\/vocesparalelas.com.ar\/sitio\/wp-json\/wp\/v2\/posts\/62323\/revisions"}],"predecessor-version":[{"id":62326,"href":"https:\/\/vocesparalelas.com.ar\/sitio\/wp-json\/wp\/v2\/posts\/62323\/revisions\/62326"}],"wp:featuredmedia":[{"embeddable":true,"href":"https:\/\/vocesparalelas.com.ar\/sitio\/wp-json\/wp\/v2\/media\/39108"}],"wp:attachment":[{"href":"https:\/\/vocesparalelas.com.ar\/sitio\/wp-json\/wp\/v2\/media?parent=62323"}],"wp:term":[{"taxonomy":"category","embeddable":true,"href":"https:\/\/vocesparalelas.com.ar\/sitio\/wp-json\/wp\/v2\/categories?post=62323"},{"taxonomy":"post_tag","embeddable":true,"href":"https:\/\/vocesparalelas.com.ar\/sitio\/wp-json\/wp\/v2\/tags?post=62323"}],"curies":[{"name":"wp","href":"https:\/\/api.w.org\/{rel}","templated":true}]}}