{"id":6225,"date":"2017-10-11T23:22:09","date_gmt":"2017-10-12T02:22:09","guid":{"rendered":"http:\/\/vocesparalelas.com.ar\/sitio\/?p=6225"},"modified":"2017-10-19T17:19:47","modified_gmt":"2017-10-19T20:19:47","slug":"el-cancer-no-se-calla-vos-tampoco-lo-hagas","status":"publish","type":"post","link":"https:\/\/vocesparalelas.com.ar\/sitio\/el-cancer-no-se-calla-vos-tampoco-lo-hagas\/","title":{"rendered":"El C\u00e1ncer no se calla, vos tampoco lo hagas"},"content":{"rendered":"<p>El Jueves, 19 de Octubre, de 10 a 13 hs.; en la Plaza Seca del Centro C\u00edvico ven\u00ed para informarte, cuidate y sumate a la Campa\u00f1a del D\u00eda Internacional de lucha contra el C\u00e1ncer de Mama. El C\u00e1ncer no se calla, vos tampoco lo hagas.<\/p>\n<p><img loading=\"lazy\" decoding=\"async\" class=\"alignnone size-medium wp-image-6227 aligncenter\" src=\"https:\/\/vocesparalelas.com.ar\/sitio\/wp-content\/uploads\/2017\/10\/CANCER-MAMA-268x300.jpg\" alt=\"\" width=\"268\" height=\"300\" \/><\/p>\n<p><span style=\"color: #ff00ff\"><strong>Organiza<\/strong><\/span><\/p>\n<p>Gobierno de San Juan, Ministerio de Salud P\u00fablica, el Hospital Rawson y el Hospital Marcial Quiroga.<\/p>\n<p><span style=\"color: #ff00ff\"><strong>Testimonios<\/strong><\/span><\/p>\n<p>&nbsp;<\/p>\n<p>&nbsp;<\/p>\n<p><iframe loading=\"lazy\" width=\"800\" height=\"450\" src=\"https:\/\/www.youtube.com\/embed\/timL32O97I4?start=17&#038;feature=oembed\" frameborder=\"0\" allowfullscreen><\/iframe><\/p>\n<p>&nbsp;<\/p>\n","protected":false},"excerpt":{"rendered":"<p>El Jueves, 19 de Octubre, de 10 a 13 hs.; en la Plaza Seca del Centro C\u00edvico ven\u00ed para informarte,<\/p>\n","protected":false},"author":3,"featured_media":6226,"comment_status":"closed","ping_status":"closed","sticky":false,"template":"","format":"standard","meta":{"_acf_changed":false,"_seopress_robots_primary_cat":"","_seopress_titles_title":"","_seopress_titles_desc":"","_seopress_robots_index":"","colormag_page_container_layout":"default_layout","colormag_page_sidebar_layout":"default_layout","footnotes":""},"categories":[6],"tags":[],"class_list":["post-6225","post","type-post","status-publish","format-standard","has-post-thumbnail","hentry","category-eventos"],"acf":[],"_links":{"self":[{"href":"https:\/\/vocesparalelas.com.ar\/sitio\/wp-json\/wp\/v2\/posts\/6225","targetHints":{"allow":["GET"]}}],"collection":[{"href":"https:\/\/vocesparalelas.com.ar\/sitio\/wp-json\/wp\/v2\/posts"}],"about":[{"href":"https:\/\/vocesparalelas.com.ar\/sitio\/wp-json\/wp\/v2\/types\/post"}],"author":[{"embeddable":true,"href":"https:\/\/vocesparalelas.com.ar\/sitio\/wp-json\/wp\/v2\/users\/3"}],"replies":[{"embeddable":true,"href":"https:\/\/vocesparalelas.com.ar\/sitio\/wp-json\/wp\/v2\/comments?post=6225"}],"version-history":[{"count":0,"href":"https:\/\/vocesparalelas.com.ar\/sitio\/wp-json\/wp\/v2\/posts\/6225\/revisions"}],"wp:featuredmedia":[{"embeddable":true,"href":"https:\/\/vocesparalelas.com.ar\/sitio\/wp-json\/wp\/v2\/media\/6226"}],"wp:attachment":[{"href":"https:\/\/vocesparalelas.com.ar\/sitio\/wp-json\/wp\/v2\/media?parent=6225"}],"wp:term":[{"taxonomy":"category","embeddable":true,"href":"https:\/\/vocesparalelas.com.ar\/sitio\/wp-json\/wp\/v2\/categories?post=6225"},{"taxonomy":"post_tag","embeddable":true,"href":"https:\/\/vocesparalelas.com.ar\/sitio\/wp-json\/wp\/v2\/tags?post=6225"}],"curies":[{"name":"wp","href":"https:\/\/api.w.org\/{rel}","templated":true}]}}