{"id":62242,"date":"2023-08-13T16:17:41","date_gmt":"2023-08-13T19:17:41","guid":{"rendered":"https:\/\/vocesparalelas.com.ar\/sitio\/?p=62242"},"modified":"2023-08-14T11:53:59","modified_gmt":"2023-08-14T14:53:59","slug":"ser-candidata-como-mujer-el-camino-recorrido-fue-muy-positivo","status":"publish","type":"post","link":"https:\/\/vocesparalelas.com.ar\/sitio\/ser-candidata-como-mujer-el-camino-recorrido-fue-muy-positivo\/","title":{"rendered":"\u00abSer candidata como mujer el camino recorrido fue muy positivo\u00bb"},"content":{"rendered":"<p>La Diputada de San Juan y candidata a Diputada Nacional por San Juan de Cambia San Juan, Dra. Nancy Pic\u00f3n emiti\u00f3 su voto en la Escuela Independencia, Departamento Rivadavia.<\/p>\n<p>A su llegada a la instancia de votaci\u00f3n la Dra. Nancy Pic\u00f3n, quien resalt\u00f3 el gran desaf\u00edo de ser candidata como mujer el camino recorrido fue muy positivo.<\/p>\n<p><iframe loading=\"lazy\" title=\"DRA NANCY PIC\u00d3N\" width=\"800\" height=\"450\" src=\"https:\/\/www.youtube.com\/embed\/ZnFNgQ39jzo?start=8&#038;feature=oembed\" frameborder=\"0\" allow=\"accelerometer; autoplay; clipboard-write; encrypted-media; gyroscope; picture-in-picture; web-share\" allowfullscreen><\/iframe><\/p>\n<p>&nbsp;<\/p>\n<p>Adem\u00e1s, fue acompa\u00f1ada por referentes de Cambia San Juan en el momento de su votaci\u00f3n<\/p>\n<p><img loading=\"lazy\" decoding=\"async\" class=\"alignnone size-full wp-image-62224\" src=\"https:\/\/vocesparalelas.com.ar\/sitio\/wp-content\/uploads\/2023\/08\/CAMBIA-SAN-JUAN-DR-MARCELO-ORREGO-03.jpg\" alt=\"\" width=\"800\" height=\"533\" srcset=\"https:\/\/vocesparalelas.com.ar\/sitio\/wp-content\/uploads\/2023\/08\/CAMBIA-SAN-JUAN-DR-MARCELO-ORREGO-03.jpg 800w, https:\/\/vocesparalelas.com.ar\/sitio\/wp-content\/uploads\/2023\/08\/CAMBIA-SAN-JUAN-DR-MARCELO-ORREGO-03-300x200.jpg 300w, https:\/\/vocesparalelas.com.ar\/sitio\/wp-content\/uploads\/2023\/08\/CAMBIA-SAN-JUAN-DR-MARCELO-ORREGO-03-768x512.jpg 768w\" sizes=\"auto, (max-width: 800px) 100vw, 800px\" \/><\/p>\n<p><img loading=\"lazy\" decoding=\"async\" class=\"alignnone size-full wp-image-62227\" src=\"https:\/\/vocesparalelas.com.ar\/sitio\/wp-content\/uploads\/2023\/08\/CAMBIA-SAN-JUAN-DRA-NANCY-PICON-03.jpg\" alt=\"\" width=\"800\" height=\"533\" srcset=\"https:\/\/vocesparalelas.com.ar\/sitio\/wp-content\/uploads\/2023\/08\/CAMBIA-SAN-JUAN-DRA-NANCY-PICON-03.jpg 800w, https:\/\/vocesparalelas.com.ar\/sitio\/wp-content\/uploads\/2023\/08\/CAMBIA-SAN-JUAN-DRA-NANCY-PICON-03-300x200.jpg 300w, https:\/\/vocesparalelas.com.ar\/sitio\/wp-content\/uploads\/2023\/08\/CAMBIA-SAN-JUAN-DRA-NANCY-PICON-03-768x512.jpg 768w\" sizes=\"auto, (max-width: 800px) 100vw, 800px\" \/><\/p>\n<p><img loading=\"lazy\" decoding=\"async\" class=\"alignnone size-full wp-image-62228\" src=\"https:\/\/vocesparalelas.com.ar\/sitio\/wp-content\/uploads\/2023\/08\/CAMBIA-SAN-JUAN-DRA-NANCY-PICON-04.jpg\" alt=\"\" width=\"800\" height=\"533\" srcset=\"https:\/\/vocesparalelas.com.ar\/sitio\/wp-content\/uploads\/2023\/08\/CAMBIA-SAN-JUAN-DRA-NANCY-PICON-04.jpg 800w, https:\/\/vocesparalelas.com.ar\/sitio\/wp-content\/uploads\/2023\/08\/CAMBIA-SAN-JUAN-DRA-NANCY-PICON-04-300x200.jpg 300w, https:\/\/vocesparalelas.com.ar\/sitio\/wp-content\/uploads\/2023\/08\/CAMBIA-SAN-JUAN-DRA-NANCY-PICON-04-768x512.jpg 768w\" sizes=\"auto, (max-width: 800px) 100vw, 800px\" \/><\/p>\n","protected":false},"excerpt":{"rendered":"<p>La Diputada de San Juan y candidata a Diputada Nacional por San Juan de Cambia San Juan, Dra. Nancy Pic\u00f3n<\/p>\n","protected":false},"author":3,"featured_media":62226,"comment_status":"closed","ping_status":"closed","sticky":false,"template":"","format":"standard","meta":{"_acf_changed":false,"_seopress_robots_primary_cat":"none","_seopress_titles_title":"","_seopress_titles_desc":"","_seopress_robots_index":"","colormag_page_container_layout":"default_layout","colormag_page_sidebar_layout":"default_layout","footnotes":""},"categories":[10,7],"tags":[],"class_list":["post-62242","post","type-post","status-publish","format-standard","has-post-thumbnail","hentry","category-opiniones","category-videos"],"acf":[],"_links":{"self":[{"href":"https:\/\/vocesparalelas.com.ar\/sitio\/wp-json\/wp\/v2\/posts\/62242","targetHints":{"allow":["GET"]}}],"collection":[{"href":"https:\/\/vocesparalelas.com.ar\/sitio\/wp-json\/wp\/v2\/posts"}],"about":[{"href":"https:\/\/vocesparalelas.com.ar\/sitio\/wp-json\/wp\/v2\/types\/post"}],"author":[{"embeddable":true,"href":"https:\/\/vocesparalelas.com.ar\/sitio\/wp-json\/wp\/v2\/users\/3"}],"replies":[{"embeddable":true,"href":"https:\/\/vocesparalelas.com.ar\/sitio\/wp-json\/wp\/v2\/comments?post=62242"}],"version-history":[{"count":3,"href":"https:\/\/vocesparalelas.com.ar\/sitio\/wp-json\/wp\/v2\/posts\/62242\/revisions"}],"predecessor-version":[{"id":62278,"href":"https:\/\/vocesparalelas.com.ar\/sitio\/wp-json\/wp\/v2\/posts\/62242\/revisions\/62278"}],"wp:featuredmedia":[{"embeddable":true,"href":"https:\/\/vocesparalelas.com.ar\/sitio\/wp-json\/wp\/v2\/media\/62226"}],"wp:attachment":[{"href":"https:\/\/vocesparalelas.com.ar\/sitio\/wp-json\/wp\/v2\/media?parent=62242"}],"wp:term":[{"taxonomy":"category","embeddable":true,"href":"https:\/\/vocesparalelas.com.ar\/sitio\/wp-json\/wp\/v2\/categories?post=62242"},{"taxonomy":"post_tag","embeddable":true,"href":"https:\/\/vocesparalelas.com.ar\/sitio\/wp-json\/wp\/v2\/tags?post=62242"}],"curies":[{"name":"wp","href":"https:\/\/api.w.org\/{rel}","templated":true}]}}