{"id":62238,"date":"2023-08-13T16:40:44","date_gmt":"2023-08-13T19:40:44","guid":{"rendered":"https:\/\/vocesparalelas.com.ar\/sitio\/?p=62238"},"modified":"2023-08-13T22:07:28","modified_gmt":"2023-08-14T01:07:28","slug":"espero-que-sea-una-jornada-linda-para-expresarse-con-el-voto","status":"publish","type":"post","link":"https:\/\/vocesparalelas.com.ar\/sitio\/espero-que-sea-una-jornada-linda-para-expresarse-con-el-voto\/","title":{"rendered":"\u00abEspero que sea una jornada linda para expresarse con el voto\u00bb"},"content":{"rendered":"<p>El Gobernador Electo de Cambia San Juan y Senador Nacional por San Juan, Dr. Marcelo Orrego lleg\u00f3 a la Escuela Dr. Carlos Pellegrini para emitir su voto pero antes hizo declaraciones a los Periodistas San Juan.<\/p>\n<p>&nbsp;<\/p>\n<p><iframe loading=\"lazy\" title=\"GOBERNADOR ELECTO DR MARCELO ORREGO\" width=\"800\" height=\"450\" src=\"https:\/\/www.youtube.com\/embed\/ejIrZNk41jI?feature=oembed\" frameborder=\"0\" allow=\"accelerometer; autoplay; clipboard-write; encrypted-media; gyroscope; picture-in-picture; web-share\" allowfullscreen><\/iframe><\/p>\n<p>Adem\u00e1s, fue acompa\u00f1ado por distintos referentes de Cambia San Juan y por el Vicegobernador Electo, Dr. Fabi\u00e1n Mart\u00edn.<\/p>\n<p><img loading=\"lazy\" decoding=\"async\" class=\"alignnone size-full wp-image-62222\" src=\"https:\/\/vocesparalelas.com.ar\/sitio\/wp-content\/uploads\/2023\/08\/CAMBIA-SAN-JUAN-DR-MARCELO-ORREGO-01.jpg\" alt=\"\" width=\"800\" height=\"533\" srcset=\"https:\/\/vocesparalelas.com.ar\/sitio\/wp-content\/uploads\/2023\/08\/CAMBIA-SAN-JUAN-DR-MARCELO-ORREGO-01.jpg 800w, https:\/\/vocesparalelas.com.ar\/sitio\/wp-content\/uploads\/2023\/08\/CAMBIA-SAN-JUAN-DR-MARCELO-ORREGO-01-300x200.jpg 300w, https:\/\/vocesparalelas.com.ar\/sitio\/wp-content\/uploads\/2023\/08\/CAMBIA-SAN-JUAN-DR-MARCELO-ORREGO-01-768x512.jpg 768w\" sizes=\"auto, (max-width: 800px) 100vw, 800px\" \/><\/p>\n","protected":false},"excerpt":{"rendered":"<p>El Gobernador Electo de Cambia San Juan y Senador Nacional por San Juan, Dr. Marcelo Orrego lleg\u00f3 a la Escuela<\/p>\n","protected":false},"author":3,"featured_media":62223,"comment_status":"closed","ping_status":"closed","sticky":false,"template":"","format":"standard","meta":{"_acf_changed":false,"_seopress_robots_primary_cat":"none","_seopress_titles_title":"","_seopress_titles_desc":"","_seopress_robots_index":"","colormag_page_container_layout":"default_layout","colormag_page_sidebar_layout":"default_layout","footnotes":""},"categories":[1,7],"tags":[],"class_list":["post-62238","post","type-post","status-publish","format-standard","has-post-thumbnail","hentry","category-destacadas","category-videos"],"acf":[],"_links":{"self":[{"href":"https:\/\/vocesparalelas.com.ar\/sitio\/wp-json\/wp\/v2\/posts\/62238","targetHints":{"allow":["GET"]}}],"collection":[{"href":"https:\/\/vocesparalelas.com.ar\/sitio\/wp-json\/wp\/v2\/posts"}],"about":[{"href":"https:\/\/vocesparalelas.com.ar\/sitio\/wp-json\/wp\/v2\/types\/post"}],"author":[{"embeddable":true,"href":"https:\/\/vocesparalelas.com.ar\/sitio\/wp-json\/wp\/v2\/users\/3"}],"replies":[{"embeddable":true,"href":"https:\/\/vocesparalelas.com.ar\/sitio\/wp-json\/wp\/v2\/comments?post=62238"}],"version-history":[{"count":1,"href":"https:\/\/vocesparalelas.com.ar\/sitio\/wp-json\/wp\/v2\/posts\/62238\/revisions"}],"predecessor-version":[{"id":62241,"href":"https:\/\/vocesparalelas.com.ar\/sitio\/wp-json\/wp\/v2\/posts\/62238\/revisions\/62241"}],"wp:featuredmedia":[{"embeddable":true,"href":"https:\/\/vocesparalelas.com.ar\/sitio\/wp-json\/wp\/v2\/media\/62223"}],"wp:attachment":[{"href":"https:\/\/vocesparalelas.com.ar\/sitio\/wp-json\/wp\/v2\/media?parent=62238"}],"wp:term":[{"taxonomy":"category","embeddable":true,"href":"https:\/\/vocesparalelas.com.ar\/sitio\/wp-json\/wp\/v2\/categories?post=62238"},{"taxonomy":"post_tag","embeddable":true,"href":"https:\/\/vocesparalelas.com.ar\/sitio\/wp-json\/wp\/v2\/tags?post=62238"}],"curies":[{"name":"wp","href":"https:\/\/api.w.org\/{rel}","templated":true}]}}