{"id":62208,"date":"2023-08-11T22:57:53","date_gmt":"2023-08-12T01:57:53","guid":{"rendered":"https:\/\/vocesparalelas.com.ar\/sitio\/?p=62208"},"modified":"2023-08-11T23:58:07","modified_gmt":"2023-08-12T02:58:07","slug":"el-sueno-cumplido-para-los-investigadores-del-iihra-de-la-ffha-de-la-unsj","status":"publish","type":"post","link":"https:\/\/vocesparalelas.com.ar\/sitio\/el-sueno-cumplido-para-los-investigadores-del-iihra-de-la-ffha-de-la-unsj\/","title":{"rendered":"El sue\u00f1o cumplido para los investigadores del IIHRA de la FFHA de la UNSJ"},"content":{"rendered":"<p>En la Sala de Audio y Video de la Facultad de Filosof\u00eda, Humanidades y Artes de la Universidad Nacional de San Juan se realiz\u00f3 la Presentaci\u00f3n del Libro \u00abHacia la Construcci\u00f3n de la Historia de la Actividad Minera de la Provincia de San Juan, Argentina\u00bb, con la direcci\u00f3n de la Dra. Mar\u00eda Susana Clavel Jameson.<\/p>\n<p>Por ello, Voces Paralelas desarroll\u00f3 una entrevista period\u00edstica a la Decana de la FFHA de la UNSJ, Mgter. Myriam Arrabal, quien destac\u00f3 la importancia del logro del equipo de investigadores para la publicaci\u00f3n del libro al servicio de la comunidad de San Juan.<\/p>\n<p><iframe loading=\"lazy\" title=\"FFHA UNSJ DECANA MG MYRIAN ARRABAL\" width=\"800\" height=\"450\" src=\"https:\/\/www.youtube.com\/embed\/HNFWD0U8o0M?feature=oembed\" frameborder=\"0\" allow=\"accelerometer; autoplay; clipboard-write; encrypted-media; gyroscope; picture-in-picture; web-share\" allowfullscreen><\/iframe><\/p>\n<p>Estas actividades es cumplir un sue\u00f1o del grupo de investigadores que permite el trabajo coordinado por la recordada Prof. Margarita Ferr\u00e1 de Bartol que continu\u00f3 sus pasos la Dra. Susana Clavel, quienes lograron la publicaci\u00f3n del libro \u00abHacia la Construcci\u00f3n de la Historia de la Actividad Minera de la Provincia de San Juan, Argentina\u00bb. El logro obedece a la perseverancia y la vocaci\u00f3n de servicio.<\/p>\n<figure id=\"attachment_62213\" aria-describedby=\"caption-attachment-62213\" style=\"width: 800px\" class=\"wp-caption alignnone\"><img loading=\"lazy\" decoding=\"async\" class=\"size-full wp-image-62213\" src=\"https:\/\/vocesparalelas.com.ar\/sitio\/wp-content\/uploads\/2023\/08\/FFHA-LIVRO-03.jpg\" alt=\"\" width=\"800\" height=\"533\" srcset=\"https:\/\/vocesparalelas.com.ar\/sitio\/wp-content\/uploads\/2023\/08\/FFHA-LIVRO-03.jpg 800w, https:\/\/vocesparalelas.com.ar\/sitio\/wp-content\/uploads\/2023\/08\/FFHA-LIVRO-03-300x200.jpg 300w, https:\/\/vocesparalelas.com.ar\/sitio\/wp-content\/uploads\/2023\/08\/FFHA-LIVRO-03-768x512.jpg 768w\" sizes=\"auto, (max-width: 800px) 100vw, 800px\" \/><figcaption id=\"caption-attachment-62213\" class=\"wp-caption-text\">Equipo de investigadores del IIHRA de la FFHA de la UNSJ<\/figcaption><\/figure>\n<p>Durante el acto, el alumno de 2\u00b0 A\u00f1o del Profesorado de M\u00fasica en Guitarra de la FFHA de la UNSJ, Rolando Moreno, tuvo la gran oportunidad de deleitar con m\u00fasica cl\u00e1sica a los presentes.<\/p>\n<figure id=\"attachment_62215\" aria-describedby=\"caption-attachment-62215\" style=\"width: 800px\" class=\"wp-caption alignnone\"><img loading=\"lazy\" decoding=\"async\" class=\"size-full wp-image-62215\" src=\"https:\/\/vocesparalelas.com.ar\/sitio\/wp-content\/uploads\/2023\/08\/FFHA-LIVRO-05-ROLANDO-MORENO.jpg\" alt=\"\" width=\"800\" height=\"600\" srcset=\"https:\/\/vocesparalelas.com.ar\/sitio\/wp-content\/uploads\/2023\/08\/FFHA-LIVRO-05-ROLANDO-MORENO.jpg 800w, https:\/\/vocesparalelas.com.ar\/sitio\/wp-content\/uploads\/2023\/08\/FFHA-LIVRO-05-ROLANDO-MORENO-300x225.jpg 300w, https:\/\/vocesparalelas.com.ar\/sitio\/wp-content\/uploads\/2023\/08\/FFHA-LIVRO-05-ROLANDO-MORENO-768x576.jpg 768w\" sizes=\"auto, (max-width: 800px) 100vw, 800px\" \/><figcaption id=\"caption-attachment-62215\" class=\"wp-caption-text\">Alumno de 2\u00b0 A\u00f1o del Profesorado de M\u00fasica en Guitarra de la FFHA de la UNSJ, Rolando Moreno<\/figcaption><\/figure>\n<p><iframe loading=\"lazy\" title=\"FFHA UNSJ GUITARRS ROLANDO  MORENO\" width=\"800\" height=\"450\" src=\"https:\/\/www.youtube.com\/embed\/VUBULwfL98M?feature=oembed\" frameborder=\"0\" allow=\"accelerometer; autoplay; clipboard-write; encrypted-media; gyroscope; picture-in-picture; web-share\" allowfullscreen><\/iframe><\/p>\n<p>&nbsp;<\/p>\n<p><img loading=\"lazy\" decoding=\"async\" class=\"alignnone size-full wp-image-62212\" src=\"https:\/\/vocesparalelas.com.ar\/sitio\/wp-content\/uploads\/2023\/08\/FFHA-LIVRO-02.jpg\" alt=\"\" width=\"800\" height=\"533\" srcset=\"https:\/\/vocesparalelas.com.ar\/sitio\/wp-content\/uploads\/2023\/08\/FFHA-LIVRO-02.jpg 800w, https:\/\/vocesparalelas.com.ar\/sitio\/wp-content\/uploads\/2023\/08\/FFHA-LIVRO-02-300x200.jpg 300w, https:\/\/vocesparalelas.com.ar\/sitio\/wp-content\/uploads\/2023\/08\/FFHA-LIVRO-02-768x512.jpg 768w\" sizes=\"auto, (max-width: 800px) 100vw, 800px\" \/><\/p>\n<p><iframe loading=\"lazy\" title=\"FFHA UNSJ GUITARRA ROLANDO MORENO\" width=\"800\" height=\"450\" src=\"https:\/\/www.youtube.com\/embed\/sSIDOVuE_6o?feature=oembed\" frameborder=\"0\" allow=\"accelerometer; autoplay; clipboard-write; encrypted-media; gyroscope; picture-in-picture; web-share\" allowfullscreen><\/iframe><\/p>\n<p><img loading=\"lazy\" decoding=\"async\" class=\"alignnone size-full wp-image-62211\" src=\"https:\/\/vocesparalelas.com.ar\/sitio\/wp-content\/uploads\/2023\/08\/FFHA-LIVRO-01.jpg\" alt=\"\" width=\"800\" height=\"533\" srcset=\"https:\/\/vocesparalelas.com.ar\/sitio\/wp-content\/uploads\/2023\/08\/FFHA-LIVRO-01.jpg 800w, https:\/\/vocesparalelas.com.ar\/sitio\/wp-content\/uploads\/2023\/08\/FFHA-LIVRO-01-300x200.jpg 300w, https:\/\/vocesparalelas.com.ar\/sitio\/wp-content\/uploads\/2023\/08\/FFHA-LIVRO-01-768x512.jpg 768w\" sizes=\"auto, (max-width: 800px) 100vw, 800px\" \/><\/p>\n<p>&nbsp;<\/p>\n<p><iframe loading=\"lazy\" title=\"FFHA UNSJ GUITARRA ROLANDO MORENO\" width=\"800\" height=\"450\" src=\"https:\/\/www.youtube.com\/embed\/Jm8gkDygV14?feature=oembed\" frameborder=\"0\" allow=\"accelerometer; autoplay; clipboard-write; encrypted-media; gyroscope; picture-in-picture; web-share\" allowfullscreen><\/iframe><\/p>\n<p>Integrantes del Instituto de Investigaciones en Historia Regional y Argentina \u00abProf. H\u00e9ctor Arias\u00bb dijo presente a tan grato acontecimiento, Autoridades de la UNSJ, de la FFHA, del Departamento de Historia y alumnos.<\/p>\n<p>&nbsp;<\/p>\n<p>&nbsp;<\/p>\n<blockquote class=\"wp-embedded-content\" data-secret=\"p8bIzP5unn\"><p><a href=\"https:\/\/vocesparalelas.com.ar\/sitio\/presentan-el-libro-hacia-la-construccion-de-la-historia-de-la-actividad-minera-de-la-provincia-de-san-juan-argentina\/\">Presentan el Libro \u00abHacia la Construcci\u00f3n de la Historia de la Actividad Minera de la Provincia de San Juan, Argentina\u00bb<\/a><\/p><\/blockquote>\n<p><iframe loading=\"lazy\" class=\"wp-embedded-content\" sandbox=\"allow-scripts\" security=\"restricted\" style=\"position: absolute; clip: rect(1px, 1px, 1px, 1px);\" title=\"\u00abPresentan el Libro \u00abHacia la Construcci\u00f3n de la Historia de la Actividad Minera de la Provincia de San Juan, Argentina\u00bb\u00bb \u2014 Voces Paralelas\" src=\"https:\/\/vocesparalelas.com.ar\/sitio\/presentan-el-libro-hacia-la-construccion-de-la-historia-de-la-actividad-minera-de-la-provincia-de-san-juan-argentina\/embed\/#?secret=8gcsZYk1UN#?secret=p8bIzP5unn\" data-secret=\"p8bIzP5unn\" width=\"600\" height=\"338\" frameborder=\"0\" marginwidth=\"0\" marginheight=\"0\" scrolling=\"no\"><\/iframe><\/p>\n","protected":false},"excerpt":{"rendered":"<p>En la Sala de Audio y Video de la Facultad de Filosof\u00eda, Humanidades y Artes de la Universidad Nacional de<\/p>\n","protected":false},"author":3,"featured_media":62214,"comment_status":"closed","ping_status":"closed","sticky":false,"template":"","format":"standard","meta":{"_acf_changed":false,"_seopress_robots_primary_cat":"none","_seopress_titles_title":"","_seopress_titles_desc":"","_seopress_robots_index":"","colormag_page_container_layout":"default_layout","colormag_page_sidebar_layout":"default_layout","footnotes":""},"categories":[1,7],"tags":[],"class_list":["post-62208","post","type-post","status-publish","format-standard","has-post-thumbnail","hentry","category-destacadas","category-videos"],"acf":[],"_links":{"self":[{"href":"https:\/\/vocesparalelas.com.ar\/sitio\/wp-json\/wp\/v2\/posts\/62208","targetHints":{"allow":["GET"]}}],"collection":[{"href":"https:\/\/vocesparalelas.com.ar\/sitio\/wp-json\/wp\/v2\/posts"}],"about":[{"href":"https:\/\/vocesparalelas.com.ar\/sitio\/wp-json\/wp\/v2\/types\/post"}],"author":[{"embeddable":true,"href":"https:\/\/vocesparalelas.com.ar\/sitio\/wp-json\/wp\/v2\/users\/3"}],"replies":[{"embeddable":true,"href":"https:\/\/vocesparalelas.com.ar\/sitio\/wp-json\/wp\/v2\/comments?post=62208"}],"version-history":[{"count":1,"href":"https:\/\/vocesparalelas.com.ar\/sitio\/wp-json\/wp\/v2\/posts\/62208\/revisions"}],"predecessor-version":[{"id":62216,"href":"https:\/\/vocesparalelas.com.ar\/sitio\/wp-json\/wp\/v2\/posts\/62208\/revisions\/62216"}],"wp:featuredmedia":[{"embeddable":true,"href":"https:\/\/vocesparalelas.com.ar\/sitio\/wp-json\/wp\/v2\/media\/62214"}],"wp:attachment":[{"href":"https:\/\/vocesparalelas.com.ar\/sitio\/wp-json\/wp\/v2\/media?parent=62208"}],"wp:term":[{"taxonomy":"category","embeddable":true,"href":"https:\/\/vocesparalelas.com.ar\/sitio\/wp-json\/wp\/v2\/categories?post=62208"},{"taxonomy":"post_tag","embeddable":true,"href":"https:\/\/vocesparalelas.com.ar\/sitio\/wp-json\/wp\/v2\/tags?post=62208"}],"curies":[{"name":"wp","href":"https:\/\/api.w.org\/{rel}","templated":true}]}}