{"id":62194,"date":"2023-08-11T22:50:43","date_gmt":"2023-08-12T01:50:43","guid":{"rendered":"https:\/\/vocesparalelas.com.ar\/sitio\/?p=62194"},"modified":"2023-08-11T22:50:43","modified_gmt":"2023-08-12T01:50:43","slug":"atencion-del-registro-civil-de-san-juan-durante-el-fin-de-semana-electoral","status":"publish","type":"post","link":"https:\/\/vocesparalelas.com.ar\/sitio\/atencion-del-registro-civil-de-san-juan-durante-el-fin-de-semana-electoral\/","title":{"rendered":"Atenci\u00f3n del Registro Civil de San Juan durante el fin de semana electoral"},"content":{"rendered":"<p>La Direcci\u00f3n del Registro del Estado Civil y Capacidad de las Personas del Ministerio de Gobierno de San Juan informa el funcionamiento de sus Delegaciones Zonales durante el fin de semana correspondiente al S\u00e1bado, 12 y Domingo, 13 de Agosto.<\/p>\n<p>Cabe destacar que estas Delegaciones tendr\u00e1n tareas de entrega de DNI para las personas que lo hayan tramitado con anterioridad, y consulta de Padrones Electorales, tanto en el d\u00eda s\u00e1bado como el domingo.<\/p>\n<p>En la sede central de la Direcci\u00f3n, Santa Fe 54 &#8211; E &#8211; departamento Capital, se realizan durante el S\u00e1bado tareas de expedici\u00f3n de copias, entrega de DNI y toma de tr\u00e1mites de DNI y Pasaportes; el Domingo \u00fanicamente para entrega de DNI y consulta de Padrones Electorales.<\/p>\n<p>Los horarios de atenci\u00f3n de las Delegaciones Zonales del Registro Civil ser\u00e1 el siguiente por d\u00eda:<\/p>\n<p><strong><span style=\"color: #339966;\">S\u00e1bado, 12 de Agosto, de 8 a 13 horas en las Delegaciones de:<\/span><\/strong><\/p>\n<ul>\n<li>Chimbas<\/li>\n<li>Villa Krause<\/li>\n<li>Barreal<\/li>\n<li>Calingasta<\/li>\n<li>Caucete<\/li>\n<li>Rodeo<\/li>\n<li>J\u00e1chal<\/li>\n<li>Huaco<\/li>\n<li>Niquivil<\/li>\n<li>Valle F\u00e9rtil<\/li>\n<li>Pocito<\/li>\n<li>Media Agua<\/li>\n<li>25 de Mayo<\/li>\n<li>Albardon<\/li>\n<li>San Martin<\/li>\n<li>Angaco<\/li>\n<li>Ullum<\/li>\n<li>Zonda<\/li>\n<li>9 de Julio<\/li>\n<\/ul>\n<p><span style=\"color: #339966;\"><strong>Domingo, 13 de Agosto, de 8 a 17 horas en las Delegaciones de:<\/strong><\/span><\/p>\n<ul>\n<li>Chimbas<\/li>\n<li>Villa Krause<\/li>\n<li>Caucete<\/li>\n<li>Rodeo<\/li>\n<li>J\u00e1chal<\/li>\n<li>Valle F\u00e9rtil<\/li>\n<li>Pocito<\/li>\n<li>Media Agua<\/li>\n<li>25 de Mayo<\/li>\n<li>Albardon<\/li>\n<li>San Martin<\/li>\n<li>Angaco<\/li>\n<li>Ullum<\/li>\n<li>Zonda<\/li>\n<li>9 de Julio<\/li>\n<\/ul>\n<p><span style=\"color: #339966;\"><strong>Domingo, 13 de Agosto, de 8 a 13 horas, en las Delegaciones de:<\/strong><\/span><\/p>\n<ul>\n<li>Barreal<\/li>\n<li>Calingasta<\/li>\n<li>Huaco<\/li>\n<li>Niquivil<\/li>\n<\/ul>\n<p>Pod\u00e9s consultar la ubicaci\u00f3n de tu Delegaci\u00f3n Zonal m\u00e1s cercana ingresando a<\/p>\n<p><a href=\"https:\/\/sisanjuan.gob.ar\/registro-civil\">https:\/\/sisanjuan.gob.ar\/registro-civil<\/a><\/p>\n","protected":false},"excerpt":{"rendered":"<p>La Direcci\u00f3n del Registro del Estado Civil y Capacidad de las Personas del Ministerio de Gobierno de San Juan informa<\/p>\n","protected":false},"author":3,"featured_media":53908,"comment_status":"closed","ping_status":"closed","sticky":false,"template":"","format":"standard","meta":{"_acf_changed":false,"_seopress_robots_primary_cat":"none","_seopress_titles_title":"","_seopress_titles_desc":"","_seopress_robots_index":"","colormag_page_container_layout":"default_layout","colormag_page_sidebar_layout":"default_layout","footnotes":""},"categories":[1],"tags":[],"class_list":["post-62194","post","type-post","status-publish","format-standard","has-post-thumbnail","hentry","category-destacadas"],"acf":[],"_links":{"self":[{"href":"https:\/\/vocesparalelas.com.ar\/sitio\/wp-json\/wp\/v2\/posts\/62194","targetHints":{"allow":["GET"]}}],"collection":[{"href":"https:\/\/vocesparalelas.com.ar\/sitio\/wp-json\/wp\/v2\/posts"}],"about":[{"href":"https:\/\/vocesparalelas.com.ar\/sitio\/wp-json\/wp\/v2\/types\/post"}],"author":[{"embeddable":true,"href":"https:\/\/vocesparalelas.com.ar\/sitio\/wp-json\/wp\/v2\/users\/3"}],"replies":[{"embeddable":true,"href":"https:\/\/vocesparalelas.com.ar\/sitio\/wp-json\/wp\/v2\/comments?post=62194"}],"version-history":[{"count":1,"href":"https:\/\/vocesparalelas.com.ar\/sitio\/wp-json\/wp\/v2\/posts\/62194\/revisions"}],"predecessor-version":[{"id":62197,"href":"https:\/\/vocesparalelas.com.ar\/sitio\/wp-json\/wp\/v2\/posts\/62194\/revisions\/62197"}],"wp:featuredmedia":[{"embeddable":true,"href":"https:\/\/vocesparalelas.com.ar\/sitio\/wp-json\/wp\/v2\/media\/53908"}],"wp:attachment":[{"href":"https:\/\/vocesparalelas.com.ar\/sitio\/wp-json\/wp\/v2\/media?parent=62194"}],"wp:term":[{"taxonomy":"category","embeddable":true,"href":"https:\/\/vocesparalelas.com.ar\/sitio\/wp-json\/wp\/v2\/categories?post=62194"},{"taxonomy":"post_tag","embeddable":true,"href":"https:\/\/vocesparalelas.com.ar\/sitio\/wp-json\/wp\/v2\/tags?post=62194"}],"curies":[{"name":"wp","href":"https:\/\/api.w.org\/{rel}","templated":true}]}}