{"id":62136,"date":"2023-08-10T22:17:17","date_gmt":"2023-08-11T01:17:17","guid":{"rendered":"https:\/\/vocesparalelas.com.ar\/sitio\/?p=62136"},"modified":"2023-08-10T22:33:46","modified_gmt":"2023-08-11T01:33:46","slug":"se-fortalece-el-edificio-del-museo-de-ciencias-naturales-en-san-juan","status":"publish","type":"post","link":"https:\/\/vocesparalelas.com.ar\/sitio\/se-fortalece-el-edificio-del-museo-de-ciencias-naturales-en-san-juan\/","title":{"rendered":"Se fortalece el edificio del Museo de Ciencias Naturales en San Juan"},"content":{"rendered":"<p>Una visita por parte de las autoridades del Ministerio de Obras y Servicios P\u00fablicos y de Turismo y Cultura del Gobierno de San Juan, por las obras del Museo de Ciencias Naturales. El edificio se encuentra en su etapa final de construcci\u00f3n, aguardando su inauguraci\u00f3n para Octubre y la visita de toda la ciudadan\u00eda.<\/p>\n<p>Estuvieron presentes en la recorrida el ministro de Obras y Servicios P\u00fablicos, Ing. Julio Ortiz Andino junto a la ministra de Turismo y Cultura, Lic. Claudia Grynszpan. Tambi\u00e9n acompa\u00f1aron el secretario de Obras y Servicios P\u00fablicos, Ing. Carlos Roll\u00e1n Oro, el subsecretario de Arquitectura, Ing. Oscar Montero y el director de Gesti\u00f3n de Obras, Arq. Miguel \u00c1ngel Toro. Por parte de la cartera de Turismo y Cultura, asistieron el secretario de Turismo, Dr. Roberto Ju\u00e1rez, y secretaria de Cultura, Lic. Virginia Agote.<\/p>\n<p><img loading=\"lazy\" decoding=\"async\" class=\"alignnone size-full wp-image-62141\" src=\"https:\/\/vocesparalelas.com.ar\/sitio\/wp-content\/uploads\/2023\/08\/MUSEO-CIENCIAS-03.jpg\" alt=\"\" width=\"800\" height=\"533\" srcset=\"https:\/\/vocesparalelas.com.ar\/sitio\/wp-content\/uploads\/2023\/08\/MUSEO-CIENCIAS-03.jpg 800w, https:\/\/vocesparalelas.com.ar\/sitio\/wp-content\/uploads\/2023\/08\/MUSEO-CIENCIAS-03-300x200.jpg 300w, https:\/\/vocesparalelas.com.ar\/sitio\/wp-content\/uploads\/2023\/08\/MUSEO-CIENCIAS-03-768x512.jpg 768w\" sizes=\"auto, (max-width: 800px) 100vw, 800px\" \/><\/p>\n<p>Esta obra, ubicada en Avenida Espa\u00f1a y calle 25 de Mayo, pr\u00f3xima a la Estaci\u00f3n Belgrano, conformar\u00e1 el eje c\u00edvico-cultural y recreativo que contempla el Teatro y Plaza del Bicentenario, Centro C\u00edvico, Legislatura Provincial, Centro de Convenciones y Exposiciones, Museo de Bellas Artes Franklin Rawson, el Museo de la Historia Urbana y el recientemente inaugurado Parque Belgrano.<\/p>\n<p>El subsecretario de Arquitectura, Ing. Oscar Montero explic\u00f3 el trabajo que se viene realizando y las fortalezas que va a tener el espacio para los visitantes.<\/p>\n<p><iframe loading=\"lazy\" title=\"MUSEO\" width=\"800\" height=\"450\" src=\"https:\/\/www.youtube.com\/embed\/aqhL4o-tw1U?feature=oembed\" frameborder=\"0\" allow=\"accelerometer; autoplay; clipboard-write; encrypted-media; gyroscope; picture-in-picture; web-share\" allowfullscreen><\/iframe><\/p>\n<p>Con una superficie total cubierta de 5300m2, la idea generadora del edificio parte de una arquitectura de sistema en la que cada elemento se vincula entre s\u00ed conformando una totalidad. Se trata de cilindros repetitivos interrelacionados, que convergen en un espacio central que funciona como galer\u00eda. La morfolog\u00eda adoptada responde a la necesidad de un patr\u00f3n diferente que permite jerarquizar y revalorizar cada edificio, poniendo en valor los distintos estilos arquitect\u00f3nicos ya que la Ex Estaci\u00f3n Gral. Belgrano es un edificio referencial de principios de siglo XX.<\/p>\n<p>La nueva infraestructura contar\u00e1 con un acceso principal que se enmarca en dos vol\u00famenes importantes para actividades administrativas, culturales y cient\u00edficas. Desde este acceso, se llega a un volumen de mayor jerarqu\u00eda que funcionar\u00e1 a la vez como hall distribuidor a las distintas \u00e1reas del edificio. El sector cultural tendr\u00e1 nueve salas de exposici\u00f3n permanente y una sala de exposici\u00f3n temporaria. Tambi\u00e9n se prev\u00e9 un local de merchandising y una confiter\u00eda. Esta \u00faltima contar\u00e1 con los servicios necesarios para su funcionamiento (Cocina, dep\u00f3sito y Sanitarios) adem\u00e1s de un acceso diferenciado que permitir\u00e1 su uso fuera del horario de visitas al museo. Junto al edificio, se reubica una zona de comidas al paso, con lugares para comer descansar y hacer la pausa necesaria despu\u00e9s de realizar el recorrido del lugar.<\/p>\n<p>El ministro de Obras y Servicios P\u00fablicos, Ing. Julio Ortiz Andino manifest\u00f3\u00a0 que \u00abvamos a establecer un cronograma de inauguraciones, para tratar de poner en funciones dos obras por semana. Este edificio est\u00e1 contemplado en ese cronograma, planificando su inauguraci\u00f3n en octubre\u00bb.<\/p>\n<p><iframe loading=\"lazy\" title=\"La inauguraci\u00f3n del nuevo Museo de Ciencias Naturales ser\u00e1 para fines de octubre\" width=\"800\" height=\"450\" src=\"https:\/\/www.youtube.com\/embed\/lbMPIbGlk5I?feature=oembed\" frameborder=\"0\" allow=\"accelerometer; autoplay; clipboard-write; encrypted-media; gyroscope; picture-in-picture; web-share\" allowfullscreen><\/iframe><\/p>\n<p><img loading=\"lazy\" decoding=\"async\" class=\"alignnone size-full wp-image-62139\" src=\"https:\/\/vocesparalelas.com.ar\/sitio\/wp-content\/uploads\/2023\/08\/MUSEO-CIENCIAS-01.jpg\" alt=\"\" width=\"800\" height=\"533\" srcset=\"https:\/\/vocesparalelas.com.ar\/sitio\/wp-content\/uploads\/2023\/08\/MUSEO-CIENCIAS-01.jpg 800w, https:\/\/vocesparalelas.com.ar\/sitio\/wp-content\/uploads\/2023\/08\/MUSEO-CIENCIAS-01-300x200.jpg 300w, https:\/\/vocesparalelas.com.ar\/sitio\/wp-content\/uploads\/2023\/08\/MUSEO-CIENCIAS-01-768x512.jpg 768w\" sizes=\"auto, (max-width: 800px) 100vw, 800px\" \/> <img loading=\"lazy\" decoding=\"async\" class=\"alignnone size-full wp-image-62140\" src=\"https:\/\/vocesparalelas.com.ar\/sitio\/wp-content\/uploads\/2023\/08\/MUSEO-CIENCIAS-02.jpg\" alt=\"\" width=\"800\" height=\"533\" srcset=\"https:\/\/vocesparalelas.com.ar\/sitio\/wp-content\/uploads\/2023\/08\/MUSEO-CIENCIAS-02.jpg 800w, https:\/\/vocesparalelas.com.ar\/sitio\/wp-content\/uploads\/2023\/08\/MUSEO-CIENCIAS-02-300x200.jpg 300w, https:\/\/vocesparalelas.com.ar\/sitio\/wp-content\/uploads\/2023\/08\/MUSEO-CIENCIAS-02-768x512.jpg 768w\" sizes=\"auto, (max-width: 800px) 100vw, 800px\" \/> <img loading=\"lazy\" decoding=\"async\" class=\"alignnone size-full wp-image-62144\" src=\"https:\/\/vocesparalelas.com.ar\/sitio\/wp-content\/uploads\/2023\/08\/MUSEO-CIENCIAS-05.jpg\" alt=\"\" width=\"800\" height=\"533\" srcset=\"https:\/\/vocesparalelas.com.ar\/sitio\/wp-content\/uploads\/2023\/08\/MUSEO-CIENCIAS-05.jpg 800w, https:\/\/vocesparalelas.com.ar\/sitio\/wp-content\/uploads\/2023\/08\/MUSEO-CIENCIAS-05-300x200.jpg 300w, https:\/\/vocesparalelas.com.ar\/sitio\/wp-content\/uploads\/2023\/08\/MUSEO-CIENCIAS-05-768x512.jpg 768w\" sizes=\"auto, (max-width: 800px) 100vw, 800px\" \/><\/p>\n<p><span style=\"color: #ff6600;\"><strong>Datos t\u00e9cnicos de relevancia:<\/strong><\/span><\/p>\n<ul>\n<li>Superficie total edificio: 5300 m2<\/li>\n<li>Superficie de parquizaci\u00f3n: 2.5ha<\/li>\n<li>Fecha prevista de finalizaci\u00f3n: octubre de 2023<\/li>\n<li>Contratista: PANACAN SRL<\/li>\n<\/ul>\n<p><iframe loading=\"lazy\" title=\"MUSEO\" width=\"800\" height=\"450\" src=\"https:\/\/www.youtube.com\/embed\/5pdVog31zuM?feature=oembed\" frameborder=\"0\" allow=\"accelerometer; autoplay; clipboard-write; encrypted-media; gyroscope; picture-in-picture; web-share\" allowfullscreen><\/iframe><\/p>\n<p>&nbsp;<\/p>\n<p>&nbsp;<\/p>\n","protected":false},"excerpt":{"rendered":"<p>Una visita por parte de las autoridades del Ministerio de Obras y Servicios P\u00fablicos y de Turismo y Cultura del<\/p>\n","protected":false},"author":3,"featured_media":62143,"comment_status":"closed","ping_status":"closed","sticky":false,"template":"","format":"standard","meta":{"_acf_changed":false,"_seopress_robots_primary_cat":"none","_seopress_titles_title":"","_seopress_titles_desc":"","_seopress_robots_index":"","colormag_page_container_layout":"default_layout","colormag_page_sidebar_layout":"default_layout","footnotes":""},"categories":[1,7],"tags":[],"class_list":["post-62136","post","type-post","status-publish","format-standard","has-post-thumbnail","hentry","category-destacadas","category-videos"],"acf":[],"_links":{"self":[{"href":"https:\/\/vocesparalelas.com.ar\/sitio\/wp-json\/wp\/v2\/posts\/62136","targetHints":{"allow":["GET"]}}],"collection":[{"href":"https:\/\/vocesparalelas.com.ar\/sitio\/wp-json\/wp\/v2\/posts"}],"about":[{"href":"https:\/\/vocesparalelas.com.ar\/sitio\/wp-json\/wp\/v2\/types\/post"}],"author":[{"embeddable":true,"href":"https:\/\/vocesparalelas.com.ar\/sitio\/wp-json\/wp\/v2\/users\/3"}],"replies":[{"embeddable":true,"href":"https:\/\/vocesparalelas.com.ar\/sitio\/wp-json\/wp\/v2\/comments?post=62136"}],"version-history":[{"count":3,"href":"https:\/\/vocesparalelas.com.ar\/sitio\/wp-json\/wp\/v2\/posts\/62136\/revisions"}],"predecessor-version":[{"id":62147,"href":"https:\/\/vocesparalelas.com.ar\/sitio\/wp-json\/wp\/v2\/posts\/62136\/revisions\/62147"}],"wp:featuredmedia":[{"embeddable":true,"href":"https:\/\/vocesparalelas.com.ar\/sitio\/wp-json\/wp\/v2\/media\/62143"}],"wp:attachment":[{"href":"https:\/\/vocesparalelas.com.ar\/sitio\/wp-json\/wp\/v2\/media?parent=62136"}],"wp:term":[{"taxonomy":"category","embeddable":true,"href":"https:\/\/vocesparalelas.com.ar\/sitio\/wp-json\/wp\/v2\/categories?post=62136"},{"taxonomy":"post_tag","embeddable":true,"href":"https:\/\/vocesparalelas.com.ar\/sitio\/wp-json\/wp\/v2\/tags?post=62136"}],"curies":[{"name":"wp","href":"https:\/\/api.w.org\/{rel}","templated":true}]}}