{"id":62132,"date":"2023-08-10T20:13:16","date_gmt":"2023-08-10T23:13:16","guid":{"rendered":"https:\/\/vocesparalelas.com.ar\/sitio\/?p=62132"},"modified":"2023-08-10T20:13:24","modified_gmt":"2023-08-10T23:13:24","slug":"vamos-san-juan-adhiere-a-la-suspension-de-actos-de-cierre-de-campana","status":"publish","type":"post","link":"https:\/\/vocesparalelas.com.ar\/sitio\/vamos-san-juan-adhiere-a-la-suspension-de-actos-de-cierre-de-campana\/","title":{"rendered":"Vamos San Juan adhiere a la suspensi\u00f3n de actos de cierre de campa\u00f1a"},"content":{"rendered":"<p>La lista Vamos San Juan adhiere a la suspensi\u00f3n de actos de campa\u00f1a del frente nacional Uni\u00f3n por la Patria, programados para el jueves 10 de agosto, fecha l\u00edmite para eventos multitudinarios, teniendo en cuenta que la veda electoral comienza el viernes a la hora 8.<\/p>\n<p>La decisi\u00f3n del frente nacional fue tomada luego del crimen de una menor en Buenos\u00a0Aires.<\/p>\n<p>La medida ser\u00e1 replicada en San Juan, considerando que la paz social es el eslab\u00f3n primero de la democracia; y que desde la pol\u00edtica se deben crear las herramientas para lograrla. No queda m\u00e1s que solidarizarnos con la familia de la menor y exigir que se haga justicia.<\/p>\n","protected":false},"excerpt":{"rendered":"<p>La lista Vamos San Juan adhiere a la suspensi\u00f3n de actos de campa\u00f1a del frente nacional Uni\u00f3n por la Patria,<\/p>\n","protected":false},"author":3,"featured_media":59083,"comment_status":"closed","ping_status":"closed","sticky":false,"template":"","format":"standard","meta":{"_acf_changed":false,"_seopress_robots_primary_cat":"none","_seopress_titles_title":"","_seopress_titles_desc":"","_seopress_robots_index":"","colormag_page_container_layout":"default_layout","colormag_page_sidebar_layout":"default_layout","footnotes":""},"categories":[1],"tags":[],"class_list":["post-62132","post","type-post","status-publish","format-standard","has-post-thumbnail","hentry","category-destacadas"],"acf":[],"_links":{"self":[{"href":"https:\/\/vocesparalelas.com.ar\/sitio\/wp-json\/wp\/v2\/posts\/62132","targetHints":{"allow":["GET"]}}],"collection":[{"href":"https:\/\/vocesparalelas.com.ar\/sitio\/wp-json\/wp\/v2\/posts"}],"about":[{"href":"https:\/\/vocesparalelas.com.ar\/sitio\/wp-json\/wp\/v2\/types\/post"}],"author":[{"embeddable":true,"href":"https:\/\/vocesparalelas.com.ar\/sitio\/wp-json\/wp\/v2\/users\/3"}],"replies":[{"embeddable":true,"href":"https:\/\/vocesparalelas.com.ar\/sitio\/wp-json\/wp\/v2\/comments?post=62132"}],"version-history":[{"count":1,"href":"https:\/\/vocesparalelas.com.ar\/sitio\/wp-json\/wp\/v2\/posts\/62132\/revisions"}],"predecessor-version":[{"id":62135,"href":"https:\/\/vocesparalelas.com.ar\/sitio\/wp-json\/wp\/v2\/posts\/62132\/revisions\/62135"}],"wp:featuredmedia":[{"embeddable":true,"href":"https:\/\/vocesparalelas.com.ar\/sitio\/wp-json\/wp\/v2\/media\/59083"}],"wp:attachment":[{"href":"https:\/\/vocesparalelas.com.ar\/sitio\/wp-json\/wp\/v2\/media?parent=62132"}],"wp:term":[{"taxonomy":"category","embeddable":true,"href":"https:\/\/vocesparalelas.com.ar\/sitio\/wp-json\/wp\/v2\/categories?post=62132"},{"taxonomy":"post_tag","embeddable":true,"href":"https:\/\/vocesparalelas.com.ar\/sitio\/wp-json\/wp\/v2\/tags?post=62132"}],"curies":[{"name":"wp","href":"https:\/\/api.w.org\/{rel}","templated":true}]}}