{"id":62118,"date":"2023-08-09T20:55:04","date_gmt":"2023-08-09T23:55:04","guid":{"rendered":"https:\/\/vocesparalelas.com.ar\/sitio\/?p=62118"},"modified":"2023-08-10T00:55:18","modified_gmt":"2023-08-10T03:55:18","slug":"servicios-del-archivo-general-de-la-provincia-de-san-juan","status":"publish","type":"post","link":"https:\/\/vocesparalelas.com.ar\/sitio\/servicios-del-archivo-general-de-la-provincia-de-san-juan\/","title":{"rendered":"Servicios del Archivo General de la Provincia de San Juan"},"content":{"rendered":"<p>El Archivo General de la Provincia, perteneciente al Ministerio de Gobierno, bajo la \u00f3rbita de la Secretaria de Relaciones Institucionales, cumple con la tarea de organizar, tecnificar, administrar, conservar, acrecentar, resguardar y difundir el patrimonio documental de la Provincia para la consulta destinada a la investigaci\u00f3n cient\u00edfica y la informaci\u00f3n en general.<\/p>\n<p>Al Archivo lo conforman tres departamentos abiertos al p\u00fablico, a trav\u00e9s del pedido correspondiente para consultar sobre los diversos materiales que dispone. Ellos son:<\/p>\n<p><span style=\"color: #339966;\"><strong>Departamento Archivo Intermedio<\/strong><\/span><\/p>\n<p>El Departamento Archivo Intermedio recibe toda la documentaci\u00f3n de los organismos centralizados de la Administraci\u00f3n P\u00fablica Provincial, la cual se clasifica y se organiza en fondos y series, confeccion\u00e1ndose \u00edndices y descriptivos para una mejor ubicaci\u00f3n de los mismos. El servicio que este Departamento brinda al p\u00fablico es la reproducci\u00f3n de fotocopias pertenecientes a distintos documentos que se entregan debidamente autenticados.<\/p>\n<p>El Departamento Archivo Intermedio concentra la documentaci\u00f3n de m\u00e1s de diez (10) a\u00f1os de antig\u00fcedad producida por los Organismos del Poder Ejecutivo Provincial, cualquiera sea su naturaleza jur\u00eddica, a excepci\u00f3n de los calificados como \u00abArchivos Especiales\u00bb.<\/p>\n<p><span style=\"color: #339966;\"><strong>Cuenta con las siguientes funciones:<\/strong><\/span><\/p>\n<p>a) Recibir la documentaci\u00f3n procedente de los Archivos Centrales y Sectoriales. (Explicar cu\u00e1les son)<br \/>\nb) Conservar la documentaci\u00f3n confiada a su custodia, bajo las condiciones m\u00e1ximas de seguridad debidamente clasificadas por procedencia; ordenada y descripta para un servicio eficiente de informaci\u00f3n y control de archival\u00eda.<br \/>\nc) Transferir al Archivo Hist\u00f3rico la documentaci\u00f3n de m\u00e1s de treinta (30) a\u00f1os de antig\u00fcedad cuyo valor sea imprescriptible y por ende, su conservaci\u00f3n permanente. Aquella documentaci\u00f3n que no cuenta con valor hist\u00f3rico vuelve a su repartici\u00f3n de origen.<\/p>\n<p><span style=\"color: #339966;\"><strong>Departamento Archivo Hist\u00f3rico<\/strong><\/span><\/p>\n<p>El Departamento Archivo Hist\u00f3rico concentra la documentaci\u00f3n de m\u00e1s de treinta (30) a\u00f1os de antig\u00fcedad producida por el Poder Ejecutivo Provincial, calificada como valor hist\u00f3rico. Asimismo contiene documentaci\u00f3n obtenida de otros Poderes del Estado Provincial o de personas privadas por: compra, convenio, donaci\u00f3n, dep\u00f3sito, legado o cualquier otro tipo de adquisici\u00f3n de dominio.<\/p>\n<p><span style=\"color: #339966;\"><strong>Cuenta con las siguientes funciones:<\/strong><\/span><\/p>\n<p>a) Recibir la documentaci\u00f3n de valor hist\u00f3rico que se le transfiera.<br \/>\nb) Clasificar, ordenar y archivar en \u00f3ptimas condiciones de seguridad y conservaci\u00f3n la archival\u00eda.<br \/>\nc) Realizar publicaciones de Repertorios y Series Documentales para lograr el conocimiento y divulgaci\u00f3n del patrimonio documental.<br \/>\nd) Llevar a cabo exposiciones de piezas de archival\u00eda.<\/p>\n<p>El Archivo Hist\u00f3rico cuenta con un reservorio entre lo que se encuentra documentaci\u00f3n desde el a\u00f1o 1601 al 1986:<\/p>\n<ul>\n<li>FONDO HIST\u00d3RICO: Consta de 636 libros que datan de 1619 a 1912, con oficios de cabildo, partes de guerra, nombramientos, recaudaciones y el accionar de los pr\u00f3ceres sanjuaninos.<\/li>\n<li>FONDO DE TRIBUNALES: Documentos desde el a\u00f1o 1601 a 1911, cuyo contenido se relaciona con juicios, delitos, actas capitulares, entre otros.<\/li>\n<li>EPISTOLARIO DOMINGO FAUSTINO SARMIENTO: Consta de 35 cajas con 3000 cartas, que datan de 1844 a 1887, enviadas a Sarmiento por personalidades de la \u00e9poca, o escritas por \u00e9l a familiares o amigos. Estas cartas son copias de los originales que se encuentran en el Museo Hist\u00f3rico de Buenos Aires, entre otros tantos.<\/li>\n<\/ul>\n<p><span style=\"color: #339966;\"><strong>Departamento Biblioteca y Hemeroteca<\/strong><\/span><\/p>\n<p>Departamento Biblioteca y Hemeroteca recibe obligatoriamente dos (2) ejemplares de toda publicaci\u00f3n que realicen los Organismos Oficiales y adquiere un ejemplar de todos los Diarios que circulan en la Provincia.<\/p>\n<p><span style=\"color: #339966;\"><strong>Cuenta con las siguientes funciones<\/strong>:<\/span><\/p>\n<p>a) Recibir y registrar las publicaciones.<br \/>\nb) Realizar el Inventario de las existencias bibliogr\u00e1ficas e impresos.<br \/>\nc) Preparar Cat\u00e1logos de las bibliograf\u00edas.<br \/>\nd) Establecer canje con instituciones del Pa\u00eds y del extranjero.<br \/>\ne) Solicitar la compra, restauraci\u00f3n y encuadernaci\u00f3n del material bibliogr\u00e1fico.<\/p>\n<p>Entre las diversas tareas que contempla la Ley N\u00b0 279 \u2013 A-, este archivo tiene el honor de custodiar lo relacionado al patrimonio cultural sanjuanino, como por ejemplo:<\/p>\n<ul>\n<li>Rubrica de gobernadores de la Provincia de San Juan DE 1956 A 2015.<\/li>\n<li>La custodia del Escudo Patr\u00f3n de la Provincia. (Decreto \u2013 Ley N\u00b0 1-G-1962).<\/li>\n<li>Copia del Plano de Ciudad de San Juan de la Frontera; en su versi\u00f3n Digital de Alta Calidad, Fechado en 1562. Con las certificaciones correspondientes; emitidas por el Archivo General de Indias Sevilla-Espa\u00f1a.<\/li>\n<\/ul>\n<p>Los archivos resguardan informaci\u00f3n esencial que refleja la historia de un pa\u00eds o provincia. Por esto, es necesario comprender su importancia a partir del valor que tienen para la administraci\u00f3n, la investigaci\u00f3n, la comunidad, el desarrollo econ\u00f3mico, social, cient\u00edfico y tecnol\u00f3gico, el fomento de la cultura y la consolidaci\u00f3n de la identidad nacional.<br \/>\nPara cualquier consulta sobre un turno ya sea consulta o visita, escribir al siguiente correo electr\u00f3nico:\u00a0<span id=\"cloak418544faa15c30b0ac4441d8576437c2\"><a href=\"mailto:siparyagp@gmail.com\">siparyagp@gmail.com<\/a><\/span>\u00a0o tambi\u00e9n a los tel\u00e9fonos 4307243\/ 7264.<\/p>\n","protected":false},"excerpt":{"rendered":"<p>El Archivo General de la Provincia, perteneciente al Ministerio de Gobierno, bajo la \u00f3rbita de la Secretaria de Relaciones Institucionales,<\/p>\n","protected":false},"author":3,"featured_media":43069,"comment_status":"closed","ping_status":"closed","sticky":false,"template":"","format":"standard","meta":{"_acf_changed":false,"_seopress_robots_primary_cat":"none","_seopress_titles_title":"","_seopress_titles_desc":"","_seopress_robots_index":"","colormag_page_container_layout":"default_layout","colormag_page_sidebar_layout":"default_layout","footnotes":""},"categories":[1],"tags":[],"class_list":["post-62118","post","type-post","status-publish","format-standard","has-post-thumbnail","hentry","category-destacadas"],"acf":[],"_links":{"self":[{"href":"https:\/\/vocesparalelas.com.ar\/sitio\/wp-json\/wp\/v2\/posts\/62118","targetHints":{"allow":["GET"]}}],"collection":[{"href":"https:\/\/vocesparalelas.com.ar\/sitio\/wp-json\/wp\/v2\/posts"}],"about":[{"href":"https:\/\/vocesparalelas.com.ar\/sitio\/wp-json\/wp\/v2\/types\/post"}],"author":[{"embeddable":true,"href":"https:\/\/vocesparalelas.com.ar\/sitio\/wp-json\/wp\/v2\/users\/3"}],"replies":[{"embeddable":true,"href":"https:\/\/vocesparalelas.com.ar\/sitio\/wp-json\/wp\/v2\/comments?post=62118"}],"version-history":[{"count":1,"href":"https:\/\/vocesparalelas.com.ar\/sitio\/wp-json\/wp\/v2\/posts\/62118\/revisions"}],"predecessor-version":[{"id":62121,"href":"https:\/\/vocesparalelas.com.ar\/sitio\/wp-json\/wp\/v2\/posts\/62118\/revisions\/62121"}],"wp:featuredmedia":[{"embeddable":true,"href":"https:\/\/vocesparalelas.com.ar\/sitio\/wp-json\/wp\/v2\/media\/43069"}],"wp:attachment":[{"href":"https:\/\/vocesparalelas.com.ar\/sitio\/wp-json\/wp\/v2\/media?parent=62118"}],"wp:term":[{"taxonomy":"category","embeddable":true,"href":"https:\/\/vocesparalelas.com.ar\/sitio\/wp-json\/wp\/v2\/categories?post=62118"},{"taxonomy":"post_tag","embeddable":true,"href":"https:\/\/vocesparalelas.com.ar\/sitio\/wp-json\/wp\/v2\/tags?post=62118"}],"curies":[{"name":"wp","href":"https:\/\/api.w.org\/{rel}","templated":true}]}}