{"id":62107,"date":"2023-08-09T21:13:49","date_gmt":"2023-08-10T00:13:49","guid":{"rendered":"https:\/\/vocesparalelas.com.ar\/sitio\/?p=62107"},"modified":"2023-08-10T00:20:10","modified_gmt":"2023-08-10T03:20:10","slug":"parte-del-poder-judicial-de-san-juan-se-traslada-a-un-sector-del-edificio-9-de-julio","status":"publish","type":"post","link":"https:\/\/vocesparalelas.com.ar\/sitio\/parte-del-poder-judicial-de-san-juan-se-traslada-a-un-sector-del-edificio-9-de-julio\/","title":{"rendered":"Parte del Poder Judicial de San Juan se traslada a un sector del Edificio 9 de Julio"},"content":{"rendered":"<p>El Poder Judicial de San Juan sue\u00f1a con la Ciudad Judicial que le va a permitir concentrar en un solo lugar a los distintos organismos.<\/p>\n<p>El mismo con su ubicaci\u00f3n en Sargento Cabral y Scalabrini Ortiz, Departamento Capital. Es un proyecto de vieja data del Poder Judicial para concentrar en un solo lugar los distintos juzgados y organismos que se encuentran desperdigados en la zona c\u00e9ntrica, ya que el viejo edificio de Tribunales se torn\u00f3 insuficiente y poco funcional en sus espacios.<\/p>\n<p>El detalle de la obra consigna que la ciudad est\u00e1 conformada por una serie de edificio en tres bloques. En el primero se ubicar\u00e1n los fueros Civil, Laboral y de Menores, en una superficie estimada de 25.000 metros cuadrados.<\/p>\n<p>El bloque dos, donde se ubicar\u00e1 el \u00e1rea Penal, Defensores, Fiscales, Fiscal General, Salas de Audiencias, tambi\u00e9n tiene una superficie de 25.000 metros y el bloque tres, donde funcionar\u00e1 la Corte de Justicia, la Administraci\u00f3n, los Secretarios y la Apoyatura; Biblioteca, Escuela de Capacitaci\u00f3n y Servicios, tambi\u00e9n tiene una superficie de 25.000 metros cuadrados.<\/p>\n<p>A eso se agrega un \u00e1rea de subsuelo, donde se ubicar\u00e1 la Alcaid\u00eda, Archivos, Auditorio, estacionamiento y servicios, con una superficie de 20.000 metros cuadrados. En total son 95.000 metros cuadrados lo que va a conformar la Ciudad Judicial.<\/p>\n<p>Es importante recordar que el Concurso de Proyecto para la realizaci\u00f3n de la Ciudad Judicial de San Juan fue para el grupo de arquitectos Bruno Giancola, Ricardo Herce, Bruno Jos\u00e9 Giancola y Augusto Rodr\u00edguez, el 9 de Noviembre de 2018.<\/p>\n<p>En estos momentos, se encuentra en la etapa de Licitaci\u00f3n de Obra que es financiado por la Naci\u00f3n. Por ello, el Ministro de la Corte de Justicia de San Juan, Dr. Daniel Olivares Yapur explic\u00f3 que los integrantes decidi\u00f3 concentrar parte del Poder Judicial en el Edificio 9 de Julio para atenuar gasto por el alquiler de espacios de la Instituci\u00f3n.<\/p>\n<p><iframe loading=\"lazy\" title=\"SAN JUAN\" width=\"800\" height=\"450\" src=\"https:\/\/www.youtube.com\/embed\/b1K53Fc5mWs?feature=oembed\" frameborder=\"0\" allow=\"accelerometer; autoplay; clipboard-write; encrypted-media; gyroscope; picture-in-picture; web-share\" allowfullscreen><\/iframe><\/p>\n<p>&nbsp;<\/p>\n<p><img loading=\"lazy\" decoding=\"async\" class=\"alignnone size-full wp-image-62111\" src=\"https:\/\/vocesparalelas.com.ar\/sitio\/wp-content\/uploads\/2023\/08\/CIUDAD-JUDICIAL.jpg\" alt=\"\" width=\"800\" height=\"601\" srcset=\"https:\/\/vocesparalelas.com.ar\/sitio\/wp-content\/uploads\/2023\/08\/CIUDAD-JUDICIAL.jpg 800w, https:\/\/vocesparalelas.com.ar\/sitio\/wp-content\/uploads\/2023\/08\/CIUDAD-JUDICIAL-300x225.jpg 300w, https:\/\/vocesparalelas.com.ar\/sitio\/wp-content\/uploads\/2023\/08\/CIUDAD-JUDICIAL-768x577.jpg 768w\" sizes=\"auto, (max-width: 800px) 100vw, 800px\" \/><\/p>\n","protected":false},"excerpt":{"rendered":"<p>El Poder Judicial de San Juan sue\u00f1a con la Ciudad Judicial que le va a permitir concentrar en un solo<\/p>\n","protected":false},"author":3,"featured_media":62110,"comment_status":"closed","ping_status":"closed","sticky":false,"template":"","format":"standard","meta":{"_acf_changed":false,"_seopress_robots_primary_cat":"none","_seopress_titles_title":"","_seopress_titles_desc":"","_seopress_robots_index":"","colormag_page_container_layout":"default_layout","colormag_page_sidebar_layout":"default_layout","footnotes":""},"categories":[1,7],"tags":[],"class_list":["post-62107","post","type-post","status-publish","format-standard","has-post-thumbnail","hentry","category-destacadas","category-videos"],"acf":[],"_links":{"self":[{"href":"https:\/\/vocesparalelas.com.ar\/sitio\/wp-json\/wp\/v2\/posts\/62107","targetHints":{"allow":["GET"]}}],"collection":[{"href":"https:\/\/vocesparalelas.com.ar\/sitio\/wp-json\/wp\/v2\/posts"}],"about":[{"href":"https:\/\/vocesparalelas.com.ar\/sitio\/wp-json\/wp\/v2\/types\/post"}],"author":[{"embeddable":true,"href":"https:\/\/vocesparalelas.com.ar\/sitio\/wp-json\/wp\/v2\/users\/3"}],"replies":[{"embeddable":true,"href":"https:\/\/vocesparalelas.com.ar\/sitio\/wp-json\/wp\/v2\/comments?post=62107"}],"version-history":[{"count":2,"href":"https:\/\/vocesparalelas.com.ar\/sitio\/wp-json\/wp\/v2\/posts\/62107\/revisions"}],"predecessor-version":[{"id":62113,"href":"https:\/\/vocesparalelas.com.ar\/sitio\/wp-json\/wp\/v2\/posts\/62107\/revisions\/62113"}],"wp:featuredmedia":[{"embeddable":true,"href":"https:\/\/vocesparalelas.com.ar\/sitio\/wp-json\/wp\/v2\/media\/62110"}],"wp:attachment":[{"href":"https:\/\/vocesparalelas.com.ar\/sitio\/wp-json\/wp\/v2\/media?parent=62107"}],"wp:term":[{"taxonomy":"category","embeddable":true,"href":"https:\/\/vocesparalelas.com.ar\/sitio\/wp-json\/wp\/v2\/categories?post=62107"},{"taxonomy":"post_tag","embeddable":true,"href":"https:\/\/vocesparalelas.com.ar\/sitio\/wp-json\/wp\/v2\/tags?post=62107"}],"curies":[{"name":"wp","href":"https:\/\/api.w.org\/{rel}","templated":true}]}}