{"id":62097,"date":"2023-08-09T21:05:02","date_gmt":"2023-08-10T00:05:02","guid":{"rendered":"https:\/\/vocesparalelas.com.ar\/sitio\/?p=62097"},"modified":"2023-08-09T21:05:02","modified_gmt":"2023-08-10T00:05:02","slug":"el-presidente-de-la-corte-suprema-de-justicia-de-chile-en-san-juan","status":"publish","type":"post","link":"https:\/\/vocesparalelas.com.ar\/sitio\/el-presidente-de-la-corte-suprema-de-justicia-de-chile-en-san-juan\/","title":{"rendered":"El presidente de la Corte Suprema de Justicia de Chile en San Juan"},"content":{"rendered":"<p>El gobernador de San Juan, Dr. Sergio U\u00f1ac mantuvo una reuni\u00f3n con el Presidente de la Corte de Justicia de Chile, Dr. Juan Eduardo Fuentes Belmar, que se encuentra realizando su primera visita institucional a la Rep\u00fablica Argentina y lo hizo a la Corte de Justicia de San Juan con el objetivo de fortalecer v\u00ednculos institucionales.<\/p>\n<p>Junto al gobernador participaron los integrantes de la Corte de Justicia de San Juan, el presidente Dr. Guillermo Horacio de Sanctis; y los ministros Dra. Adriana Garc\u00eda Nieto, Dr. Daniel Olivares Yapur y Dr. Juan Jos\u00e9 Victoria.<\/p>\n<p>A su llegada a la Casa de Gobierno, el presidente de la Corte de Justicia de San Juan, Dr. Guillermo De Sanctis destac\u00f3 la importancia de las reuniones que mantuvieron con la m\u00e1xima autoridad de Justicia de Chile significado una situaci\u00f3n in\u00e9dita. Adem\u00e1s, describi\u00f3 las diferencias de los roles y distribuci\u00f3n del organigrama de la distribuci\u00f3n de los responsabilidades de la Justicia de Chile y de San Juan.<\/p>\n<figure id=\"attachment_62100\" aria-describedby=\"caption-attachment-62100\" style=\"width: 800px\" class=\"wp-caption alignnone\"><img loading=\"lazy\" decoding=\"async\" class=\"size-full wp-image-62100\" src=\"https:\/\/vocesparalelas.com.ar\/sitio\/wp-content\/uploads\/2023\/08\/PRESIDENTE-CJSJ-DR-GUILLERMO-DE-SANCTIS.jpg\" alt=\"\" width=\"800\" height=\"533\" srcset=\"https:\/\/vocesparalelas.com.ar\/sitio\/wp-content\/uploads\/2023\/08\/PRESIDENTE-CJSJ-DR-GUILLERMO-DE-SANCTIS.jpg 800w, https:\/\/vocesparalelas.com.ar\/sitio\/wp-content\/uploads\/2023\/08\/PRESIDENTE-CJSJ-DR-GUILLERMO-DE-SANCTIS-300x200.jpg 300w, https:\/\/vocesparalelas.com.ar\/sitio\/wp-content\/uploads\/2023\/08\/PRESIDENTE-CJSJ-DR-GUILLERMO-DE-SANCTIS-768x512.jpg 768w\" sizes=\"auto, (max-width: 800px) 100vw, 800px\" \/><figcaption id=\"caption-attachment-62100\" class=\"wp-caption-text\">Presidente de la Corte de Justicia de San Juan, Dr. Guillermo De Sanctis<\/figcaption><\/figure>\n<p>&nbsp;<\/p>\n<p><iframe loading=\"lazy\" title=\"SAN JUAN\" width=\"800\" height=\"450\" src=\"https:\/\/www.youtube.com\/embed\/QK5afi8g4bI?feature=oembed\" frameborder=\"0\" allow=\"accelerometer; autoplay; clipboard-write; encrypted-media; gyroscope; picture-in-picture; web-share\" allowfullscreen><\/iframe><\/p>\n<p>Luego, el Presidente de la Corte de Justicia de Chile, Dr. Juan Eduardo Fuentes Belmar agradeci\u00f3 las atenciones de la Corte de Justicia de San Juan y la necesidad de fortalecer los lazos de los pa\u00edses hermanados.<\/p>\n<figure id=\"attachment_62101\" aria-describedby=\"caption-attachment-62101\" style=\"width: 800px\" class=\"wp-caption alignnone\"><img loading=\"lazy\" decoding=\"async\" class=\"size-full wp-image-62101\" src=\"https:\/\/vocesparalelas.com.ar\/sitio\/wp-content\/uploads\/2023\/08\/PRESIDENTE-CSJCH-DR-JUAN-EDUARDO-FUENTES-BELMAR.jpg\" alt=\"\" width=\"800\" height=\"533\" srcset=\"https:\/\/vocesparalelas.com.ar\/sitio\/wp-content\/uploads\/2023\/08\/PRESIDENTE-CSJCH-DR-JUAN-EDUARDO-FUENTES-BELMAR.jpg 800w, https:\/\/vocesparalelas.com.ar\/sitio\/wp-content\/uploads\/2023\/08\/PRESIDENTE-CSJCH-DR-JUAN-EDUARDO-FUENTES-BELMAR-300x200.jpg 300w, https:\/\/vocesparalelas.com.ar\/sitio\/wp-content\/uploads\/2023\/08\/PRESIDENTE-CSJCH-DR-JUAN-EDUARDO-FUENTES-BELMAR-768x512.jpg 768w\" sizes=\"auto, (max-width: 800px) 100vw, 800px\" \/><figcaption id=\"caption-attachment-62101\" class=\"wp-caption-text\">Presidente de la Corte Suprema de Justicia de Chile, Dr. Juan Eduardo Fuentes Belmar<\/figcaption><\/figure>\n<p>&nbsp;<\/p>\n<p><iframe loading=\"lazy\" title=\"SAN JUAN\" width=\"800\" height=\"450\" src=\"https:\/\/www.youtube.com\/embed\/7NMn97ZwYtE?feature=oembed\" frameborder=\"0\" allow=\"accelerometer; autoplay; clipboard-write; encrypted-media; gyroscope; picture-in-picture; web-share\" allowfullscreen><\/iframe><\/p>\n<p><img loading=\"lazy\" decoding=\"async\" class=\"alignnone size-full wp-image-62103\" src=\"https:\/\/vocesparalelas.com.ar\/sitio\/wp-content\/uploads\/2023\/08\/CSJSJ-UNAC.jpg\" alt=\"\" width=\"800\" height=\"533\" srcset=\"https:\/\/vocesparalelas.com.ar\/sitio\/wp-content\/uploads\/2023\/08\/CSJSJ-UNAC.jpg 800w, https:\/\/vocesparalelas.com.ar\/sitio\/wp-content\/uploads\/2023\/08\/CSJSJ-UNAC-300x200.jpg 300w, https:\/\/vocesparalelas.com.ar\/sitio\/wp-content\/uploads\/2023\/08\/CSJSJ-UNAC-768x512.jpg 768w\" sizes=\"auto, (max-width: 800px) 100vw, 800px\" \/><\/p>\n<p>&nbsp;<\/p>\n<p>&nbsp;<\/p>\n<p><iframe loading=\"lazy\" title=\"El gobernador recibi\u00f3 a la m\u00e1xima autoridad judicial de Chile\" width=\"800\" height=\"450\" src=\"https:\/\/www.youtube.com\/embed\/XIiWT3c6SoM?feature=oembed\" frameborder=\"0\" allow=\"accelerometer; autoplay; clipboard-write; encrypted-media; gyroscope; picture-in-picture; web-share\" allowfullscreen><\/iframe><\/p>\n","protected":false},"excerpt":{"rendered":"<p>El gobernador de San Juan, Dr. Sergio U\u00f1ac mantuvo una reuni\u00f3n con el Presidente de la Corte de Justicia de<\/p>\n","protected":false},"author":3,"featured_media":62102,"comment_status":"closed","ping_status":"closed","sticky":false,"template":"","format":"standard","meta":{"_acf_changed":false,"_seopress_robots_primary_cat":"none","_seopress_titles_title":"","_seopress_titles_desc":"","_seopress_robots_index":"","colormag_page_container_layout":"default_layout","colormag_page_sidebar_layout":"default_layout","footnotes":""},"categories":[1,7],"tags":[],"class_list":["post-62097","post","type-post","status-publish","format-standard","has-post-thumbnail","hentry","category-destacadas","category-videos"],"acf":[],"_links":{"self":[{"href":"https:\/\/vocesparalelas.com.ar\/sitio\/wp-json\/wp\/v2\/posts\/62097","targetHints":{"allow":["GET"]}}],"collection":[{"href":"https:\/\/vocesparalelas.com.ar\/sitio\/wp-json\/wp\/v2\/posts"}],"about":[{"href":"https:\/\/vocesparalelas.com.ar\/sitio\/wp-json\/wp\/v2\/types\/post"}],"author":[{"embeddable":true,"href":"https:\/\/vocesparalelas.com.ar\/sitio\/wp-json\/wp\/v2\/users\/3"}],"replies":[{"embeddable":true,"href":"https:\/\/vocesparalelas.com.ar\/sitio\/wp-json\/wp\/v2\/comments?post=62097"}],"version-history":[{"count":1,"href":"https:\/\/vocesparalelas.com.ar\/sitio\/wp-json\/wp\/v2\/posts\/62097\/revisions"}],"predecessor-version":[{"id":62104,"href":"https:\/\/vocesparalelas.com.ar\/sitio\/wp-json\/wp\/v2\/posts\/62097\/revisions\/62104"}],"wp:featuredmedia":[{"embeddable":true,"href":"https:\/\/vocesparalelas.com.ar\/sitio\/wp-json\/wp\/v2\/media\/62102"}],"wp:attachment":[{"href":"https:\/\/vocesparalelas.com.ar\/sitio\/wp-json\/wp\/v2\/media?parent=62097"}],"wp:term":[{"taxonomy":"category","embeddable":true,"href":"https:\/\/vocesparalelas.com.ar\/sitio\/wp-json\/wp\/v2\/categories?post=62097"},{"taxonomy":"post_tag","embeddable":true,"href":"https:\/\/vocesparalelas.com.ar\/sitio\/wp-json\/wp\/v2\/tags?post=62097"}],"curies":[{"name":"wp","href":"https:\/\/api.w.org\/{rel}","templated":true}]}}