{"id":62092,"date":"2023-08-09T18:50:49","date_gmt":"2023-08-09T21:50:49","guid":{"rendered":"https:\/\/vocesparalelas.com.ar\/sitio\/?p=62092"},"modified":"2023-08-09T18:57:42","modified_gmt":"2023-08-09T21:57:42","slug":"xii-seminario-internacional-del-litio-y-banco-san-juan-presente","status":"publish","type":"post","link":"https:\/\/vocesparalelas.com.ar\/sitio\/xii-seminario-internacional-del-litio-y-banco-san-juan-presente\/","title":{"rendered":"XII Seminario Internacional del Litio y Banco San Juan presente"},"content":{"rendered":"<p>Banco San Juan est\u00e1 presente en el XII Seminario Internacional del Litio que se realiza los d\u00edas 9 y 10 de agosto en la provincia de Salta con la participaci\u00f3n de las principales compa\u00f1\u00edas mineras, proveedores, fabricantes de tecnolog\u00eda, instituciones locales e internacionales y autoridades relacionadas con el sector.<\/p>\n<p><img loading=\"lazy\" decoding=\"async\" class=\"alignnone size-full wp-image-62095\" src=\"https:\/\/vocesparalelas.com.ar\/sitio\/wp-content\/uploads\/2023\/08\/SALTA-LITIO.jpg\" alt=\"\" width=\"800\" height=\"445\" srcset=\"https:\/\/vocesparalelas.com.ar\/sitio\/wp-content\/uploads\/2023\/08\/SALTA-LITIO.jpg 800w, https:\/\/vocesparalelas.com.ar\/sitio\/wp-content\/uploads\/2023\/08\/SALTA-LITIO-300x167.jpg 300w, https:\/\/vocesparalelas.com.ar\/sitio\/wp-content\/uploads\/2023\/08\/SALTA-LITIO-768x427.jpg 768w\" sizes=\"auto, (max-width: 800px) 100vw, 800px\" \/><\/p>\n<p>El Banco est\u00e1 representado en el Centro de Convenciones de Salta por un equipo comercial que participa de rondas de negocios y mantiene reuniones con clientes y diferentes expositores potenciando el uso de medios de pagos, entre ellos adelanto de facturas de servicios a proveedores de proyectos mineros y la nueva Tarjeta Minera.<\/p>\n<p>El Banco San Juan viene consolidando su presencia como aliado estrat\u00e9gico financiero y operativo del\u00a0 ecosistema minero a partir de la creaci\u00f3n de su Unidad Minera y del dise\u00f1o de productos especializados para el sector, como la primera tarjeta de cr\u00e9dito del ecosistema lanzada junto con VISA y l\u00edneas de financiamiento exclusivo con plazos y tasas competitivas de f\u00e1cil acceso, fluidez y agilidad en la operatoria.<\/p>\n<p>\u201cSomos el \u00fanico banco con una divisi\u00f3n de negocios espec\u00edfica para atender a esta actividad contando, tanto para proyectos mineros como para sus proveedores de bienes y servicios. Adicionalmente, contamos con un modelo de atenci\u00f3n exclusiva en nuestro Centro de Negocios con una ubicaci\u00f3n privilegiada en la Casa Central de San Juan. Adem\u00e1s contamos con m\u00e1s de 180 puntos de servicio para los proyectos mineros, sus proveedores y sus empleados\u201d, destac\u00f3 la gerente general y l\u00edder de la Unidad Minera, CPN Silvina Bellantig.<\/p>\n<p>En tal sentido, participa tambi\u00e9n de misiones comerciales y en las principales ferias y exposiciones mineras internacionales y nacionales como PDAC Canad\u00e1, Arminera en La Rural, la Expo San juan Minera, entre otras.<\/p>\n<p>El Seminario Internacional de Litio re\u00fane a m\u00e1s de 1.000 participantes entre los actores clave y expertos destacados en litio tanto del \u00e1mbito p\u00fablico como privado, consolidando un enfoque claramente orientado a la generaci\u00f3n de negocios, el intercambio institucional, la transferencia de informaci\u00f3n y la difusi\u00f3n de nuevas innovaciones y desarrollos de inter\u00e9s para la industria.<\/p>\n<p><img loading=\"lazy\" decoding=\"async\" class=\"alignnone size-full wp-image-55159\" src=\"https:\/\/vocesparalelas.com.ar\/sitio\/wp-content\/uploads\/2022\/12\/BANCO-SAN-JUAN-ESPACIO-05.jpg\" alt=\"\" width=\"800\" height=\"533\" srcset=\"https:\/\/vocesparalelas.com.ar\/sitio\/wp-content\/uploads\/2022\/12\/BANCO-SAN-JUAN-ESPACIO-05.jpg 800w, https:\/\/vocesparalelas.com.ar\/sitio\/wp-content\/uploads\/2022\/12\/BANCO-SAN-JUAN-ESPACIO-05-300x200.jpg 300w, https:\/\/vocesparalelas.com.ar\/sitio\/wp-content\/uploads\/2022\/12\/BANCO-SAN-JUAN-ESPACIO-05-768x512.jpg 768w\" sizes=\"auto, (max-width: 800px) 100vw, 800px\" \/><\/p>\n","protected":false},"excerpt":{"rendered":"<p>Banco San Juan est\u00e1 presente en el XII Seminario Internacional del Litio que se realiza los d\u00edas 9 y 10<\/p>\n","protected":false},"author":3,"featured_media":53533,"comment_status":"closed","ping_status":"closed","sticky":false,"template":"","format":"standard","meta":{"_acf_changed":false,"_seopress_robots_primary_cat":"none","_seopress_titles_title":"","_seopress_titles_desc":"","_seopress_robots_index":"","colormag_page_container_layout":"default_layout","colormag_page_sidebar_layout":"default_layout","footnotes":""},"categories":[1],"tags":[],"class_list":["post-62092","post","type-post","status-publish","format-standard","has-post-thumbnail","hentry","category-destacadas"],"acf":[],"_links":{"self":[{"href":"https:\/\/vocesparalelas.com.ar\/sitio\/wp-json\/wp\/v2\/posts\/62092","targetHints":{"allow":["GET"]}}],"collection":[{"href":"https:\/\/vocesparalelas.com.ar\/sitio\/wp-json\/wp\/v2\/posts"}],"about":[{"href":"https:\/\/vocesparalelas.com.ar\/sitio\/wp-json\/wp\/v2\/types\/post"}],"author":[{"embeddable":true,"href":"https:\/\/vocesparalelas.com.ar\/sitio\/wp-json\/wp\/v2\/users\/3"}],"replies":[{"embeddable":true,"href":"https:\/\/vocesparalelas.com.ar\/sitio\/wp-json\/wp\/v2\/comments?post=62092"}],"version-history":[{"count":1,"href":"https:\/\/vocesparalelas.com.ar\/sitio\/wp-json\/wp\/v2\/posts\/62092\/revisions"}],"predecessor-version":[{"id":62096,"href":"https:\/\/vocesparalelas.com.ar\/sitio\/wp-json\/wp\/v2\/posts\/62092\/revisions\/62096"}],"wp:featuredmedia":[{"embeddable":true,"href":"https:\/\/vocesparalelas.com.ar\/sitio\/wp-json\/wp\/v2\/media\/53533"}],"wp:attachment":[{"href":"https:\/\/vocesparalelas.com.ar\/sitio\/wp-json\/wp\/v2\/media?parent=62092"}],"wp:term":[{"taxonomy":"category","embeddable":true,"href":"https:\/\/vocesparalelas.com.ar\/sitio\/wp-json\/wp\/v2\/categories?post=62092"},{"taxonomy":"post_tag","embeddable":true,"href":"https:\/\/vocesparalelas.com.ar\/sitio\/wp-json\/wp\/v2\/tags?post=62092"}],"curies":[{"name":"wp","href":"https:\/\/api.w.org\/{rel}","templated":true}]}}