{"id":62064,"date":"2023-08-08T22:14:18","date_gmt":"2023-08-09T01:14:18","guid":{"rendered":"https:\/\/vocesparalelas.com.ar\/sitio\/?p=62064"},"modified":"2023-08-09T00:14:32","modified_gmt":"2023-08-09T03:14:32","slug":"presentaron-la-campana-de-comunicacion-vino-del-valle-para-valorar-y-el-posicionamiento-de-los-vinos-de-san-juan","status":"publish","type":"post","link":"https:\/\/vocesparalelas.com.ar\/sitio\/presentaron-la-campana-de-comunicacion-vino-del-valle-para-valorar-y-el-posicionamiento-de-los-vinos-de-san-juan\/","title":{"rendered":"Presentaron la Campa\u00f1a de Comunicaci\u00f3n \u00abVino del Valle\u00bb para valorar y el posicionamiento de los vinos de San Juan"},"content":{"rendered":"<p>En los jardines de la Bodega Merced del Estero, Mor\u00f3n 432 &#8211; S &#8211; Departamento Rivadavia la C\u00e1mara de Bodegueros de San Juan y el Ministerio de Producci\u00f3n y Desarrollo Econ\u00f3mico del Gobierno de San Juan realizaron un encuentro para la presentaci\u00f3n de la Campa\u00f1a de Comunicaci\u00f3n \u00abVino del Valle\u00bb para valorar y el posicionamiento de los vinos de San Juan.<\/p>\n<p>La marca San Juan, vino de Valle nuclea a las bodegas de la provincia para valorizar y posicionar los vinos de la regi\u00f3n y sus atributos.<\/p>\n<p><img loading=\"lazy\" decoding=\"async\" class=\"alignnone size-full wp-image-62077 aligncenter\" src=\"https:\/\/vocesparalelas.com.ar\/sitio\/wp-content\/uploads\/2023\/08\/VINO-DEL-VALLE-LOGO.jpg\" alt=\"\" width=\"500\" height=\"497\" srcset=\"https:\/\/vocesparalelas.com.ar\/sitio\/wp-content\/uploads\/2023\/08\/VINO-DEL-VALLE-LOGO.jpg 500w, https:\/\/vocesparalelas.com.ar\/sitio\/wp-content\/uploads\/2023\/08\/VINO-DEL-VALLE-LOGO-300x298.jpg 300w, https:\/\/vocesparalelas.com.ar\/sitio\/wp-content\/uploads\/2023\/08\/VINO-DEL-VALLE-LOGO-150x150.jpg 150w\" sizes=\"auto, (max-width: 500px) 100vw, 500px\" \/><\/p>\n<p>Voces Paralelas desarroll\u00f3 una entrevista period\u00edstica al presidente de la C\u00e1mara de Bodegueros de San Juan, Mauricio Colom\u00e9, quien destac\u00f3 la necesidad de buscar una marca de vino que incluya a la producci\u00f3n del vino de San Juan.<\/p>\n<p><iframe loading=\"lazy\" title=\"CAMARA DE BODEGUEROS SAN JUAN MAURICIO COLOM\u00c9\" width=\"800\" height=\"450\" src=\"https:\/\/www.youtube.com\/embed\/0LWDo5sGNwc?feature=oembed\" frameborder=\"0\" allow=\"accelerometer; autoplay; clipboard-write; encrypted-media; gyroscope; picture-in-picture; web-share\" allowfullscreen><\/iframe><\/p>\n<p>Luego, al Ministerio de Producci\u00f3n y Desarrollo Econ\u00f3mico del Gobierno de San Juan, Ing. Ariel Lucero, quien explic\u00f3 la importancia de la Marca San Juan.<\/p>\n<p><iframe loading=\"lazy\" title=\"SAN JUAN ING ARIEL LUCERO\" width=\"800\" height=\"450\" src=\"https:\/\/www.youtube.com\/embed\/scjHqaFrtYY?feature=oembed\" frameborder=\"0\" allow=\"accelerometer; autoplay; clipboard-write; encrypted-media; gyroscope; picture-in-picture; web-share\" allowfullscreen><\/iframe><\/p>\n<p><img loading=\"lazy\" decoding=\"async\" class=\"alignnone size-full wp-image-62069\" src=\"https:\/\/vocesparalelas.com.ar\/sitio\/wp-content\/uploads\/2023\/08\/CAMARA-BODEGUEROS-03.jpg\" alt=\"\" width=\"800\" height=\"533\" srcset=\"https:\/\/vocesparalelas.com.ar\/sitio\/wp-content\/uploads\/2023\/08\/CAMARA-BODEGUEROS-03.jpg 800w, https:\/\/vocesparalelas.com.ar\/sitio\/wp-content\/uploads\/2023\/08\/CAMARA-BODEGUEROS-03-300x200.jpg 300w, https:\/\/vocesparalelas.com.ar\/sitio\/wp-content\/uploads\/2023\/08\/CAMARA-BODEGUEROS-03-768x512.jpg 768w\" sizes=\"auto, (max-width: 800px) 100vw, 800px\" \/><\/p>\n<p>Luego, Sergio Ochoa, director creativo de la Agencia You Are Public (YAP) junto a Soledad Depresbitero, directora asociada de comunicaci\u00f3n explicaron la campa\u00f1a. Contaron el proceso creativo y las caracter\u00edsticas de la marca y su importancia a nivel visual. Adem\u00e1s, presentaron el plan de comunicaci\u00f3n pensado para demostrar la excelencia de los vinos de San Juan.<\/p>\n<p>Se plantea como desaf\u00edo desarrollar y llevar adelante un plan de comunicaci\u00f3n que tiene por objetivo dise\u00f1ar e implementar acciones de Marketing y Relaciones P\u00fablicas para lograr el posicionamiento de los Vinos de San Juan, apoy\u00e1ndose fuertemente en el turismo y los atractivos del lugar. Este proyecto tiene como objetivos principales: crear la marca Vinos de Valle y comunicar los vinos de San Juan aline\u00e1ndolos con el atractivo de la provincia a nivel turismo.<\/p>\n<p>En esa misma direcci\u00f3n, como objetivos secundarios se encuentran: construir la identidad de los Vinos de San Juan que nuclea a las principales bodegas de la provincia a trav\u00e9s de su diferencial Vinos de Valle; transmitir los conceptos del producto con el fin de generar una plataforma de visibilidad a los vinos de San Juan en medios, redes sociales y otros puntos de contacto y posicionar las bodegas con acciones de activaci\u00f3n de marca en Argentina y en el exterior.<\/p>\n<p>Sergio Ochoa, agreg\u00f3 que \u00abgracias por recibirnos en este lugar maravilloso. Venimos de Buenos Aires a realizar la presentaci\u00f3n de lo que hemos venido trabajando por encargue de la C\u00e1mara. Cuando empezamos con este trabajo y nos adentramos en profundidad en los vinos de valles, las geograf\u00edas que tienen y los atributos que puedan tener nos pareci\u00f3 un desaf\u00edo bastante lindo\u201d.<\/p>\n<p>Como etapas de trabajo se puede identificar en una primera instancia la identidad visual (logo e imagen de marca, manifiesto, identidad y aplicaciones). En una segunda instancia, la gu\u00eda de aplicaciones web, redes sociales y dem\u00e1s.<\/p>\n<p><img loading=\"lazy\" decoding=\"async\" class=\"alignnone size-full wp-image-62074\" src=\"https:\/\/vocesparalelas.com.ar\/sitio\/wp-content\/uploads\/2023\/08\/CAMARA-BODEGUEROS-08.jpg\" alt=\"\" width=\"800\" height=\"533\" srcset=\"https:\/\/vocesparalelas.com.ar\/sitio\/wp-content\/uploads\/2023\/08\/CAMARA-BODEGUEROS-08.jpg 800w, https:\/\/vocesparalelas.com.ar\/sitio\/wp-content\/uploads\/2023\/08\/CAMARA-BODEGUEROS-08-300x200.jpg 300w, https:\/\/vocesparalelas.com.ar\/sitio\/wp-content\/uploads\/2023\/08\/CAMARA-BODEGUEROS-08-768x512.jpg 768w\" sizes=\"auto, (max-width: 800px) 100vw, 800px\" \/> <img loading=\"lazy\" decoding=\"async\" class=\"alignnone size-full wp-image-62072\" src=\"https:\/\/vocesparalelas.com.ar\/sitio\/wp-content\/uploads\/2023\/08\/CAMARA-BODEGUEROS-06.jpg\" alt=\"\" width=\"800\" height=\"533\" srcset=\"https:\/\/vocesparalelas.com.ar\/sitio\/wp-content\/uploads\/2023\/08\/CAMARA-BODEGUEROS-06.jpg 800w, https:\/\/vocesparalelas.com.ar\/sitio\/wp-content\/uploads\/2023\/08\/CAMARA-BODEGUEROS-06-300x200.jpg 300w, https:\/\/vocesparalelas.com.ar\/sitio\/wp-content\/uploads\/2023\/08\/CAMARA-BODEGUEROS-06-768x512.jpg 768w\" sizes=\"auto, (max-width: 800px) 100vw, 800px\" \/> <img loading=\"lazy\" decoding=\"async\" class=\"alignnone size-full wp-image-62070\" src=\"https:\/\/vocesparalelas.com.ar\/sitio\/wp-content\/uploads\/2023\/08\/CAMARA-BODEGUEROS-04.jpg\" alt=\"\" width=\"800\" height=\"533\" srcset=\"https:\/\/vocesparalelas.com.ar\/sitio\/wp-content\/uploads\/2023\/08\/CAMARA-BODEGUEROS-04.jpg 800w, https:\/\/vocesparalelas.com.ar\/sitio\/wp-content\/uploads\/2023\/08\/CAMARA-BODEGUEROS-04-300x200.jpg 300w, https:\/\/vocesparalelas.com.ar\/sitio\/wp-content\/uploads\/2023\/08\/CAMARA-BODEGUEROS-04-768x512.jpg 768w\" sizes=\"auto, (max-width: 800px) 100vw, 800px\" \/> <img loading=\"lazy\" decoding=\"async\" class=\"alignnone size-full wp-image-62068\" src=\"https:\/\/vocesparalelas.com.ar\/sitio\/wp-content\/uploads\/2023\/08\/CAMARA-BODEGUEROS-02.jpg\" alt=\"\" width=\"800\" height=\"533\" srcset=\"https:\/\/vocesparalelas.com.ar\/sitio\/wp-content\/uploads\/2023\/08\/CAMARA-BODEGUEROS-02.jpg 800w, https:\/\/vocesparalelas.com.ar\/sitio\/wp-content\/uploads\/2023\/08\/CAMARA-BODEGUEROS-02-300x200.jpg 300w, https:\/\/vocesparalelas.com.ar\/sitio\/wp-content\/uploads\/2023\/08\/CAMARA-BODEGUEROS-02-768x512.jpg 768w\" sizes=\"auto, (max-width: 800px) 100vw, 800px\" \/><\/p>\n<p>&nbsp;<\/p>\n","protected":false},"excerpt":{"rendered":"<p>En los jardines de la Bodega Merced del Estero, Mor\u00f3n 432 &#8211; S &#8211; Departamento Rivadavia la C\u00e1mara de Bodegueros<\/p>\n","protected":false},"author":3,"featured_media":62076,"comment_status":"closed","ping_status":"closed","sticky":false,"template":"","format":"standard","meta":{"_acf_changed":false,"_seopress_robots_primary_cat":"none","_seopress_titles_title":"","_seopress_titles_desc":"","_seopress_robots_index":"","colormag_page_container_layout":"default_layout","colormag_page_sidebar_layout":"default_layout","footnotes":""},"categories":[1,7],"tags":[],"class_list":["post-62064","post","type-post","status-publish","format-standard","has-post-thumbnail","hentry","category-destacadas","category-videos"],"acf":[],"_links":{"self":[{"href":"https:\/\/vocesparalelas.com.ar\/sitio\/wp-json\/wp\/v2\/posts\/62064","targetHints":{"allow":["GET"]}}],"collection":[{"href":"https:\/\/vocesparalelas.com.ar\/sitio\/wp-json\/wp\/v2\/posts"}],"about":[{"href":"https:\/\/vocesparalelas.com.ar\/sitio\/wp-json\/wp\/v2\/types\/post"}],"author":[{"embeddable":true,"href":"https:\/\/vocesparalelas.com.ar\/sitio\/wp-json\/wp\/v2\/users\/3"}],"replies":[{"embeddable":true,"href":"https:\/\/vocesparalelas.com.ar\/sitio\/wp-json\/wp\/v2\/comments?post=62064"}],"version-history":[{"count":1,"href":"https:\/\/vocesparalelas.com.ar\/sitio\/wp-json\/wp\/v2\/posts\/62064\/revisions"}],"predecessor-version":[{"id":62078,"href":"https:\/\/vocesparalelas.com.ar\/sitio\/wp-json\/wp\/v2\/posts\/62064\/revisions\/62078"}],"wp:featuredmedia":[{"embeddable":true,"href":"https:\/\/vocesparalelas.com.ar\/sitio\/wp-json\/wp\/v2\/media\/62076"}],"wp:attachment":[{"href":"https:\/\/vocesparalelas.com.ar\/sitio\/wp-json\/wp\/v2\/media?parent=62064"}],"wp:term":[{"taxonomy":"category","embeddable":true,"href":"https:\/\/vocesparalelas.com.ar\/sitio\/wp-json\/wp\/v2\/categories?post=62064"},{"taxonomy":"post_tag","embeddable":true,"href":"https:\/\/vocesparalelas.com.ar\/sitio\/wp-json\/wp\/v2\/tags?post=62064"}],"curies":[{"name":"wp","href":"https:\/\/api.w.org\/{rel}","templated":true}]}}