{"id":62040,"date":"2023-08-07T20:44:22","date_gmt":"2023-08-07T23:44:22","guid":{"rendered":"https:\/\/vocesparalelas.com.ar\/sitio\/?p=62040"},"modified":"2023-08-10T01:25:25","modified_gmt":"2023-08-10T04:25:25","slug":"ciclo-cartas-vivas-mujeres-en-lucha-en-la-casa-de-sarmiento-de-san-juan","status":"publish","type":"post","link":"https:\/\/vocesparalelas.com.ar\/sitio\/ciclo-cartas-vivas-mujeres-en-lucha-en-la-casa-de-sarmiento-de-san-juan\/","title":{"rendered":"Ciclo \u201cCartas vivas. Mujeres en lucha\u00bb en la Casa de Sarmiento de San Juan"},"content":{"rendered":"<p>El Museo y Biblioteca de la Casa Natal de Sarmiento invita a la comunidad a participar del Ciclo \u00abCartas vivas. Mujeres en lucha\u00bb, un espacio de di\u00e1logo y reflexi\u00f3n en torno a los relatos, en formato de carta, de mujeres diversas que de una u otra manera representan una lucha colectiva.<\/p>\n<p>En cada uno, seis \u00abcartas\u00bb se presentan invitando a debatir y reflexionar sobre los temas expuestos.<\/p>\n<p>La propuesta se enmarca en conmemoraci\u00f3n de los 40 a\u00f1os de democracia y tiene la finalidad de visibilizar las diversas luchas de las mujeres durante este per\u00edodo.<\/p>\n<p>Viernes, 11 de Agosto, de 10 a 12:30 hs y de 16 a 18:30 hs.; en la Casa Natal de Sarmiento. Entrada libre y gratuita.<\/p>\n<p><strong><span style=\"color: #339966;\">Programa completo<\/span><\/strong><\/p>\n<p><a href=\"https:\/\/www.instagram.com\/p\/CvpRrEQOuV4\/?utm_source=ig_web_copy_link&amp;igshid=MzRlODBiNWFlZA\">https:\/\/www.instagram.com\/p\/CvpRrEQOuV4\/?utm_source=ig_web_copy_link&amp;igshid=MzRlODBiNWFlZA<\/a>==<\/p>\n<p>&nbsp;<\/p>\n<p><img loading=\"lazy\" decoding=\"async\" class=\"alignnone size-full wp-image-41747\" src=\"https:\/\/vocesparalelas.com.ar\/sitio\/wp-content\/uploads\/2021\/09\/CASA-SARMIENTO-FRENTE-02.jpg\" alt=\"\" width=\"800\" height=\"533\" srcset=\"https:\/\/vocesparalelas.com.ar\/sitio\/wp-content\/uploads\/2021\/09\/CASA-SARMIENTO-FRENTE-02.jpg 800w, https:\/\/vocesparalelas.com.ar\/sitio\/wp-content\/uploads\/2021\/09\/CASA-SARMIENTO-FRENTE-02-300x200.jpg 300w, https:\/\/vocesparalelas.com.ar\/sitio\/wp-content\/uploads\/2021\/09\/CASA-SARMIENTO-FRENTE-02-768x512.jpg 768w\" sizes=\"auto, (max-width: 800px) 100vw, 800px\" \/><\/p>\n","protected":false},"excerpt":{"rendered":"<p>El Museo y Biblioteca de la Casa Natal de Sarmiento invita a la comunidad a participar del Ciclo \u00abCartas vivas.<\/p>\n","protected":false},"author":3,"featured_media":62043,"comment_status":"closed","ping_status":"closed","sticky":false,"template":"","format":"standard","meta":{"_acf_changed":false,"_seopress_robots_primary_cat":"none","_seopress_titles_title":"","_seopress_titles_desc":"","_seopress_robots_index":"","colormag_page_container_layout":"default_layout","colormag_page_sidebar_layout":"default_layout","footnotes":""},"categories":[20],"tags":[],"class_list":["post-62040","post","type-post","status-publish","format-standard","has-post-thumbnail","hentry","category-cartelera"],"acf":[],"_links":{"self":[{"href":"https:\/\/vocesparalelas.com.ar\/sitio\/wp-json\/wp\/v2\/posts\/62040","targetHints":{"allow":["GET"]}}],"collection":[{"href":"https:\/\/vocesparalelas.com.ar\/sitio\/wp-json\/wp\/v2\/posts"}],"about":[{"href":"https:\/\/vocesparalelas.com.ar\/sitio\/wp-json\/wp\/v2\/types\/post"}],"author":[{"embeddable":true,"href":"https:\/\/vocesparalelas.com.ar\/sitio\/wp-json\/wp\/v2\/users\/3"}],"replies":[{"embeddable":true,"href":"https:\/\/vocesparalelas.com.ar\/sitio\/wp-json\/wp\/v2\/comments?post=62040"}],"version-history":[{"count":1,"href":"https:\/\/vocesparalelas.com.ar\/sitio\/wp-json\/wp\/v2\/posts\/62040\/revisions"}],"predecessor-version":[{"id":62044,"href":"https:\/\/vocesparalelas.com.ar\/sitio\/wp-json\/wp\/v2\/posts\/62040\/revisions\/62044"}],"wp:featuredmedia":[{"embeddable":true,"href":"https:\/\/vocesparalelas.com.ar\/sitio\/wp-json\/wp\/v2\/media\/62043"}],"wp:attachment":[{"href":"https:\/\/vocesparalelas.com.ar\/sitio\/wp-json\/wp\/v2\/media?parent=62040"}],"wp:term":[{"taxonomy":"category","embeddable":true,"href":"https:\/\/vocesparalelas.com.ar\/sitio\/wp-json\/wp\/v2\/categories?post=62040"},{"taxonomy":"post_tag","embeddable":true,"href":"https:\/\/vocesparalelas.com.ar\/sitio\/wp-json\/wp\/v2\/tags?post=62040"}],"curies":[{"name":"wp","href":"https:\/\/api.w.org\/{rel}","templated":true}]}}