{"id":62032,"date":"2023-08-07T22:37:08","date_gmt":"2023-08-08T01:37:08","guid":{"rendered":"https:\/\/vocesparalelas.com.ar\/sitio\/?p=62032"},"modified":"2023-08-10T01:24:56","modified_gmt":"2023-08-10T04:24:56","slug":"alumnos-de-la-fcefn-de-la-unsj-clasificados-en-una-competencia-latinoamericana","status":"publish","type":"post","link":"https:\/\/vocesparalelas.com.ar\/sitio\/alumnos-de-la-fcefn-de-la-unsj-clasificados-en-una-competencia-latinoamericana\/","title":{"rendered":"Alumnos de la FCEFN de la UNSJ clasificados en una Competencia Latinoamericana"},"content":{"rendered":"<p>Transitar por una Carrera de Grado por la Facultad de Ciencias Exactas, F\u00edsicas y Naturales de la Universidad Nacional de San Juan significa adquirir conocimientos, pr\u00e1cticas de campo, vistas a espacios especiales, participar de Jornadas, Congresos, e infinidades de encuentros que son parte de la experiencia del conocimiento.<\/p>\n<p>Estas participaciones est\u00e1n cargadas de aprendizajes, de compartir de cruce con otros estudiantes de carreras de grado de la Universidad Nacional de San Juan o simplemente con otros estudiantes fuera de ella. Es riqu\u00edsima la experiencia de compartir vivencias. Es un orgullo.<\/p>\n<p>En esta oportunidad participaron de competencia Latinoamericana on line los equipos<\/p>\n<ul>\n<li>Iv\u00e1n Diana y Aldana rojas con el equipo \u00abARID\u00bb<\/li>\n<li>Florencia Russo y Ger\u00f3nimo Pastore con el equipo \u00abRock and Wave\u00bb,<\/li>\n<li>Franco Villella y Constanza Santori con el equipo \u00abC.sen(S)=F.sen(V)\u00bb<\/li>\n<\/ul>\n<p><img loading=\"lazy\" decoding=\"async\" class=\"alignnone size-full wp-image-62037\" src=\"https:\/\/vocesparalelas.com.ar\/sitio\/wp-content\/uploads\/2023\/08\/FCEFN-CMPETENCIA-03.jpg\" alt=\"\" width=\"800\" height=\"600\" srcset=\"https:\/\/vocesparalelas.com.ar\/sitio\/wp-content\/uploads\/2023\/08\/FCEFN-CMPETENCIA-03.jpg 800w, https:\/\/vocesparalelas.com.ar\/sitio\/wp-content\/uploads\/2023\/08\/FCEFN-CMPETENCIA-03-300x225.jpg 300w, https:\/\/vocesparalelas.com.ar\/sitio\/wp-content\/uploads\/2023\/08\/FCEFN-CMPETENCIA-03-768x576.jpg 768w\" sizes=\"auto, (max-width: 800px) 100vw, 800px\" \/><\/p>\n<p>Estos fueron los equipos clasificados.\u00a0Luego estuvieron los dem\u00e1s participantes que son: Bel\u00e9n Janavel, Federico Reina, Emanuel Enrique y Camila Castillo.<\/p>\n<p><img loading=\"lazy\" decoding=\"async\" class=\"alignnone size-large wp-image-62036 aligncenter\" src=\"https:\/\/vocesparalelas.com.ar\/sitio\/wp-content\/uploads\/2023\/08\/FCEFN-CMPETENCIA-02-600x800.jpg\" alt=\"\" width=\"600\" height=\"800\" srcset=\"https:\/\/vocesparalelas.com.ar\/sitio\/wp-content\/uploads\/2023\/08\/FCEFN-CMPETENCIA-02-600x800.jpg 600w, https:\/\/vocesparalelas.com.ar\/sitio\/wp-content\/uploads\/2023\/08\/FCEFN-CMPETENCIA-02-225x300.jpg 225w, https:\/\/vocesparalelas.com.ar\/sitio\/wp-content\/uploads\/2023\/08\/FCEFN-CMPETENCIA-02.jpg 768w\" sizes=\"auto, (max-width: 600px) 100vw, 600px\" \/><\/p>\n<p>Es as\u00ed que, Voces Paralelas desarroll\u00f3 una entrevista period\u00edstica al Alumno avanzado de la Carrera de Grado Geof\u00edsica, Franco Villella, quien explic\u00f3 lo que signific\u00f3 participar de una competencia con resultados positivos que les permiten viajar a Houston, Estados Unidos y seguir otra instancia de la competencia en forma presencial.<\/p>\n<p><iframe loading=\"lazy\" title=\"FCEFN UNSJ FRANCO\" width=\"800\" height=\"450\" src=\"https:\/\/www.youtube.com\/embed\/Pq4s0LLl-Bg?feature=oembed\" frameborder=\"0\" allow=\"accelerometer; autoplay; clipboard-write; encrypted-media; gyroscope; picture-in-picture; web-share\" allowfullscreen><\/iframe><\/p>\n<p><img loading=\"lazy\" decoding=\"async\" class=\"alignnone size-full wp-image-62037\" src=\"https:\/\/vocesparalelas.com.ar\/sitio\/wp-content\/uploads\/2023\/08\/FCEFN-CMPETENCIA-03.jpg\" alt=\"\" width=\"800\" height=\"600\" srcset=\"https:\/\/vocesparalelas.com.ar\/sitio\/wp-content\/uploads\/2023\/08\/FCEFN-CMPETENCIA-03.jpg 800w, https:\/\/vocesparalelas.com.ar\/sitio\/wp-content\/uploads\/2023\/08\/FCEFN-CMPETENCIA-03-300x225.jpg 300w, https:\/\/vocesparalelas.com.ar\/sitio\/wp-content\/uploads\/2023\/08\/FCEFN-CMPETENCIA-03-768x576.jpg 768w\" sizes=\"auto, (max-width: 800px) 100vw, 800px\" \/><\/p>\n<figure id=\"attachment_26107\" aria-describedby=\"caption-attachment-26107\" style=\"width: 800px\" class=\"wp-caption alignnone\"><img loading=\"lazy\" decoding=\"async\" class=\"size-large wp-image-26107\" src=\"https:\/\/vocesparalelas.com.ar\/sitio\/wp-content\/uploads\/2020\/01\/FCEFN-UNSJ-EDIFICIO-800x489.jpg\" alt=\"\" width=\"800\" height=\"489\" srcset=\"https:\/\/vocesparalelas.com.ar\/sitio\/wp-content\/uploads\/2020\/01\/FCEFN-UNSJ-EDIFICIO.jpg 800w, https:\/\/vocesparalelas.com.ar\/sitio\/wp-content\/uploads\/2020\/01\/FCEFN-UNSJ-EDIFICIO-300x183.jpg 300w, https:\/\/vocesparalelas.com.ar\/sitio\/wp-content\/uploads\/2020\/01\/FCEFN-UNSJ-EDIFICIO-768x469.jpg 768w\" sizes=\"auto, (max-width: 800px) 100vw, 800px\" \/><figcaption id=\"caption-attachment-26107\" class=\"wp-caption-text\">Edificio de la FCEFN de la UNSJ<\/figcaption><\/figure>\n<p>&nbsp;<\/p>\n<p><img loading=\"lazy\" decoding=\"async\" class=\"alignnone size-full wp-image-53945\" src=\"https:\/\/vocesparalelas.com.ar\/sitio\/wp-content\/uploads\/2022\/10\/UNSJ-LOGO-50-FINAL.jpg\" alt=\"\" width=\"800\" height=\"476\" srcset=\"https:\/\/vocesparalelas.com.ar\/sitio\/wp-content\/uploads\/2022\/10\/UNSJ-LOGO-50-FINAL.jpg 800w, https:\/\/vocesparalelas.com.ar\/sitio\/wp-content\/uploads\/2022\/10\/UNSJ-LOGO-50-FINAL-300x179.jpg 300w, https:\/\/vocesparalelas.com.ar\/sitio\/wp-content\/uploads\/2022\/10\/UNSJ-LOGO-50-FINAL-768x457.jpg 768w\" sizes=\"auto, (max-width: 800px) 100vw, 800px\" \/> <img loading=\"lazy\" decoding=\"async\" class=\"alignnone size-full wp-image-54035\" src=\"https:\/\/vocesparalelas.com.ar\/sitio\/wp-content\/uploads\/2022\/11\/UNSJ-LOGO-10.jpg\" alt=\"\" width=\"800\" height=\"533\" srcset=\"https:\/\/vocesparalelas.com.ar\/sitio\/wp-content\/uploads\/2022\/11\/UNSJ-LOGO-10.jpg 800w, https:\/\/vocesparalelas.com.ar\/sitio\/wp-content\/uploads\/2022\/11\/UNSJ-LOGO-10-300x200.jpg 300w, https:\/\/vocesparalelas.com.ar\/sitio\/wp-content\/uploads\/2022\/11\/UNSJ-LOGO-10-768x512.jpg 768w\" sizes=\"auto, (max-width: 800px) 100vw, 800px\" \/><\/p>\n","protected":false},"excerpt":{"rendered":"<p>Transitar por una Carrera de Grado por la Facultad de Ciencias Exactas, F\u00edsicas y Naturales de la Universidad Nacional de<\/p>\n","protected":false},"author":3,"featured_media":62035,"comment_status":"closed","ping_status":"closed","sticky":false,"template":"","format":"standard","meta":{"_acf_changed":false,"_seopress_robots_primary_cat":"none","_seopress_titles_title":"","_seopress_titles_desc":"","_seopress_robots_index":"","colormag_page_container_layout":"default_layout","colormag_page_sidebar_layout":"default_layout","footnotes":""},"categories":[8,7],"tags":[],"class_list":["post-62032","post","type-post","status-publish","format-standard","has-post-thumbnail","hentry","category-concursos","category-videos"],"acf":[],"_links":{"self":[{"href":"https:\/\/vocesparalelas.com.ar\/sitio\/wp-json\/wp\/v2\/posts\/62032","targetHints":{"allow":["GET"]}}],"collection":[{"href":"https:\/\/vocesparalelas.com.ar\/sitio\/wp-json\/wp\/v2\/posts"}],"about":[{"href":"https:\/\/vocesparalelas.com.ar\/sitio\/wp-json\/wp\/v2\/types\/post"}],"author":[{"embeddable":true,"href":"https:\/\/vocesparalelas.com.ar\/sitio\/wp-json\/wp\/v2\/users\/3"}],"replies":[{"embeddable":true,"href":"https:\/\/vocesparalelas.com.ar\/sitio\/wp-json\/wp\/v2\/comments?post=62032"}],"version-history":[{"count":2,"href":"https:\/\/vocesparalelas.com.ar\/sitio\/wp-json\/wp\/v2\/posts\/62032\/revisions"}],"predecessor-version":[{"id":62039,"href":"https:\/\/vocesparalelas.com.ar\/sitio\/wp-json\/wp\/v2\/posts\/62032\/revisions\/62039"}],"wp:featuredmedia":[{"embeddable":true,"href":"https:\/\/vocesparalelas.com.ar\/sitio\/wp-json\/wp\/v2\/media\/62035"}],"wp:attachment":[{"href":"https:\/\/vocesparalelas.com.ar\/sitio\/wp-json\/wp\/v2\/media?parent=62032"}],"wp:term":[{"taxonomy":"category","embeddable":true,"href":"https:\/\/vocesparalelas.com.ar\/sitio\/wp-json\/wp\/v2\/categories?post=62032"},{"taxonomy":"post_tag","embeddable":true,"href":"https:\/\/vocesparalelas.com.ar\/sitio\/wp-json\/wp\/v2\/tags?post=62032"}],"curies":[{"name":"wp","href":"https:\/\/api.w.org\/{rel}","templated":true}]}}