{"id":62011,"date":"2023-08-07T22:28:45","date_gmt":"2023-08-08T01:28:45","guid":{"rendered":"https:\/\/vocesparalelas.com.ar\/sitio\/?p=62011"},"modified":"2023-08-09T01:11:27","modified_gmt":"2023-08-09T04:11:27","slug":"actividad-en-las-escuelas-de-san-juan-en-las-elecciones-2023-del-domingo-13-de-agosto","status":"publish","type":"post","link":"https:\/\/vocesparalelas.com.ar\/sitio\/actividad-en-las-escuelas-de-san-juan-en-las-elecciones-2023-del-domingo-13-de-agosto\/","title":{"rendered":"Actividad en las Escuelas de San Juan en las Elecciones 2023 del Domingo, 13 de Agosto"},"content":{"rendered":"<p>El Ministerio de Educaci\u00f3n del Gobierno de San Juan informa que en las escuelas en las que se vota el Domingo, 13 de Agosto no hay actividad escolar el Viernes, 11 de Agosto, en los turnos tarde desde las 17:30 horas, vespertino y noche, para cumplir con la log\u00edstica de aseo, empapelado y acondicionamiento de las aulas que har\u00e1n de cuarto oscuro.<\/p>\n<p>Tampoco, hay actividad escolar el Lunes, 14 de Agosto, en la ma\u00f1ana en los establecimientos afectados a los comicios.<\/p>\n<p>La Justicia Electora Federal afect\u00f3 237 establecimientos educativos, habilitando 1810 mesas para las elecciones Primarias, Abiertas, Simult\u00e1neas y Obligatorias PASO.<\/p>\n<p><span style=\"color: #0000ff;\"><strong>Instituci\u00f3n afectada al acto eleccionario<\/strong><\/span><\/p>\n<p><span style=\"color: #0000ff;\"><strong>Entrega de urnas s\u00e1bado 12 de Agosto, de 8 a 13, por parte de Correo Argentino<\/strong><\/span><\/p>\n<p>Responsable de recepci\u00f3n: director o persona designada con la autorizaci\u00f3n correspondiente para tal fin. Recepcionadas las urnas en la instituci\u00f3n quedan en resguardo y bajo la responsabilidad del Comando General Electoral (Polic\u00eda de San Juan, Gendarmer\u00eda, Ej\u00e9rcito etc.)<\/p>\n<p><span style=\"color: #0000ff;\"><strong>Domingo 13 de Agosto<\/strong><\/span><\/p>\n<p>Responsable de apertura y cierre del establecimiento: directivo a cargo.<\/p>\n<p>Horario de apertura, a las 7 hs.<\/p>\n<p>Cierre: el director debe acordar y comunicarse con autoridad a cargo para realizar el cierre del establecimiento educativo.<\/p>\n<p><span style=\"color: #0000ff;\"><strong>Funciones de la autoridad a cargo de la escuela<\/strong><\/span><\/p>\n<p>Recepcionar y coordinar las acciones con el agente del Comando Electoral a cargo del acto eleccionario en la instituci\u00f3n. Los responsables instruyen a su personal para el control y orden de ingreso de votantes, cuidado del orden dentro del establecimiento escolar.<\/p>\n<p>La persona designada por el Comando General Electoral, est\u00e1 en contacto con el director del establecimiento educativo y tiene como funci\u00f3n espec\u00edfica la custodia y seguridad del edificio escolar. Las autoridades de la instituci\u00f3n educativa estar\u00e1n a cargo de la apertura y cierre de la escuela, coordinando en forma conjunta el modo y horarios de su realizaci\u00f3n, previo acuerdo con el Comando Electoral.<\/p>\n<p><span style=\"color: #0000ff;\"><strong>Acondicionamiento de instituciones educativas<\/strong><\/span><\/p>\n<p>Cabe consignar que el Ministerio de Educaci\u00f3n entrega a los directores de las escuelas donde se vota, los kits para empapelar las aulas, que ser\u00e1n cuartos oscuros, el 8; 9 y 10 de Agosto, en horario de 8 a 13 en el edificio del Dep\u00f3sito Central del Ministerio de Educaci\u00f3n, 9 de Julio y lateral de Av. de Circunvalaci\u00f3n.<\/p>\n<p><span style=\"color: #0000ff;\"><strong>Funci\u00f3n personal de Servicios Generales<\/strong><\/span><\/p>\n<p>El personal de Servicios Generales, porteros o maestranzas, deben adecuar correctamente las aulas que son\u00a0 utilizadas como cuarto oscuro con el material entregado por el ministerio. Las autoridades escolares y personal general, tienen que corroborar el cumplimiento al decreto 2135 del C\u00f3digo Electoral que establece la prohibici\u00f3n de carteles, insignias, pintadas o im\u00e1genes pol\u00edticas en el edificio.<\/p>\n<p>El director del establecimiento como responsable de la instituci\u00f3n debe coordinar el personal de Servicios Generales en grupos de asistencia, designando un responsable en turno ma\u00f1ana y tarde para el cumplimiento de la limpieza y desinfecci\u00f3n de ba\u00f1os, cocinas, espacios comunes, cuarto oscuro, superficies, picaportes y pisos.<\/p>\n<p>El personal de Servicios Generales, afectado a tareas ser\u00e1 compensado con dos jornadas laborales de descanso de forma que no interfiera con el normal desarrollo de las actividades diarias en la escuela donde se desempe\u00f1a.<\/p>\n<p>Se recuerda a la comunidad cuidar la higiene y las instalaciones educativas.<\/p>\n<p><img loading=\"lazy\" decoding=\"async\" class=\"alignnone size-full wp-image-28629\" src=\"https:\/\/vocesparalelas.com.ar\/sitio\/wp-content\/uploads\/2020\/05\/MINISTERIO-EDUCACION-SJ.jpg\" alt=\"\" width=\"800\" height=\"533\" srcset=\"https:\/\/vocesparalelas.com.ar\/sitio\/wp-content\/uploads\/2020\/05\/MINISTERIO-EDUCACION-SJ.jpg 800w, https:\/\/vocesparalelas.com.ar\/sitio\/wp-content\/uploads\/2020\/05\/MINISTERIO-EDUCACION-SJ-300x200.jpg 300w, https:\/\/vocesparalelas.com.ar\/sitio\/wp-content\/uploads\/2020\/05\/MINISTERIO-EDUCACION-SJ-768x512.jpg 768w\" sizes=\"auto, (max-width: 800px) 100vw, 800px\" \/><\/p>\n","protected":false},"excerpt":{"rendered":"<p>El Ministerio de Educaci\u00f3n del Gobierno de San Juan informa que en las escuelas en las que se vota el<\/p>\n","protected":false},"author":3,"featured_media":59069,"comment_status":"closed","ping_status":"closed","sticky":false,"template":"","format":"standard","meta":{"_acf_changed":false,"_seopress_robots_primary_cat":"none","_seopress_titles_title":"","_seopress_titles_desc":"","_seopress_robots_index":"","colormag_page_container_layout":"default_layout","colormag_page_sidebar_layout":"default_layout","footnotes":""},"categories":[6],"tags":[],"class_list":["post-62011","post","type-post","status-publish","format-standard","has-post-thumbnail","hentry","category-eventos"],"acf":[],"_links":{"self":[{"href":"https:\/\/vocesparalelas.com.ar\/sitio\/wp-json\/wp\/v2\/posts\/62011","targetHints":{"allow":["GET"]}}],"collection":[{"href":"https:\/\/vocesparalelas.com.ar\/sitio\/wp-json\/wp\/v2\/posts"}],"about":[{"href":"https:\/\/vocesparalelas.com.ar\/sitio\/wp-json\/wp\/v2\/types\/post"}],"author":[{"embeddable":true,"href":"https:\/\/vocesparalelas.com.ar\/sitio\/wp-json\/wp\/v2\/users\/3"}],"replies":[{"embeddable":true,"href":"https:\/\/vocesparalelas.com.ar\/sitio\/wp-json\/wp\/v2\/comments?post=62011"}],"version-history":[{"count":1,"href":"https:\/\/vocesparalelas.com.ar\/sitio\/wp-json\/wp\/v2\/posts\/62011\/revisions"}],"predecessor-version":[{"id":62014,"href":"https:\/\/vocesparalelas.com.ar\/sitio\/wp-json\/wp\/v2\/posts\/62011\/revisions\/62014"}],"wp:featuredmedia":[{"embeddable":true,"href":"https:\/\/vocesparalelas.com.ar\/sitio\/wp-json\/wp\/v2\/media\/59069"}],"wp:attachment":[{"href":"https:\/\/vocesparalelas.com.ar\/sitio\/wp-json\/wp\/v2\/media?parent=62011"}],"wp:term":[{"taxonomy":"category","embeddable":true,"href":"https:\/\/vocesparalelas.com.ar\/sitio\/wp-json\/wp\/v2\/categories?post=62011"},{"taxonomy":"post_tag","embeddable":true,"href":"https:\/\/vocesparalelas.com.ar\/sitio\/wp-json\/wp\/v2\/tags?post=62011"}],"curies":[{"name":"wp","href":"https:\/\/api.w.org\/{rel}","templated":true}]}}