{"id":62007,"date":"2023-08-07T22:20:11","date_gmt":"2023-08-08T01:20:11","guid":{"rendered":"https:\/\/vocesparalelas.com.ar\/sitio\/?p=62007"},"modified":"2023-08-09T01:11:56","modified_gmt":"2023-08-09T04:11:56","slug":"reparten-los-kits-para-las-escuelas-de-san-juan-para-las-elecciones-2023","status":"publish","type":"post","link":"https:\/\/vocesparalelas.com.ar\/sitio\/reparten-los-kits-para-las-escuelas-de-san-juan-para-las-elecciones-2023\/","title":{"rendered":"Reparten los Kits para las Escuelas de San Juan para las Elecciones 2023"},"content":{"rendered":"<p>Ministerio de Educaci\u00f3n del Gobierno de San Juan\u00a0 informa a los directores de las escuelas afectadas a las Primarias, Abiertas, Simult\u00e1neas y Obligatorias PASO, que deben pasar a retirar los kits para empapelar las aulas que son cuartos oscuros para la votaci\u00f3n.<\/p>\n<p>Los afectados deben acudir del 8 al 10 de Agosto inclusive, de 8 a 13 hs.; al edificio del Dep\u00f3sito Central del Ministerio de Educaci\u00f3n (9 de Julio y lateral de avenida de Circunvalaci\u00f3n.<\/p>\n<p><img loading=\"lazy\" decoding=\"async\" class=\"alignnone size-full wp-image-59069\" src=\"https:\/\/vocesparalelas.com.ar\/sitio\/wp-content\/uploads\/2023\/05\/ELECCIONES-03.jpg\" alt=\"\" width=\"800\" height=\"533\" srcset=\"https:\/\/vocesparalelas.com.ar\/sitio\/wp-content\/uploads\/2023\/05\/ELECCIONES-03.jpg 800w, https:\/\/vocesparalelas.com.ar\/sitio\/wp-content\/uploads\/2023\/05\/ELECCIONES-03-300x200.jpg 300w, https:\/\/vocesparalelas.com.ar\/sitio\/wp-content\/uploads\/2023\/05\/ELECCIONES-03-768x512.jpg 768w\" sizes=\"auto, (max-width: 800px) 100vw, 800px\" \/><\/p>\n","protected":false},"excerpt":{"rendered":"<p>Ministerio de Educaci\u00f3n del Gobierno de San Juan\u00a0 informa a los directores de las escuelas afectadas a las Primarias, Abiertas,<\/p>\n","protected":false},"author":3,"featured_media":40018,"comment_status":"closed","ping_status":"closed","sticky":false,"template":"","format":"standard","meta":{"_acf_changed":false,"_seopress_robots_primary_cat":"none","_seopress_titles_title":"","_seopress_titles_desc":"","_seopress_robots_index":"","colormag_page_container_layout":"default_layout","colormag_page_sidebar_layout":"default_layout","footnotes":""},"categories":[2],"tags":[],"class_list":["post-62007","post","type-post","status-publish","format-standard","has-post-thumbnail","hentry","category-convocatorias"],"acf":[],"_links":{"self":[{"href":"https:\/\/vocesparalelas.com.ar\/sitio\/wp-json\/wp\/v2\/posts\/62007","targetHints":{"allow":["GET"]}}],"collection":[{"href":"https:\/\/vocesparalelas.com.ar\/sitio\/wp-json\/wp\/v2\/posts"}],"about":[{"href":"https:\/\/vocesparalelas.com.ar\/sitio\/wp-json\/wp\/v2\/types\/post"}],"author":[{"embeddable":true,"href":"https:\/\/vocesparalelas.com.ar\/sitio\/wp-json\/wp\/v2\/users\/3"}],"replies":[{"embeddable":true,"href":"https:\/\/vocesparalelas.com.ar\/sitio\/wp-json\/wp\/v2\/comments?post=62007"}],"version-history":[{"count":1,"href":"https:\/\/vocesparalelas.com.ar\/sitio\/wp-json\/wp\/v2\/posts\/62007\/revisions"}],"predecessor-version":[{"id":62010,"href":"https:\/\/vocesparalelas.com.ar\/sitio\/wp-json\/wp\/v2\/posts\/62007\/revisions\/62010"}],"wp:featuredmedia":[{"embeddable":true,"href":"https:\/\/vocesparalelas.com.ar\/sitio\/wp-json\/wp\/v2\/media\/40018"}],"wp:attachment":[{"href":"https:\/\/vocesparalelas.com.ar\/sitio\/wp-json\/wp\/v2\/media?parent=62007"}],"wp:term":[{"taxonomy":"category","embeddable":true,"href":"https:\/\/vocesparalelas.com.ar\/sitio\/wp-json\/wp\/v2\/categories?post=62007"},{"taxonomy":"post_tag","embeddable":true,"href":"https:\/\/vocesparalelas.com.ar\/sitio\/wp-json\/wp\/v2\/tags?post=62007"}],"curies":[{"name":"wp","href":"https:\/\/api.w.org\/{rel}","templated":true}]}}