{"id":61990,"date":"2023-08-07T20:19:36","date_gmt":"2023-08-07T23:19:36","guid":{"rendered":"https:\/\/vocesparalelas.com.ar\/sitio\/?p=61990"},"modified":"2023-08-09T01:12:47","modified_gmt":"2023-08-09T04:12:47","slug":"imponente-limpieza-historica-del-dique-ignacio-de-la-roza-en-san-juan","status":"publish","type":"post","link":"https:\/\/vocesparalelas.com.ar\/sitio\/imponente-limpieza-historica-del-dique-ignacio-de-la-roza-en-san-juan\/","title":{"rendered":"Imponente limpieza hist\u00f3rica del Dique Ignacio De La Roza en San Juan"},"content":{"rendered":"<p>El gobernador de San Juan, Dr. Sergio U\u00f1ac, el ministro de Obras y Servicios P\u00fablicos, Ing. Julio Ortiz Andino; el secretario de Agua y Energ\u00eda, Ing. Ramiro Casc\u00f3n y la directora general del Departamento Hidr\u00e1ulica, Ing. Guadalupe L\u00f3pez recorrieron el Dique Ignacio de la Roza, Departamento Rivadavia.<\/p>\n<p>El motivo fue supervisar el trabajo de limpieza del fondo del Dique Ignacio de la Roza, luego de m\u00e1s de 25 a\u00f1os de su \u00faltimo saneamiento. Una vivencia in\u00e9dita.<\/p>\n<p><iframe loading=\"lazy\" title=\"DIQUE IGNACIO DE LA ROZA\" width=\"800\" height=\"450\" src=\"https:\/\/www.youtube.com\/embed\/oCXqmEmKlC4?feature=oembed\" frameborder=\"0\" allow=\"accelerometer; autoplay; clipboard-write; encrypted-media; gyroscope; picture-in-picture; web-share\" allowfullscreen><\/iframe><\/p>\n<p>Voces Paralelas desarroll\u00f3 una entrevista period\u00edstica a la directora general del Departamento Hidr\u00e1ulica, Ing. Guadalupe L\u00f3pez y al secretario de Agua y Energ\u00eda, Ing. Ramiro Casc\u00f3n, quienes resaltaron la importancia que tiene el trabajo de limpieza del fondo del Dique Ignacio de la Roza.<\/p>\n<figure id=\"attachment_61994\" aria-describedby=\"caption-attachment-61994\" style=\"width: 800px\" class=\"wp-caption alignnone\"><img loading=\"lazy\" decoding=\"async\" class=\"size-full wp-image-61994\" src=\"https:\/\/vocesparalelas.com.ar\/sitio\/wp-content\/uploads\/2023\/08\/DIQUE-IGNACIO-DE-LA-ROZA-02.jpg\" alt=\"\" width=\"800\" height=\"533\" srcset=\"https:\/\/vocesparalelas.com.ar\/sitio\/wp-content\/uploads\/2023\/08\/DIQUE-IGNACIO-DE-LA-ROZA-02.jpg 800w, https:\/\/vocesparalelas.com.ar\/sitio\/wp-content\/uploads\/2023\/08\/DIQUE-IGNACIO-DE-LA-ROZA-02-300x200.jpg 300w, https:\/\/vocesparalelas.com.ar\/sitio\/wp-content\/uploads\/2023\/08\/DIQUE-IGNACIO-DE-LA-ROZA-02-768x512.jpg 768w\" sizes=\"auto, (max-width: 800px) 100vw, 800px\" \/><figcaption id=\"caption-attachment-61994\" class=\"wp-caption-text\">Lla directora general del Departamento Hidr\u00e1ulica, Ing. Guadalupe L\u00f3pez junto al secretario de Agua y Energ\u00eda, Ing. Ramiro Casc\u00f3n.<\/figcaption><\/figure>\n<p>&nbsp;<\/p>\n<p><iframe loading=\"lazy\" title=\"DIQUE IGNACIO DE LA ROZA\" width=\"800\" height=\"450\" src=\"https:\/\/www.youtube.com\/embed\/jUZWU3SEKEI?feature=oembed\" frameborder=\"0\" allow=\"accelerometer; autoplay; clipboard-write; encrypted-media; gyroscope; picture-in-picture; web-share\" allowfullscreen><\/iframe><\/p>\n<p>Posteriormente, al ministro de Obras y Servicios P\u00fablicos, Ing. Julio Ortiz Andino, quien destac\u00f3 el valor de la Obra para beneficiar la distribuci\u00f3n del Agua en San Juan frente a las pocas nevadas que restringe el uso para la poblaci\u00f3n de San Juan.<\/p>\n<p><iframe loading=\"lazy\" title=\"DIQUE IGNACIO DE LA ROZA\" width=\"800\" height=\"450\" src=\"https:\/\/www.youtube.com\/embed\/HUr1EO01hbs?feature=oembed\" frameborder=\"0\" allow=\"accelerometer; autoplay; clipboard-write; encrypted-media; gyroscope; picture-in-picture; web-share\" allowfullscreen><\/iframe><\/p>\n<p>&nbsp;<\/p>\n<p>La tarea de limpieza comenz\u00f3 hace unas semanas, en forma constante y se extiende hasta el 14 de agosto inclusive, para evitar el arrastre de sedimentos.<\/p>\n<p>El operativo estuvo planificado por el Departamento de Hidr\u00e1ulica y se lleva a cabo luego de m\u00e1s de 25 a\u00f1os debido a su complejidad: las tareas incluyen despejar la zona de embanques y todo el material sedimentado en la zona de carga del dique, desripiador y el canal de la red matriz.<\/p>\n<p>Este trabajo se realiza con maquinaria adecuada, como minicargadoras y cargadoras de tama\u00f1o mediano, teniendo precauci\u00f3n debido al desconocimiento del estado de la estructura de la losa inferior, la cual podr\u00eda agrietarse o sufrir da\u00f1os significativos bajo un peso considerable.<\/p>\n<p><img loading=\"lazy\" decoding=\"async\" class=\"alignnone size-full wp-image-61995\" src=\"https:\/\/vocesparalelas.com.ar\/sitio\/wp-content\/uploads\/2023\/08\/DIQUE-IGNACIO-DE-LA-ROZA-03.jpg\" alt=\"\" width=\"800\" height=\"533\" srcset=\"https:\/\/vocesparalelas.com.ar\/sitio\/wp-content\/uploads\/2023\/08\/DIQUE-IGNACIO-DE-LA-ROZA-03.jpg 800w, https:\/\/vocesparalelas.com.ar\/sitio\/wp-content\/uploads\/2023\/08\/DIQUE-IGNACIO-DE-LA-ROZA-03-300x200.jpg 300w, https:\/\/vocesparalelas.com.ar\/sitio\/wp-content\/uploads\/2023\/08\/DIQUE-IGNACIO-DE-LA-ROZA-03-768x512.jpg 768w\" sizes=\"auto, (max-width: 800px) 100vw, 800px\" \/><\/p>\n<p>Finalmente, el gobernador de San Juan, Dr. Sergio U\u00f1ac, manifest\u00f3 la importancia del trabajo de limpieza del Dique Ignacio de la Roza para San Juan. Adem\u00e1s, puntualiz\u00f3 e invit\u00f3 al ciudadano de San Juan asista a emitir el voto el Domingo, 14 de Agosto porque es defender la Democracia.<\/p>\n<p><iframe loading=\"lazy\" title=\"SAN JUAN DR SERGIO U\u00d1AC\" width=\"800\" height=\"450\" src=\"https:\/\/www.youtube.com\/embed\/17BkZpskG5M?feature=oembed\" frameborder=\"0\" allow=\"accelerometer; autoplay; clipboard-write; encrypted-media; gyroscope; picture-in-picture; web-share\" allowfullscreen><\/iframe><\/p>\n<p>&nbsp;<\/p>\n<p>Adem\u00e1s del personal de Hidr\u00e1ulica, trabajan dos empresas contratistas y colabora la Direcci\u00f3n de Obras Menores. En el momento de mayor movimiento trabajaban a la par 3 excavadoras, 2 cargadoras, 1 topadora, una minicargadora, una retropala y 6 camiones. Se estima al finalizar la limpieza extraer aproximadamente 13000 m3 de sedimentos.<\/p>\n<p><iframe loading=\"lazy\" title=\"Sergio U\u00f1ac recorri\u00f3 la obra de limpieza hist\u00f3rica del Dique Ignacio de la Roza\" width=\"800\" height=\"450\" src=\"https:\/\/www.youtube.com\/embed\/FWNiuCIDJdw?feature=oembed\" frameborder=\"0\" allow=\"accelerometer; autoplay; clipboard-write; encrypted-media; gyroscope; picture-in-picture; web-share\" allowfullscreen><\/iframe><\/p>\n<p><img loading=\"lazy\" decoding=\"async\" class=\"alignnone size-full wp-image-61996\" src=\"https:\/\/vocesparalelas.com.ar\/sitio\/wp-content\/uploads\/2023\/08\/DIQUE-IGNACIO-DE-LA-ROZA-04.jpg\" alt=\"\" width=\"800\" height=\"533\" srcset=\"https:\/\/vocesparalelas.com.ar\/sitio\/wp-content\/uploads\/2023\/08\/DIQUE-IGNACIO-DE-LA-ROZA-04.jpg 800w, https:\/\/vocesparalelas.com.ar\/sitio\/wp-content\/uploads\/2023\/08\/DIQUE-IGNACIO-DE-LA-ROZA-04-300x200.jpg 300w, https:\/\/vocesparalelas.com.ar\/sitio\/wp-content\/uploads\/2023\/08\/DIQUE-IGNACIO-DE-LA-ROZA-04-768x512.jpg 768w\" sizes=\"auto, (max-width: 800px) 100vw, 800px\" \/><\/p>\n<p><span style=\"color: #0000ff;\"><strong>Detalles del operativo limpieza<\/strong><\/span><\/p>\n<p>Para la limpieza se debi\u00f3 secar el dique. Es por eso que se coordin\u00f3 con OSSE un bypass para poder abastecer a la empresa estatal encargada del agua potable y garantizar la dotaci\u00f3n para el consumo humano.<\/p>\n<p>La zona de trabajo, que es espec\u00edficamente la limpieza del cuenco de recepci\u00f3n del dique, aguas arriba de las compuertas frontales del Canal Matriz y Desripiador, cubre aproximadamente unos 5.000 m2 y contempla la limpieza completa del embanque mediante la extracci\u00f3n de todo el sedimento acumulado.<\/p>\n<p>La represa presentaba un embanque de aproximadamente unos 8.000 m3 de material sedimentado en la zona de carga, lo cual no permite a la obra trabajar correctamente, causando obstrucciones en las compuertas y afectando la normal distribuci\u00f3n del l\u00edquido vital.<\/p>\n<p>Este saneamiento es complementario a la limpieza de los compartos de Albard\u00f3n y Angaco, y al saneamiento de los canales de la red troncal: Justo Moya, General Colonia Fiscal, General Albard\u00f3n, General Villicum y Valdivia.<\/p>\n<p><img loading=\"lazy\" decoding=\"async\" class=\"alignnone size-full wp-image-61997\" src=\"https:\/\/vocesparalelas.com.ar\/sitio\/wp-content\/uploads\/2023\/08\/DIQUE-IGNACIO-DE-LA-ROZA-05.jpg\" alt=\"\" width=\"800\" height=\"533\" srcset=\"https:\/\/vocesparalelas.com.ar\/sitio\/wp-content\/uploads\/2023\/08\/DIQUE-IGNACIO-DE-LA-ROZA-05.jpg 800w, https:\/\/vocesparalelas.com.ar\/sitio\/wp-content\/uploads\/2023\/08\/DIQUE-IGNACIO-DE-LA-ROZA-05-300x200.jpg 300w, https:\/\/vocesparalelas.com.ar\/sitio\/wp-content\/uploads\/2023\/08\/DIQUE-IGNACIO-DE-LA-ROZA-05-768x512.jpg 768w\" sizes=\"auto, (max-width: 800px) 100vw, 800px\" \/><\/p>\n<p><span style=\"color: #0000ff;\"><strong>Sobre el dique Ignacio de la Roza<\/strong><\/span><\/p>\n<p>El dique Ignacio de la Roza recibe el agua del desembalse del dique de Ullum a trav\u00e9s del lecho del R\u00edo San Juan.<\/p>\n<p>Su funci\u00f3n es regular la distribuci\u00f3n del agua que trae el r\u00edo. Est\u00e1 constituido por un azud de 250 metros de longitud con 24 compuertas, una c\u00e1mara desripiadora y el canal matriz, entre otras obras.<\/p>\n<p>El agua se recibe a trav\u00e9s de un vertedero lateral subdividido por 3 tabiques de hormig\u00f3n armado que act\u00faan como vertederos continuos, generando 3 zonas de sedimentaci\u00f3n.<\/p>\n<p>Esta obra, en su origen, se dise\u00f1\u00f3 autolimpiante por los caudales de escurrimiento del r\u00edo San Juan, debido a la sequ\u00eda extrema que atraviesa la provincia no se realiz\u00f3 durante muchos a\u00f1os y se debi\u00f3 programar una limpieza profunda con maquinaria.<\/p>\n<p><img loading=\"lazy\" decoding=\"async\" class=\"alignnone size-full wp-image-61998\" src=\"https:\/\/vocesparalelas.com.ar\/sitio\/wp-content\/uploads\/2023\/08\/DIQUE-IGNACIO-DE-LA-ROZA-06.jpg\" alt=\"\" width=\"800\" height=\"533\" srcset=\"https:\/\/vocesparalelas.com.ar\/sitio\/wp-content\/uploads\/2023\/08\/DIQUE-IGNACIO-DE-LA-ROZA-06.jpg 800w, https:\/\/vocesparalelas.com.ar\/sitio\/wp-content\/uploads\/2023\/08\/DIQUE-IGNACIO-DE-LA-ROZA-06-300x200.jpg 300w, https:\/\/vocesparalelas.com.ar\/sitio\/wp-content\/uploads\/2023\/08\/DIQUE-IGNACIO-DE-LA-ROZA-06-768x512.jpg 768w\" sizes=\"auto, (max-width: 800px) 100vw, 800px\" \/><\/p>\n","protected":false},"excerpt":{"rendered":"<p>El gobernador de San Juan, Dr. Sergio U\u00f1ac, el ministro de Obras y Servicios P\u00fablicos, Ing. Julio Ortiz Andino; el<\/p>\n","protected":false},"author":3,"featured_media":61993,"comment_status":"closed","ping_status":"closed","sticky":false,"template":"","format":"standard","meta":{"_acf_changed":false,"_seopress_robots_primary_cat":"none","_seopress_titles_title":"","_seopress_titles_desc":"","_seopress_robots_index":"","colormag_page_container_layout":"default_layout","colormag_page_sidebar_layout":"default_layout","footnotes":""},"categories":[6,7],"tags":[],"class_list":["post-61990","post","type-post","status-publish","format-standard","has-post-thumbnail","hentry","category-eventos","category-videos"],"acf":[],"_links":{"self":[{"href":"https:\/\/vocesparalelas.com.ar\/sitio\/wp-json\/wp\/v2\/posts\/61990","targetHints":{"allow":["GET"]}}],"collection":[{"href":"https:\/\/vocesparalelas.com.ar\/sitio\/wp-json\/wp\/v2\/posts"}],"about":[{"href":"https:\/\/vocesparalelas.com.ar\/sitio\/wp-json\/wp\/v2\/types\/post"}],"author":[{"embeddable":true,"href":"https:\/\/vocesparalelas.com.ar\/sitio\/wp-json\/wp\/v2\/users\/3"}],"replies":[{"embeddable":true,"href":"https:\/\/vocesparalelas.com.ar\/sitio\/wp-json\/wp\/v2\/comments?post=61990"}],"version-history":[{"count":6,"href":"https:\/\/vocesparalelas.com.ar\/sitio\/wp-json\/wp\/v2\/posts\/61990\/revisions"}],"predecessor-version":[{"id":62006,"href":"https:\/\/vocesparalelas.com.ar\/sitio\/wp-json\/wp\/v2\/posts\/61990\/revisions\/62006"}],"wp:featuredmedia":[{"embeddable":true,"href":"https:\/\/vocesparalelas.com.ar\/sitio\/wp-json\/wp\/v2\/media\/61993"}],"wp:attachment":[{"href":"https:\/\/vocesparalelas.com.ar\/sitio\/wp-json\/wp\/v2\/media?parent=61990"}],"wp:term":[{"taxonomy":"category","embeddable":true,"href":"https:\/\/vocesparalelas.com.ar\/sitio\/wp-json\/wp\/v2\/categories?post=61990"},{"taxonomy":"post_tag","embeddable":true,"href":"https:\/\/vocesparalelas.com.ar\/sitio\/wp-json\/wp\/v2\/tags?post=61990"}],"curies":[{"name":"wp","href":"https:\/\/api.w.org\/{rel}","templated":true}]}}