{"id":61974,"date":"2023-08-04T20:10:20","date_gmt":"2023-08-04T23:10:20","guid":{"rendered":"https:\/\/vocesparalelas.com.ar\/sitio\/?p=61974"},"modified":"2023-08-08T00:46:57","modified_gmt":"2023-08-08T03:46:57","slug":"escuchame-una-cosita-en-agosto-y-en-san-juan","status":"publish","type":"post","link":"https:\/\/vocesparalelas.com.ar\/sitio\/escuchame-una-cosita-en-agosto-y-en-san-juan\/","title":{"rendered":"Escuchame una cosita en Agosto y en San Juan"},"content":{"rendered":"<p>En Agosto siembra canciones en @escuchameunacositasj en @donatadeldesierto, el cl\u00e1sico de los Domingos ofrece m\u00fasica de autores acompa\u00f1ada de las mas exquisitas cervezas artesanales.<\/p>\n<p>Todos los Domingos, a las 20 hs. Entrada Libre y Gratuita en Av. Libertador 3311 &#8211; O &#8211; , Departamento Rivadavia.<\/p>\n<p><span style=\"color: #33cccc;\"><strong>Cronograma<\/strong><\/span><\/p>\n<ul>\n<li>06 de Agosto, Guadalupe de la Fuente &amp; Maxi Gui\u00f1azu<\/li>\n<li>13 de Agosto, Lore Esbry &amp; SG<\/li>\n<li>20 de Agosto, Luli Gon &amp; L.O.V.O<\/li>\n<li>27 de Agosto, Espina del desierto &amp;\u00a0 Ale Francavilla<\/li>\n<\/ul>\n<p>DG : @elhora &amp; @ceci_berra<\/p>\n<p>Curadur\u00eda y producci\u00f3n del ciclo: @fabricio_montilla<\/p>\n<p><img loading=\"lazy\" decoding=\"async\" class=\"alignnone size-full wp-image-59803\" src=\"https:\/\/vocesparalelas.com.ar\/sitio\/wp-content\/uploads\/2023\/06\/DONATA-01.jpg\" alt=\"\" width=\"800\" height=\"757\" srcset=\"https:\/\/vocesparalelas.com.ar\/sitio\/wp-content\/uploads\/2023\/06\/DONATA-01.jpg 800w, https:\/\/vocesparalelas.com.ar\/sitio\/wp-content\/uploads\/2023\/06\/DONATA-01-300x284.jpg 300w, https:\/\/vocesparalelas.com.ar\/sitio\/wp-content\/uploads\/2023\/06\/DONATA-01-768x727.jpg 768w\" sizes=\"auto, (max-width: 800px) 100vw, 800px\" \/><\/p>\n","protected":false},"excerpt":{"rendered":"<p>En Agosto siembra canciones en @escuchameunacositasj en @donatadeldesierto, el cl\u00e1sico de los Domingos ofrece m\u00fasica de autores acompa\u00f1ada de las<\/p>\n","protected":false},"author":3,"featured_media":61977,"comment_status":"closed","ping_status":"closed","sticky":false,"template":"","format":"standard","meta":{"_acf_changed":false,"_seopress_robots_primary_cat":"none","_seopress_titles_title":"","_seopress_titles_desc":"","_seopress_robots_index":"","colormag_page_container_layout":"default_layout","colormag_page_sidebar_layout":"default_layout","footnotes":""},"categories":[20],"tags":[],"class_list":["post-61974","post","type-post","status-publish","format-standard","has-post-thumbnail","hentry","category-cartelera"],"acf":[],"_links":{"self":[{"href":"https:\/\/vocesparalelas.com.ar\/sitio\/wp-json\/wp\/v2\/posts\/61974","targetHints":{"allow":["GET"]}}],"collection":[{"href":"https:\/\/vocesparalelas.com.ar\/sitio\/wp-json\/wp\/v2\/posts"}],"about":[{"href":"https:\/\/vocesparalelas.com.ar\/sitio\/wp-json\/wp\/v2\/types\/post"}],"author":[{"embeddable":true,"href":"https:\/\/vocesparalelas.com.ar\/sitio\/wp-json\/wp\/v2\/users\/3"}],"replies":[{"embeddable":true,"href":"https:\/\/vocesparalelas.com.ar\/sitio\/wp-json\/wp\/v2\/comments?post=61974"}],"version-history":[{"count":1,"href":"https:\/\/vocesparalelas.com.ar\/sitio\/wp-json\/wp\/v2\/posts\/61974\/revisions"}],"predecessor-version":[{"id":61978,"href":"https:\/\/vocesparalelas.com.ar\/sitio\/wp-json\/wp\/v2\/posts\/61974\/revisions\/61978"}],"wp:featuredmedia":[{"embeddable":true,"href":"https:\/\/vocesparalelas.com.ar\/sitio\/wp-json\/wp\/v2\/media\/61977"}],"wp:attachment":[{"href":"https:\/\/vocesparalelas.com.ar\/sitio\/wp-json\/wp\/v2\/media?parent=61974"}],"wp:term":[{"taxonomy":"category","embeddable":true,"href":"https:\/\/vocesparalelas.com.ar\/sitio\/wp-json\/wp\/v2\/categories?post=61974"},{"taxonomy":"post_tag","embeddable":true,"href":"https:\/\/vocesparalelas.com.ar\/sitio\/wp-json\/wp\/v2\/tags?post=61974"}],"curies":[{"name":"wp","href":"https:\/\/api.w.org\/{rel}","templated":true}]}}