{"id":61940,"date":"2023-08-04T01:19:41","date_gmt":"2023-08-04T04:19:41","guid":{"rendered":"https:\/\/vocesparalelas.com.ar\/sitio\/?p=61940"},"modified":"2023-08-04T01:21:47","modified_gmt":"2023-08-04T04:21:47","slug":"san-juan-sede-de-dos-congresos-nacionales-de-contadurias-generales","status":"publish","type":"post","link":"https:\/\/vocesparalelas.com.ar\/sitio\/san-juan-sede-de-dos-congresos-nacionales-de-contadurias-generales\/","title":{"rendered":"San Juan sede de dos Congresos Nacionales de Contadur\u00edas Generales"},"content":{"rendered":"<p>En San Juan, el 6, 7 y 8 de Septiembre de 2023 se desarrolla el XXXVI Congreso Nacional de Contadur\u00edas Generales y la XVII Jornada Nacional de Responsables de Contrataciones P\u00fablicas.<\/p>\n<p>Los encargados de la organizaci\u00f3n son la\u00a0Contadur\u00eda General de la Provincia de San Juan\u00a0(CGP) y la\u00a0Oficina Central de Contrataciones\u00a0(OCC), ambas reparticiones pertenecientes al\u00a0Ministerio de Hacienda y Finanzas del Gobierno de San Juan.<\/p>\n<p>Las pre-inscripciones ya comenzaron y los interesados tienen tiempo hasta el 15 de Agosto. Ambos congresos est\u00e1n dirigidos a las \u00e1reas contables y Responsables de Compras del sector p\u00fablico municipal, provincial y nacional.<\/p>\n<p><strong><span style=\"color: #ff0000;\">Para poder preinscribirse, es necesario ingresar a\u00a0<\/span><\/strong><\/p>\n<p><a href=\"https:\/\/xxxvicongresonacionaldecontaduriasgenerales2023.dguiaf-gcba.gov.ar\/\">https:\/\/xxxvicongresonacionaldecontaduriasgenerales2023.dguiaf-gcba.gov.ar\/<\/a><\/p>\n<p>Donde puede seleccionar alguna de las dos jornadas o a ambas.<\/p>\n<h3>Cronograma de actividades<\/h3>\n<p>El mi\u00e9rcoles 6 de septiembre comienzan las actividades de ambas jornadas, en el Auditorio Eloy Camus del Centro C\u00edvico. Sobre las 9, ser\u00e1n las acreditaciones y a las 10 se realizar\u00e1 el acto de apertura.<\/p>\n<p>El jueves 7 de septiembre continuar\u00e1n las actividades, pero ser\u00e1n en el Auditorio del Parque Anchipurac. La primera charla iniciar\u00e1 sobre las 9:30 horas y finalizar\u00e1n a las 14 horas.<\/p>\n<p>Finalmente, el viernes 8 de septiembre, finalizan los congresos de4 la siguiente manera: la Contadur\u00eda General de la Provincia seguir\u00e1 con las exposiciones en el Auditorio Emar Acosta, ubicado en el edificio anexo de la Legislatura Provincial; mientras que la Oficina Central de Contrataciones, en el Auditorio del Teatro del Bicentenario; desde las 9 horas y hasta las 13.<\/p>\n<p>Entre los expositores se destacan: Andreas Bergmann, proveniente Suiza y asesor del FMI, BID e IFAC, los Contadores Generales de algunas provincias y representantes del Banco Interamericano de Desarrollo, entre otros.<\/p>\n<p>Para finalizar, es importante destacar que el trabajo interdisciplinario que caracteriza al Ministerio de Hacienda y Finanzas permiti\u00f3 que sea la primera vez que los dos \u00f3rganos de control (la CGP y la OCC) realicen en conjunto ambos congresos.<\/p>\n<p><strong><span style=\"color: #ff0000;\">Programa<\/span><\/strong><\/p>\n<p><strong><span style=\"color: #ff0000;\">Mi\u00e9rcoles, 06 de Septiembre, en el Auditorio Eloy P Camus, del Centro C\u00edvico<\/span><\/strong><\/p>\n<ul>\n<li>9:00 Hs-Acreditaciones<\/li>\n<li>10:00 Hs &#8211; Acto de Apertura del Congreso<\/li>\n<li>11:00 Hs &#8211; \u00abInteligencia Artificial en la gesti\u00f3n y control para el Sector P\u00fablico\u00bb Dr. Juan Corval\u00e1n<\/li>\n<li>11:45 Hs &#8211; \u00abInformaci\u00f3n Financiera relacionada a la sostenibilidad\u00bb Dr. Andreas Bergmann &#8211; Universidad de Zurich &#8211; Asesor FMI, BID e IFAC<\/li>\n<\/ul>\n<p><strong><span style=\"color: #ff0000;\">Jueves, 07 de Septiembre, Auditorio Parque Anchipurac<\/span><\/strong><\/p>\n<ul>\n<li>9:30 Hs- \u00abInteroperabilidad de Sistemas\u00bb, representantes del Banco Interamericano de Desarrollo<\/li>\n<li>10:30 Hs &#8211; \u00abLos casos del Ecosistema de Integrabilidad Federal y Blockchain Federal\u00bb &#8211; Universidad Nacional de San Martin<\/li>\n<li>11:30 Hs &#8211; \u00abInteligencia artificial en los sistemas de contabilidad\u00bb, representantes Banco Interamericano de Desarrollo 12:30 Hs &#8211; \u00abDesaf\u00edos para la gesti\u00f3n p\u00fablica: medici\u00f3n y revelaci\u00f3n de su desempe\u00f1o sustentable\u00bb &#8211; Dra. Graciela Scavone, U.B.A.<\/li>\n<li>13:00 Hs-Panel de concientizaci\u00f3n: \u00abProyectos Sustentables\u00bb -Tucum\u00e1n.<\/li>\n<\/ul>\n<p><strong><span style=\"color: #ff0000;\">Viernes, 08 de Septiembre, Auditorio Emar Acosta, anexo de la Legislatura<\/span><\/strong><\/p>\n<ul>\n<li>9:00 Hs &#8211; \u00abUna mirada de la realidad del control de la Hacienda P\u00fablica\u00bb &#8211; CPN Sosa, Jos\u00e9 F\u00e9lix<\/li>\n<li>9:30 Hs &#8211; \u00abControl y Seguimiento de la Obra P\u00fablica\u00bb &#8211; Ing. Tello, Roberto &#8211; San Juan<\/li>\n<li>10:00 Hs &#8211; \u00abInforme Ciudadano\u00bb &#8211; Comisi\u00f3n de Estudios de ACGRA<\/li>\n<li>10:30 Hs-\u00abCuenta de Inversi\u00f3n: an\u00e1lisis de la realidad de las provincias\u00bb &#8211; Asociaci\u00f3n Argentina de Profesores Universitarios de Contabilidad P\u00fablica.<\/li>\n<li>11:30 Hs-Panel: \u00abProblem\u00e1ticas en la Readecuaci\u00f3n de Precios\u00bb<\/li>\n<li>12:15 Hs &#8211; \u00abHerramientas de Big Data: caso pr\u00e1ctico\u00bb &#8211; CPN Barrionuevo Vanina &#8211; Neuqu\u00e9n 12:45 Hs &#8211; \u00abEsquema AIF base caja y el EFE contable\u00bb &#8211; CPN Mat\u00edas Carpanzano, CPN C\u00e9sar L\u00f3pez, Mg. Luciana Tombolato &#8211; Santa Fe<\/li>\n<\/ul>\n<p><img loading=\"lazy\" decoding=\"async\" class=\"alignnone size-full wp-image-59964\" src=\"https:\/\/vocesparalelas.com.ar\/sitio\/wp-content\/uploads\/2023\/06\/BANDERA-SAN-JUAN.jpg\" alt=\"\" width=\"800\" height=\"600\" srcset=\"https:\/\/vocesparalelas.com.ar\/sitio\/wp-content\/uploads\/2023\/06\/BANDERA-SAN-JUAN.jpg 800w, https:\/\/vocesparalelas.com.ar\/sitio\/wp-content\/uploads\/2023\/06\/BANDERA-SAN-JUAN-300x225.jpg 300w, https:\/\/vocesparalelas.com.ar\/sitio\/wp-content\/uploads\/2023\/06\/BANDERA-SAN-JUAN-768x576.jpg 768w\" sizes=\"auto, (max-width: 800px) 100vw, 800px\" \/><\/p>\n<p>&nbsp;<\/p>\n","protected":false},"excerpt":{"rendered":"<p>En San Juan, el 6, 7 y 8 de Septiembre de 2023 se desarrolla el XXXVI Congreso Nacional de Contadur\u00edas<\/p>\n","protected":false},"author":3,"featured_media":30577,"comment_status":"closed","ping_status":"closed","sticky":false,"template":"","format":"standard","meta":{"_acf_changed":false,"_seopress_robots_primary_cat":"none","_seopress_titles_title":"","_seopress_titles_desc":"","_seopress_robots_index":"","colormag_page_container_layout":"default_layout","colormag_page_sidebar_layout":"default_layout","footnotes":""},"categories":[1],"tags":[],"class_list":["post-61940","post","type-post","status-publish","format-standard","has-post-thumbnail","hentry","category-destacadas"],"acf":[],"_links":{"self":[{"href":"https:\/\/vocesparalelas.com.ar\/sitio\/wp-json\/wp\/v2\/posts\/61940","targetHints":{"allow":["GET"]}}],"collection":[{"href":"https:\/\/vocesparalelas.com.ar\/sitio\/wp-json\/wp\/v2\/posts"}],"about":[{"href":"https:\/\/vocesparalelas.com.ar\/sitio\/wp-json\/wp\/v2\/types\/post"}],"author":[{"embeddable":true,"href":"https:\/\/vocesparalelas.com.ar\/sitio\/wp-json\/wp\/v2\/users\/3"}],"replies":[{"embeddable":true,"href":"https:\/\/vocesparalelas.com.ar\/sitio\/wp-json\/wp\/v2\/comments?post=61940"}],"version-history":[{"count":1,"href":"https:\/\/vocesparalelas.com.ar\/sitio\/wp-json\/wp\/v2\/posts\/61940\/revisions"}],"predecessor-version":[{"id":61943,"href":"https:\/\/vocesparalelas.com.ar\/sitio\/wp-json\/wp\/v2\/posts\/61940\/revisions\/61943"}],"wp:featuredmedia":[{"embeddable":true,"href":"https:\/\/vocesparalelas.com.ar\/sitio\/wp-json\/wp\/v2\/media\/30577"}],"wp:attachment":[{"href":"https:\/\/vocesparalelas.com.ar\/sitio\/wp-json\/wp\/v2\/media?parent=61940"}],"wp:term":[{"taxonomy":"category","embeddable":true,"href":"https:\/\/vocesparalelas.com.ar\/sitio\/wp-json\/wp\/v2\/categories?post=61940"},{"taxonomy":"post_tag","embeddable":true,"href":"https:\/\/vocesparalelas.com.ar\/sitio\/wp-json\/wp\/v2\/tags?post=61940"}],"curies":[{"name":"wp","href":"https:\/\/api.w.org\/{rel}","templated":true}]}}