{"id":61930,"date":"2023-08-03T21:25:10","date_gmt":"2023-08-04T00:25:10","guid":{"rendered":"https:\/\/vocesparalelas.com.ar\/sitio\/?p=61930"},"modified":"2023-08-04T00:38:19","modified_gmt":"2023-08-04T03:38:19","slug":"medicos-capacitados-en-eeuu-se-incorporan-al-hospital-dr-marcial-quiroga","status":"publish","type":"post","link":"https:\/\/vocesparalelas.com.ar\/sitio\/medicos-capacitados-en-eeuu-se-incorporan-al-hospital-dr-marcial-quiroga\/","title":{"rendered":"M\u00e9dicos capacitados en EEUU se incorporan al Hospital Dr. Marcial Quiroga"},"content":{"rendered":"<p>En respuesta al d\u00e9ficit de profesionales de especialidades m\u00e9dicas, la ministra de Salud, Alejandra Venerando, se reuni\u00f3 con profesionales m\u00e9dicos especializados en Estados Unidos con el objetivo de dialogar sobre su incorporaci\u00f3n al sistema de salud provincial.<\/p>\n<p>La Provincia de San Juan, a trav\u00e9s del Ministerio de Salud, realiz\u00f3 una convocatoria a nivel nacional para la incorporaci\u00f3n al sistema p\u00fablico de salud de profesionales m\u00e9dicos especializados, con el objetivo de dar respuesta a las necesidades del d\u00e9ficit de profesionales especializados que se est\u00e1 vivenciando a nivel nacional y mundial.<\/p>\n<p>En sede del Ministerio de Salud, la ministra Dr. Alejandra Venerando acompa\u00f1ada por el secretario t\u00e9cnico, Dr. Juan Pablo Pacheco y la secretaria de Planificaci\u00f3n, Dra. Alina Almaz\u00e1n, se reunieron con el Dr. Alejandro Mercado y la Dra. Mar\u00eda Sol Arancibia, quienes se formaron en Estados Unidos como m\u00e9dico neurocirujano y m\u00e9dica terapista, respectivamente, para formar parte del sistema de salud provincial.<\/p>\n<p>La Dra. Alejandra Venerando agradeci\u00f3 a los profesionales por elegir San Juan para continuar con su profesi\u00f3n y por sumar al sistema de salud provincial especialidades que son tan requeridas por la poblaci\u00f3n de San Juan, resaltando que se van a incorporar nueve profesionales m\u00e9dicos de diferentes especialidades, esto es, pediatr\u00eda, terapia intensiva, neurocirug\u00eda, ginecolog\u00eda, psiquiatr\u00eda, gastroenterolog\u00eda, entre otras.<\/p>\n<p>\u201cEsta respuesta es gracias a la convocatoria de profesionales m\u00e9dicos que se est\u00e1 comunicando hace unos meses, teniendo en cuenta el diagn\u00f3stico que se realiz\u00f3 en base al Plan Estrat\u00e9gico de Salud, donde uno de los ejes es el Recurso Humano\u201d, se\u00f1al\u00f3 la ministra.<\/p>\n<p>El Dr. Alejandro Mercado, m\u00e9dico sanjuanino que realiz\u00f3 su residencia m\u00e9dica en la ciudad aut\u00f3noma de Buenos Aires y luego, viaj\u00f3 a Estados Unidos a especializarse en cirug\u00eda compleja de columna vertebral y en cirug\u00eda de tumores, manifest\u00f3 que \u00abdurante la pandemia recib\u00ed una oferta de distintas universidades de Estados Unidos para poder seguir perfeccion\u00e1ndome y pude realizar mi especializaci\u00f3n en cirug\u00eda de columna en Denver y la especializaci\u00f3n en tumores cerebrales en Cleveland Clinic. Luego hice otra investigaci\u00f3n en la Universidad de Cincinnati y la primera rotaci\u00f3n fue en Clivell &amp; Klin, con el objetivo de trabajar en la provincia de San Juan e intentar volcar todo lo aprendido durante estos a\u00f1os\u201d.<\/p>\n<p>El especialista indic\u00f3 que \u201cvarias provincias nos brindaron distintas ofertas laborales, pero concretamente San Juan fue la propuesta m\u00e1s s\u00f3lida y nosotros tambi\u00e9n analizamos m\u00e1s all\u00e1 de la propuesta laboral, el desarrollo que ha tenido la salud en San Juan a lo largo de estos \u00faltimos diez a\u00f1os, ha sido tremendamente exponencial y eso genera confianza al margen de la formaci\u00f3n acad\u00e9mica que uno tiene\u201d.<\/p>\n<p>La Dra. Mar\u00eda Sol Arancibia es de Buenos Aires, se recibi\u00f3 en la UBA y realiz\u00f3 su especializaci\u00f3n en el Hospital Militar de Buenos Aires para luego realizar las subespecialidades dentro de la terapia intensiva en lo que es el cuidado del paciente neurocr\u00edtico en tres oportunidades. Dos en la Cleveland Clinic y una de un a\u00f1o entero en la Universidad de Cincinnati, en el Hospital Universitario.<\/p>\n<p>\u201cEstoy formada en cuidados cr\u00edticos generales y las subespecializaciones en neurointensivismo; la idea es organizar y crear el servicio de neurocirug\u00eda junto con el apoyo de los cuidados cr\u00edticos del paciente neurointensivo\u201d, dijo la profesional.<\/p>\n<p>\u201cA diferencia de otras provincias que es muy dif\u00edcil contar con unidades de terapia intensiva con m\u00e1s del setenta por ciento de los profesionales especialistas en terapia intensiva, San Juan re\u00fane ese criterio. Tengo entendido que la mayor\u00eda de los m\u00e9dicos que trabajan en las unidades de terapia intensiva son especialistas y eso hace una diferencia muy importante en c\u00f3mo evolucionan los pacientes, en c\u00f3mo evolucionan los pacientes al final de su patolog\u00eda. No es lo mismo tener en una unidad de terapia intensiva m\u00e9dicos generalistas o que no hayan hecho terapia intensiva como especialidad, que tener todos o la mayor\u00eda de los m\u00e9dicos especialistas. En el desarrollo y la evoluci\u00f3n de los pacientes se nota la diferencia, me voy a unir al equipo que ya est\u00e1 conformado\u201d, finaliz\u00f3 Arancibia.<\/p>\n<p>Actualmente la provincia cuenta con 164 centros de atenci\u00f3n primaria distribuidos en la provincia, y 17 hospitales departamentales esto justifica el aumento en la cantidad de profesionales m\u00e9dicos que se desempe\u00f1an en el \u00e1mbito P\u00fablico que seg\u00fan fuente REFEPS SISA registra los siguientes datos por a\u00f1o<\/p>\n<p>N\u00famero de m\u00e9dicos seg\u00fan REFEPS<\/p>\n<ul>\n<li>2017:1.536<\/li>\n<li>2018: 1.583<\/li>\n<li>2019: 1733<\/li>\n<li>2020: 2086<\/li>\n<li>2021: 2156<\/li>\n<\/ul>\n<p><img loading=\"lazy\" decoding=\"async\" class=\"alignnone size-full wp-image-50515\" src=\"https:\/\/vocesparalelas.com.ar\/sitio\/wp-content\/uploads\/2022\/07\/HMQ-FRENTE.jpg\" alt=\"\" width=\"800\" height=\"600\" srcset=\"https:\/\/vocesparalelas.com.ar\/sitio\/wp-content\/uploads\/2022\/07\/HMQ-FRENTE.jpg 800w, https:\/\/vocesparalelas.com.ar\/sitio\/wp-content\/uploads\/2022\/07\/HMQ-FRENTE-300x225.jpg 300w, https:\/\/vocesparalelas.com.ar\/sitio\/wp-content\/uploads\/2022\/07\/HMQ-FRENTE-768x576.jpg 768w\" sizes=\"auto, (max-width: 800px) 100vw, 800px\" \/><\/p>\n","protected":false},"excerpt":{"rendered":"<p>En respuesta al d\u00e9ficit de profesionales de especialidades m\u00e9dicas, la ministra de Salud, Alejandra Venerando, se reuni\u00f3 con profesionales m\u00e9dicos<\/p>\n","protected":false},"author":3,"featured_media":61933,"comment_status":"closed","ping_status":"closed","sticky":false,"template":"","format":"standard","meta":{"_acf_changed":false,"_seopress_robots_primary_cat":"none","_seopress_titles_title":"","_seopress_titles_desc":"","_seopress_robots_index":"","colormag_page_container_layout":"default_layout","colormag_page_sidebar_layout":"default_layout","footnotes":""},"categories":[1],"tags":[],"class_list":["post-61930","post","type-post","status-publish","format-standard","has-post-thumbnail","hentry","category-destacadas"],"acf":[],"_links":{"self":[{"href":"https:\/\/vocesparalelas.com.ar\/sitio\/wp-json\/wp\/v2\/posts\/61930","targetHints":{"allow":["GET"]}}],"collection":[{"href":"https:\/\/vocesparalelas.com.ar\/sitio\/wp-json\/wp\/v2\/posts"}],"about":[{"href":"https:\/\/vocesparalelas.com.ar\/sitio\/wp-json\/wp\/v2\/types\/post"}],"author":[{"embeddable":true,"href":"https:\/\/vocesparalelas.com.ar\/sitio\/wp-json\/wp\/v2\/users\/3"}],"replies":[{"embeddable":true,"href":"https:\/\/vocesparalelas.com.ar\/sitio\/wp-json\/wp\/v2\/comments?post=61930"}],"version-history":[{"count":1,"href":"https:\/\/vocesparalelas.com.ar\/sitio\/wp-json\/wp\/v2\/posts\/61930\/revisions"}],"predecessor-version":[{"id":61934,"href":"https:\/\/vocesparalelas.com.ar\/sitio\/wp-json\/wp\/v2\/posts\/61930\/revisions\/61934"}],"wp:featuredmedia":[{"embeddable":true,"href":"https:\/\/vocesparalelas.com.ar\/sitio\/wp-json\/wp\/v2\/media\/61933"}],"wp:attachment":[{"href":"https:\/\/vocesparalelas.com.ar\/sitio\/wp-json\/wp\/v2\/media?parent=61930"}],"wp:term":[{"taxonomy":"category","embeddable":true,"href":"https:\/\/vocesparalelas.com.ar\/sitio\/wp-json\/wp\/v2\/categories?post=61930"},{"taxonomy":"post_tag","embeddable":true,"href":"https:\/\/vocesparalelas.com.ar\/sitio\/wp-json\/wp\/v2\/tags?post=61930"}],"curies":[{"name":"wp","href":"https:\/\/api.w.org\/{rel}","templated":true}]}}