{"id":61926,"date":"2023-08-03T21:17:00","date_gmt":"2023-08-04T00:17:00","guid":{"rendered":"https:\/\/vocesparalelas.com.ar\/sitio\/?p=61926"},"modified":"2023-08-05T00:16:54","modified_gmt":"2023-08-05T03:16:54","slug":"taller-gozar-es-tan-parecido-al-amor-en-el-cccg-de-san-juan","status":"publish","type":"post","link":"https:\/\/vocesparalelas.com.ar\/sitio\/taller-gozar-es-tan-parecido-al-amor-en-el-cccg-de-san-juan\/","title":{"rendered":"Taller \u00abGozar es tan parecido al amor\u00bb en el CCCG de San Juan"},"content":{"rendered":"<p>El Centro Cultural Conte Grand del Ministerio de Turismo y Cultura del Gobierno de San Juan, invita a participar del taller de pr\u00e1cticas p\u00fablicas \u00abGozar es tan parecido al amor\u00bb, el Mi\u00e9rcoles, 9 de Agosto, desde las 20 hasta las 21:30 hs. a cargo de las artistas Julia De Nardi y Giselle Slavutzky.<\/p>\n<p>Las bailarinas ofrecen una experiencia \u00fanica y enriquecedora para los participantes, ya que, fusionan sus distintas visiones art\u00edsticas. Mientras que Julia aporta su enfoque sobre el cuerpo en el suelo, el espacio y la improvisaci\u00f3n, Giselle presenta su expertise en danzas populares, con un amor particular por la cumbia y la m\u00fasica de los a\u00f1os 90.<\/p>\n<p>La propuesta de ambas artistas consiste en una pr\u00e1ctica de movimiento que se basa en pautas establecidas previamente. Estas pautas servir\u00e1n como disparadores para generar estados y composiciones tanto individuales como colectivas. A trav\u00e9s de esta din\u00e1mica, los participantes podr\u00e1n experimentar el goce personal y compartirlo con otros, adentr\u00e1ndose en la interdisciplina y explorando las fronteras que separan los distintos c\u00f3digos de la danza contempor\u00e1nea y el twerk.<\/p>\n<p>El taller es gratuito y sin inscripci\u00f3n previa. Es una oportunidad para que los asistentes exploren sus capacidades creativas, brind\u00e1ndoles la libertad de moverse y expresarse a trav\u00e9s del lenguaje del cuerpo.<\/p>\n<p><img loading=\"lazy\" decoding=\"async\" class=\"alignnone size-large wp-image-22523\" src=\"https:\/\/vocesparalelas.com.ar\/sitio\/wp-content\/uploads\/2019\/07\/CENTRO-CULTURAL-CONTE-GRAND-800x601.jpg\" alt=\"\" width=\"800\" height=\"601\" srcset=\"https:\/\/vocesparalelas.com.ar\/sitio\/wp-content\/uploads\/2019\/07\/CENTRO-CULTURAL-CONTE-GRAND-800x601.jpg 800w, https:\/\/vocesparalelas.com.ar\/sitio\/wp-content\/uploads\/2019\/07\/CENTRO-CULTURAL-CONTE-GRAND-300x225.jpg 300w, https:\/\/vocesparalelas.com.ar\/sitio\/wp-content\/uploads\/2019\/07\/CENTRO-CULTURAL-CONTE-GRAND-768x577.jpg 768w, https:\/\/vocesparalelas.com.ar\/sitio\/wp-content\/uploads\/2019\/07\/CENTRO-CULTURAL-CONTE-GRAND.jpg 1000w\" sizes=\"auto, (max-width: 800px) 100vw, 800px\" \/><\/p>\n<p>&nbsp;<\/p>\n","protected":false},"excerpt":{"rendered":"<p>El Centro Cultural Conte Grand del Ministerio de Turismo y Cultura del Gobierno de San Juan, invita a participar del<\/p>\n","protected":false},"author":3,"featured_media":37258,"comment_status":"closed","ping_status":"closed","sticky":false,"template":"","format":"standard","meta":{"_acf_changed":false,"_seopress_robots_primary_cat":"none","_seopress_titles_title":"","_seopress_titles_desc":"","_seopress_robots_index":"","colormag_page_container_layout":"default_layout","colormag_page_sidebar_layout":"default_layout","footnotes":""},"categories":[9],"tags":[],"class_list":["post-61926","post","type-post","status-publish","format-standard","has-post-thumbnail","hentry","category-cursos"],"acf":[],"_links":{"self":[{"href":"https:\/\/vocesparalelas.com.ar\/sitio\/wp-json\/wp\/v2\/posts\/61926","targetHints":{"allow":["GET"]}}],"collection":[{"href":"https:\/\/vocesparalelas.com.ar\/sitio\/wp-json\/wp\/v2\/posts"}],"about":[{"href":"https:\/\/vocesparalelas.com.ar\/sitio\/wp-json\/wp\/v2\/types\/post"}],"author":[{"embeddable":true,"href":"https:\/\/vocesparalelas.com.ar\/sitio\/wp-json\/wp\/v2\/users\/3"}],"replies":[{"embeddable":true,"href":"https:\/\/vocesparalelas.com.ar\/sitio\/wp-json\/wp\/v2\/comments?post=61926"}],"version-history":[{"count":1,"href":"https:\/\/vocesparalelas.com.ar\/sitio\/wp-json\/wp\/v2\/posts\/61926\/revisions"}],"predecessor-version":[{"id":61929,"href":"https:\/\/vocesparalelas.com.ar\/sitio\/wp-json\/wp\/v2\/posts\/61926\/revisions\/61929"}],"wp:featuredmedia":[{"embeddable":true,"href":"https:\/\/vocesparalelas.com.ar\/sitio\/wp-json\/wp\/v2\/media\/37258"}],"wp:attachment":[{"href":"https:\/\/vocesparalelas.com.ar\/sitio\/wp-json\/wp\/v2\/media?parent=61926"}],"wp:term":[{"taxonomy":"category","embeddable":true,"href":"https:\/\/vocesparalelas.com.ar\/sitio\/wp-json\/wp\/v2\/categories?post=61926"},{"taxonomy":"post_tag","embeddable":true,"href":"https:\/\/vocesparalelas.com.ar\/sitio\/wp-json\/wp\/v2\/tags?post=61926"}],"curies":[{"name":"wp","href":"https:\/\/api.w.org\/{rel}","templated":true}]}}