{"id":61913,"date":"2023-08-03T22:31:49","date_gmt":"2023-08-04T01:31:49","guid":{"rendered":"https:\/\/vocesparalelas.com.ar\/sitio\/?p=61913"},"modified":"2023-08-05T01:11:55","modified_gmt":"2023-08-05T04:11:55","slug":"variadas-propuestas-musicales-en-el-auditorio-juan-victoria-en-san-juan","status":"publish","type":"post","link":"https:\/\/vocesparalelas.com.ar\/sitio\/variadas-propuestas-musicales-en-el-auditorio-juan-victoria-en-san-juan\/","title":{"rendered":"Variadas propuestas musicales en el Auditorio Juan Victoria en San Juan"},"content":{"rendered":"<p>El Auditorio Juan Victoria del Ministerio de Turismo y Cultura del Gobierno de San Juan, se prepara para recibir a los amantes de la m\u00fasica cl\u00e1sica y latinoamericana con una variada programaci\u00f3n para estos d\u00edas.<\/p>\n<p><strong><span style=\"color: #339966;\">Programa<\/span><\/strong><\/p>\n<ul>\n<li>Martes, 4 de Agosto, a las 21:30 hs, la Orquesta Sinf\u00f3nica de San Juan presenta \u201cGustav Mahler\u201d, una interpretaci\u00f3n de la Sinfon\u00eda n\u00b0 5 en Do# menor. El concierto cuenta con la participaci\u00f3n especial de corno obligatto, a cargo de Atahualpa Vegas, en lo que marca la primera audici\u00f3n en la provincia de San Juan. Bajo la direcci\u00f3n del Maestro Emir Saul, se espera una noche de m\u00fasica sublime y emocionante.<\/li>\n<li>Domingo, 6 de Agosto, a las 21 hs.; Concierto \u00abSem Blast Project de M\u00fasica Latinoamericana\u00bb con la participaci\u00f3n de Alejandra S\u00e1ez al piano, Ricardo Z\u00fa\u00f1iga en el contrabajo, Isaac Casal en el violonchelo y Luis Casal en el viol\u00edn. Esta oportunidad promete una variedad de g\u00e9neros latinoamericanos interpretados magistralmente por los m\u00fasicos.<\/li>\n<li>Mi\u00e9rcoles, 9 de Agosto, a las 21 hs., el Centro de Creaci\u00f3n Art\u00edstica Orquestal presenta \u00abLa Sala Trio\u00bb en el marco del ciclo de m\u00fasica de c\u00e1mara. Los talentosos artistas Sandra Salas en el canto, Fabricio Yanadel en la flauta traversa y Luis Melicchio al piano, se unen para ofrecer una selecci\u00f3n de m\u00fasica argentina de reconocidos compositores como Carlos Guastavino, \u00c1ngel Lasala y Manuel L\u00f3pez Carrillo.<\/li>\n<\/ul>\n<p><img loading=\"lazy\" decoding=\"async\" class=\"alignnone size-large wp-image-4322\" src=\"https:\/\/vocesparalelas.com.ar\/sitio\/wp-content\/uploads\/2017\/08\/SALA-AUDITORIO-3-800x600.jpg\" alt=\"\" width=\"800\" height=\"600\" srcset=\"https:\/\/vocesparalelas.com.ar\/sitio\/wp-content\/uploads\/2017\/08\/SALA-AUDITORIO-3-800x600.jpg 800w, https:\/\/vocesparalelas.com.ar\/sitio\/wp-content\/uploads\/2017\/08\/SALA-AUDITORIO-3-300x225.jpg 300w, https:\/\/vocesparalelas.com.ar\/sitio\/wp-content\/uploads\/2017\/08\/SALA-AUDITORIO-3-768x576.jpg 768w, https:\/\/vocesparalelas.com.ar\/sitio\/wp-content\/uploads\/2017\/08\/SALA-AUDITORIO-3.jpg 1024w\" sizes=\"auto, (max-width: 800px) 100vw, 800px\" \/><\/p>\n","protected":false},"excerpt":{"rendered":"<p>El Auditorio Juan Victoria del Ministerio de Turismo y Cultura del Gobierno de San Juan, se prepara para recibir a<\/p>\n","protected":false},"author":3,"featured_media":61468,"comment_status":"closed","ping_status":"closed","sticky":false,"template":"","format":"standard","meta":{"_acf_changed":false,"_seopress_robots_primary_cat":"none","_seopress_titles_title":"","_seopress_titles_desc":"","_seopress_robots_index":"","colormag_page_container_layout":"default_layout","colormag_page_sidebar_layout":"default_layout","footnotes":""},"categories":[20],"tags":[],"class_list":["post-61913","post","type-post","status-publish","format-standard","has-post-thumbnail","hentry","category-cartelera"],"acf":[],"_links":{"self":[{"href":"https:\/\/vocesparalelas.com.ar\/sitio\/wp-json\/wp\/v2\/posts\/61913","targetHints":{"allow":["GET"]}}],"collection":[{"href":"https:\/\/vocesparalelas.com.ar\/sitio\/wp-json\/wp\/v2\/posts"}],"about":[{"href":"https:\/\/vocesparalelas.com.ar\/sitio\/wp-json\/wp\/v2\/types\/post"}],"author":[{"embeddable":true,"href":"https:\/\/vocesparalelas.com.ar\/sitio\/wp-json\/wp\/v2\/users\/3"}],"replies":[{"embeddable":true,"href":"https:\/\/vocesparalelas.com.ar\/sitio\/wp-json\/wp\/v2\/comments?post=61913"}],"version-history":[{"count":4,"href":"https:\/\/vocesparalelas.com.ar\/sitio\/wp-json\/wp\/v2\/posts\/61913\/revisions"}],"predecessor-version":[{"id":61919,"href":"https:\/\/vocesparalelas.com.ar\/sitio\/wp-json\/wp\/v2\/posts\/61913\/revisions\/61919"}],"wp:featuredmedia":[{"embeddable":true,"href":"https:\/\/vocesparalelas.com.ar\/sitio\/wp-json\/wp\/v2\/media\/61468"}],"wp:attachment":[{"href":"https:\/\/vocesparalelas.com.ar\/sitio\/wp-json\/wp\/v2\/media?parent=61913"}],"wp:term":[{"taxonomy":"category","embeddable":true,"href":"https:\/\/vocesparalelas.com.ar\/sitio\/wp-json\/wp\/v2\/categories?post=61913"},{"taxonomy":"post_tag","embeddable":true,"href":"https:\/\/vocesparalelas.com.ar\/sitio\/wp-json\/wp\/v2\/tags?post=61913"}],"curies":[{"name":"wp","href":"https:\/\/api.w.org\/{rel}","templated":true}]}}