{"id":61907,"date":"2023-08-03T21:16:14","date_gmt":"2023-08-04T00:16:14","guid":{"rendered":"https:\/\/vocesparalelas.com.ar\/sitio\/?p=61907"},"modified":"2023-08-05T00:17:18","modified_gmt":"2023-08-05T03:17:18","slug":"ciclo-de-microentrevistas-del-mpbafr-a-la-artista-de-san-juan-mariana-juarez","status":"publish","type":"post","link":"https:\/\/vocesparalelas.com.ar\/sitio\/ciclo-de-microentrevistas-del-mpbafr-a-la-artista-de-san-juan-mariana-juarez\/","title":{"rendered":"Ciclo de Microentrevistas del MPBAFR a la Artista de San Juan, Mariana Ju\u00e1rez"},"content":{"rendered":"<p>El Museo Provincial de Bellas Artes Franklin Rawson del Ministerio de Turismo y Cultura del Gobierno de San Juan lleva adelante el primer bloque expositivo de la presente temporada con tres interesantes propuestas art\u00edsticas, entre ellas, \u201cFalsa Tormenta\u201d, exposici\u00f3n que pertenece a la artista sanjuanina Mariana Ju\u00e1rez con curadur\u00eda de Nelson Cuello.<\/p>\n<p>La muestra re\u00fane fotograf\u00edas y esculturas, creadas desde 2011 a la actualidad, en las que la artista aborda tem\u00e1ticas como la muerte, el paso del tiempo y el misterio de lo trascendental.<\/p>\n<p>En di\u00e1logo con el Museo Franklin Rawson, Mariana Ju\u00e1rez se explaya respecto de c\u00f3mo ha influido en su producci\u00f3n art\u00edstica su participaci\u00f3n activa en espacios de autogesti\u00f3n e independientes; adem\u00e1s reflexiona acerca de su abordaje de la fotograf\u00eda desde t\u00e9cnicas experimentales.<\/p>\n<p>Microentrevistas con artistas y curadores\u00a0es un ciclo que presenta el Museo Franklin Rawson para visibilizar el trabajo de las y los hacedores culturales que exponen en salas temporales, a trav\u00e9s de una narraci\u00f3n en primera persona. En un breve relato, a trav\u00e9s de formato escrito y audiovisual, comparten detalles de la producci\u00f3n y montaje de la muestra y describen sus procesos creativos, invitando al espectador a encontrarse en vivo y directo con la obra en el museo.<\/p>\n<p>Los interesados pueden visitar la muestra de Martes a Domingo, de 12 a 20 hs.; hasta el Domingo, 6 de Agosto,<br \/>\ninclusive.<\/p>\n<p>Por otro lado, las entradas tienen un valor<\/p>\n<ul>\n<li>$200 entrada general,<\/li>\n<li>$100 jubilados y estudiantes y<\/li>\n<li>sin cargo para menores de 12 a\u00f1os.<\/li>\n<li>Domingo gratis.<\/li>\n<\/ul>\n<p><span style=\"color: #0000ff;\"><strong>La microentrevista completa la Artista de San Juan, Mariana\u00a0<\/strong><\/span><span style=\"color: #0000ff;\"><b>Ju\u00e1rez<\/b><\/span><\/p>\n<p><iframe loading=\"lazy\" title=\"Microentrevestas - Sala 3 - Mariana Juarez\" width=\"800\" height=\"450\" src=\"https:\/\/www.youtube.com\/embed\/eUcalT63iDw?feature=oembed\" frameborder=\"0\" allow=\"accelerometer; autoplay; clipboard-write; encrypted-media; gyroscope; picture-in-picture; web-share\" allowfullscreen><\/iframe><\/p>\n<figure id=\"attachment_39924\" aria-describedby=\"caption-attachment-39924\" style=\"width: 800px\" class=\"wp-caption alignnone\"><img loading=\"lazy\" decoding=\"async\" class=\"size-full wp-image-39924\" src=\"https:\/\/vocesparalelas.com.ar\/sitio\/wp-content\/uploads\/2021\/07\/MPBAFR-OBRA-02.jpg\" alt=\"\" width=\"800\" height=\"533\" srcset=\"https:\/\/vocesparalelas.com.ar\/sitio\/wp-content\/uploads\/2021\/07\/MPBAFR-OBRA-02.jpg 800w, https:\/\/vocesparalelas.com.ar\/sitio\/wp-content\/uploads\/2021\/07\/MPBAFR-OBRA-02-300x200.jpg 300w, https:\/\/vocesparalelas.com.ar\/sitio\/wp-content\/uploads\/2021\/07\/MPBAFR-OBRA-02-768x512.jpg 768w\" sizes=\"auto, (max-width: 800px) 100vw, 800px\" \/><figcaption id=\"caption-attachment-39924\" class=\"wp-caption-text\">Museo Provincial de Bellas Artes Franklin Rawson, Provincia San Juan, Rep\u00fablica Argentina<\/figcaption><\/figure>\n<p>&nbsp;<\/p>\n","protected":false},"excerpt":{"rendered":"<p>El Museo Provincial de Bellas Artes Franklin Rawson del Ministerio de Turismo y Cultura del Gobierno de San Juan lleva<\/p>\n","protected":false},"author":3,"featured_media":58286,"comment_status":"closed","ping_status":"closed","sticky":false,"template":"","format":"standard","meta":{"_acf_changed":false,"_seopress_robots_primary_cat":"none","_seopress_titles_title":"","_seopress_titles_desc":"","_seopress_robots_index":"","colormag_page_container_layout":"default_layout","colormag_page_sidebar_layout":"default_layout","footnotes":""},"categories":[10,7],"tags":[],"class_list":["post-61907","post","type-post","status-publish","format-standard","has-post-thumbnail","hentry","category-opiniones","category-videos"],"acf":[],"_links":{"self":[{"href":"https:\/\/vocesparalelas.com.ar\/sitio\/wp-json\/wp\/v2\/posts\/61907","targetHints":{"allow":["GET"]}}],"collection":[{"href":"https:\/\/vocesparalelas.com.ar\/sitio\/wp-json\/wp\/v2\/posts"}],"about":[{"href":"https:\/\/vocesparalelas.com.ar\/sitio\/wp-json\/wp\/v2\/types\/post"}],"author":[{"embeddable":true,"href":"https:\/\/vocesparalelas.com.ar\/sitio\/wp-json\/wp\/v2\/users\/3"}],"replies":[{"embeddable":true,"href":"https:\/\/vocesparalelas.com.ar\/sitio\/wp-json\/wp\/v2\/comments?post=61907"}],"version-history":[{"count":3,"href":"https:\/\/vocesparalelas.com.ar\/sitio\/wp-json\/wp\/v2\/posts\/61907\/revisions"}],"predecessor-version":[{"id":61912,"href":"https:\/\/vocesparalelas.com.ar\/sitio\/wp-json\/wp\/v2\/posts\/61907\/revisions\/61912"}],"wp:featuredmedia":[{"embeddable":true,"href":"https:\/\/vocesparalelas.com.ar\/sitio\/wp-json\/wp\/v2\/media\/58286"}],"wp:attachment":[{"href":"https:\/\/vocesparalelas.com.ar\/sitio\/wp-json\/wp\/v2\/media?parent=61907"}],"wp:term":[{"taxonomy":"category","embeddable":true,"href":"https:\/\/vocesparalelas.com.ar\/sitio\/wp-json\/wp\/v2\/categories?post=61907"},{"taxonomy":"post_tag","embeddable":true,"href":"https:\/\/vocesparalelas.com.ar\/sitio\/wp-json\/wp\/v2\/tags?post=61907"}],"curies":[{"name":"wp","href":"https:\/\/api.w.org\/{rel}","templated":true}]}}